{"id":1020,"date":"2020-10-20T13:58:58","date_gmt":"2020-10-20T11:58:58","guid":{"rendered":"https:\/\/www.sichere-steiermark.at\/?p=1020"},"modified":"2020-10-20T14:04:33","modified_gmt":"2020-10-20T12:04:33","slug":"hyundai-i30","status":"publish","type":"post","link":"https:\/\/www.sichere-steiermark.at\/?p=1020","title":{"rendered":"Hyundai i30"},"content":{"rendered":"\t\t<div data-elementor-type=\"wp-post\" data-elementor-id=\"1020\" class=\"elementor elementor-1020\" data-elementor-post-type=\"post\">\n\t\t\t\t\t\t<section class=\"elementor-section elementor-top-section elementor-element elementor-element-17e3cf5 elementor-section-boxed elementor-section-height-default elementor-section-height-default\" data-id=\"17e3cf5\" data-element_type=\"section\">\n\t\t\t\t\t\t<div class=\"elementor-container elementor-column-gap-default\">\n\t\t\t\t\t<div class=\"elementor-column elementor-col-100 elementor-top-column elementor-element elementor-element-0605228\" data-id=\"0605228\" data-element_type=\"column\">\n\t\t\t<div class=\"elementor-widget-wrap elementor-element-populated\">\n\t\t\t\t\t\t<div class=\"elementor-element elementor-element-e1ac8fe elementor-widget elementor-widget-theme-post-featured-image elementor-widget-image\" data-id=\"e1ac8fe\" data-element_type=\"widget\" data-widget_type=\"theme-post-featured-image.default\">\n\t\t\t\t<div class=\"elementor-widget-container\">\n\t\t\t\t\t\t\t\t\t\t\t\t<figure class=\"wp-caption\">\n\t\t\t\t\t\t\t\t\t\t<img fetchpriority=\"high\" decoding=\"async\" width=\"1024\" height=\"683\" src=\"https:\/\/www.sichere-steiermark.at\/wp-content\/uploads\/2020\/10\/hyundai_01-1024x683.jpg\" class=\"attachment-large size-large wp-image-1021\" alt=\"\" srcset=\"https:\/\/www.sichere-steiermark.at\/wp-content\/uploads\/2020\/10\/hyundai_01-1024x683.jpg 1024w, https:\/\/www.sichere-steiermark.at\/wp-content\/uploads\/2020\/10\/hyundai_01-300x200.jpg 300w, https:\/\/www.sichere-steiermark.at\/wp-content\/uploads\/2020\/10\/hyundai_01-768x512.jpg 768w, https:\/\/www.sichere-steiermark.at\/wp-content\/uploads\/2020\/10\/hyundai_01.jpg 1200w\" sizes=\"(max-width: 1024px) 100vw, 1024px\" \/>\t\t\t\t\t\t\t\t\t\t\t<figcaption class=\"widget-image-caption wp-caption-text\">Fotos: Hersteller Hyundai<\/figcaption>\n\t\t\t\t\t\t\t\t\t\t<\/figure>\n\t\t\t\t\t\t\t\t\t<\/div>\n\t\t\t\t<\/div>\n\t\t\t\t\t<\/div>\n\t\t<\/div>\n\t\t\t\t\t<\/div>\n\t\t<\/section>\n\t\t\t\t<section class=\"elementor-section elementor-top-section elementor-element elementor-element-a302d39 elementor-section-boxed elementor-section-height-default elementor-section-height-default\" data-id=\"a302d39\" data-element_type=\"section\">\n\t\t\t\t\t\t<div class=\"elementor-container elementor-column-gap-default\">\n\t\t\t\t\t<div class=\"elementor-column elementor-col-100 elementor-top-column elementor-element elementor-element-cccd67c\" data-id=\"cccd67c\" data-element_type=\"column\">\n\t\t\t<div class=\"elementor-widget-wrap elementor-element-populated\">\n\t\t\t\t\t\t<div class=\"elementor-element elementor-element-afa8058 elementor-pagination-position-outside elementor-widget elementor-widget-image-carousel\" data-id=\"afa8058\" data-element_type=\"widget\" data-settings=\"{&quot;slides_to_show&quot;:&quot;3&quot;,&quot;navigation&quot;:&quot;dots&quot;,&quot;autoplay&quot;:&quot;yes&quot;,&quot;pause_on_hover&quot;:&quot;yes&quot;,&quot;pause_on_interaction&quot;:&quot;yes&quot;,&quot;autoplay_speed&quot;:5000,&quot;infinite&quot;:&quot;yes&quot;,&quot;speed&quot;:500}\" data-widget_type=\"image-carousel.default\">\n\t\t\t\t<div class=\"elementor-widget-container\">\n\t\t\t\t\t\t\t<div class=\"elementor-image-carousel-wrapper swiper\" role=\"region\" aria-roledescription=\"carousel\" aria-label=\"Bild Karussell\" dir=\"ltr\">\n\t\t\t<div class=\"elementor-image-carousel swiper-wrapper\" aria-live=\"off\">\n\t\t\t\t\t\t\t\t<div class=\"swiper-slide\" role=\"group\" aria-roledescription=\"slide\" aria-label=\"1 von 4\"><a data-elementor-open-lightbox=\"yes\" data-elementor-lightbox-slideshow=\"afa8058\" data-elementor-lightbox-title=\"hyundai_05\" data-elementor-lightbox-description=\"Foto: Hersteller Hyundai\" data-e-action-hash=\"#elementor-action%3Aaction%3Dlightbox%26settings%3DeyJpZCI6MTAyNSwidXJsIjoiaHR0cHM6XC9cL3d3dy5zaWNoZXJlLXN0ZWllcm1hcmsuYXRcL3dwLWNvbnRlbnRcL3VwbG9hZHNcLzIwMjBcLzEwXC9oeXVuZGFpXzA1LmpwZyIsInNsaWRlc2hvdyI6ImFmYTgwNTgifQ%3D%3D\" href=\"https:\/\/www.sichere-steiermark.at\/wp-content\/uploads\/2020\/10\/hyundai_05.jpg\"><figure class=\"swiper-slide-inner\"><img decoding=\"async\" class=\"swiper-slide-image\" src=\"https:\/\/www.sichere-steiermark.at\/wp-content\/uploads\/2020\/10\/hyundai_05-300x200.jpg\" alt=\"Foto: Hersteller Hyundai\" \/><\/figure><\/a><\/div><div class=\"swiper-slide\" role=\"group\" aria-roledescription=\"slide\" aria-label=\"2 von 4\"><a data-elementor-open-lightbox=\"yes\" data-elementor-lightbox-slideshow=\"afa8058\" data-elementor-lightbox-title=\"hyundai_02\" data-elementor-lightbox-description=\"Foto: Hersteller Hyundai\" data-e-action-hash=\"#elementor-action%3Aaction%3Dlightbox%26settings%3DeyJpZCI6MTAyMiwidXJsIjoiaHR0cHM6XC9cL3d3dy5zaWNoZXJlLXN0ZWllcm1hcmsuYXRcL3dwLWNvbnRlbnRcL3VwbG9hZHNcLzIwMjBcLzEwXC9oeXVuZGFpXzAyLmpwZyIsInNsaWRlc2hvdyI6ImFmYTgwNTgifQ%3D%3D\" href=\"https:\/\/www.sichere-steiermark.at\/wp-content\/uploads\/2020\/10\/hyundai_02.jpg\"><figure class=\"swiper-slide-inner\"><img decoding=\"async\" class=\"swiper-slide-image\" src=\"https:\/\/www.sichere-steiermark.at\/wp-content\/uploads\/2020\/10\/hyundai_02-300x200.jpg\" alt=\"Foto: Hersteller Hyundai\" \/><\/figure><\/a><\/div><div class=\"swiper-slide\" role=\"group\" aria-roledescription=\"slide\" aria-label=\"3 von 4\"><a data-elementor-open-lightbox=\"yes\" data-elementor-lightbox-slideshow=\"afa8058\" data-elementor-lightbox-title=\"hyundai_04\" data-elementor-lightbox-description=\"Foto: Hersteller Hyundai\" data-e-action-hash=\"#elementor-action%3Aaction%3Dlightbox%26settings%3DeyJpZCI6MTAyNCwidXJsIjoiaHR0cHM6XC9cL3d3dy5zaWNoZXJlLXN0ZWllcm1hcmsuYXRcL3dwLWNvbnRlbnRcL3VwbG9hZHNcLzIwMjBcLzEwXC9oeXVuZGFpXzA0LmpwZyIsInNsaWRlc2hvdyI6ImFmYTgwNTgifQ%3D%3D\" href=\"https:\/\/www.sichere-steiermark.at\/wp-content\/uploads\/2020\/10\/hyundai_04.jpg\"><figure class=\"swiper-slide-inner\"><img decoding=\"async\" class=\"swiper-slide-image\" src=\"https:\/\/www.sichere-steiermark.at\/wp-content\/uploads\/2020\/10\/hyundai_04-300x200.jpg\" alt=\"Foto: Hersteller Hyundai\" \/><\/figure><\/a><\/div><div class=\"swiper-slide\" role=\"group\" aria-roledescription=\"slide\" aria-label=\"4 von 4\"><a data-elementor-open-lightbox=\"yes\" data-elementor-lightbox-slideshow=\"afa8058\" data-elementor-lightbox-title=\"hyundai_03\" data-elementor-lightbox-description=\"Foto: Hersteller Hyundai\" data-e-action-hash=\"#elementor-action%3Aaction%3Dlightbox%26settings%3DeyJpZCI6MTAyMywidXJsIjoiaHR0cHM6XC9cL3d3dy5zaWNoZXJlLXN0ZWllcm1hcmsuYXRcL3dwLWNvbnRlbnRcL3VwbG9hZHNcLzIwMjBcLzEwXC9oeXVuZGFpXzAzLmpwZyIsInNsaWRlc2hvdyI6ImFmYTgwNTgifQ%3D%3D\" href=\"https:\/\/www.sichere-steiermark.at\/wp-content\/uploads\/2020\/10\/hyundai_03.jpg\"><figure class=\"swiper-slide-inner\"><img decoding=\"async\" class=\"swiper-slide-image\" src=\"https:\/\/www.sichere-steiermark.at\/wp-content\/uploads\/2020\/10\/hyundai_03-300x200.jpg\" alt=\"Foto: Hersteller Hyundai\" \/><\/figure><\/a><\/div>\t\t\t<\/div>\n\t\t\t\t\t\t\t\n\t\t\t\t\t\t\t\t\t<div class=\"swiper-pagination\"><\/div>\n\t\t\t\t\t\t\t\t\t<\/div>\n\t\t\t\t\t\t<\/div>\n\t\t\t\t<\/div>\n\t\t\t\t\t<\/div>\n\t\t<\/div>\n\t\t\t\t\t<\/div>\n\t\t<\/section>\n\t\t\t\t<section class=\"elementor-section elementor-top-section elementor-element elementor-element-db3b119 elementor-section-boxed elementor-section-height-default elementor-section-height-default\" data-id=\"db3b119\" data-element_type=\"section\">\n\t\t\t\t\t\t<div class=\"elementor-container elementor-column-gap-default\">\n\t\t\t\t\t<div class=\"elementor-column elementor-col-100 elementor-top-column elementor-element elementor-element-ad62c13\" data-id=\"ad62c13\" data-element_type=\"column\">\n\t\t\t<div class=\"elementor-widget-wrap elementor-element-populated\">\n\t\t\t\t\t\t<div class=\"elementor-element elementor-element-d5e1794 elementor-widget elementor-widget-theme-post-title elementor-page-title elementor-widget-heading\" data-id=\"d5e1794\" data-element_type=\"widget\" data-widget_type=\"theme-post-title.default\">\n\t\t\t\t<div class=\"elementor-widget-container\">\n\t\t\t\t\t<h1 class=\"elementor-heading-title elementor-size-xl\">Hyundai i30<\/h1>\t\t\t\t<\/div>\n\t\t\t\t<\/div>\n\t\t\t\t\t<\/div>\n\t\t<\/div>\n\t\t\t\t\t<\/div>\n\t\t<\/section>\n\t\t\t\t<section class=\"elementor-section elementor-top-section elementor-element elementor-element-03b87a4 elementor-section-boxed elementor-section-height-default elementor-section-height-default\" data-id=\"03b87a4\" data-element_type=\"section\">\n\t\t\t\t\t\t<div class=\"elementor-container elementor-column-gap-default\">\n\t\t\t\t\t<div class=\"elementor-column elementor-col-100 elementor-top-column elementor-element elementor-element-fa80b13\" data-id=\"fa80b13\" data-element_type=\"column\">\n\t\t\t<div class=\"elementor-widget-wrap elementor-element-populated\">\n\t\t\t\t\t\t<div class=\"elementor-element elementor-element-e87c3c2 elementor-widget elementor-widget-text-editor\" data-id=\"e87c3c2\" data-element_type=\"widget\" data-widget_type=\"text-editor.default\">\n\t\t\t\t<div class=\"elementor-widget-container\">\n\t\t\t\t\t\t\t\t\t<h3>Sportlicher, sicherer und effizienter. Der neue i30 zeigt sich mit fortschrittlicher Sicherheit, umfassender Konnektivit\u00e4t, einer Vielzahl effizienter Motoren und neuem sportlichen Design noch attraktiver.<\/h3><p><br \/>Das Au\u00dfendesign des i30 ist sowohl mutig als auch elegant und verleiht ihm mehr Emotionalit\u00e4t. Die Front wurde breiter und moderner gezeichnet. Der prominente K\u00fchlergrill verf\u00fcgt \u00fcber ein akzentuiertes 3D-Muster, das den i30 noch agiler erscheinen l\u00e4sst.<\/p><p><strong>Stylisches Design<\/strong><br \/>Die neue i30 N Line, die nun f\u00fcr alle drei i30-Derivate angeboten wird, zeigt ein emotionales neues Design mit einem noch sportlicheren Look. An der Front verf\u00fcgt der neue i30 N Line \u00fcber einen breiteren K\u00fchlergrill, neue Scheinwerfergrafik und ein spezielles, der N Line angepasstes Front-Design. Das Design der Lufteinl\u00e4sse des K\u00fchlergrills ist von der Luftfahrt inspiriert und hat an Gr\u00f6\u00dfe zugenommen. Er dominiert die Front und vermittelt einen eigenst\u00e4ndigen Auftritt und Performance.<br \/>Das komplett neue Design des hinteren Sto\u00dff\u00e4ngers setzt den dynamischen Charakter des N Line fort. Der breite Diffusor gibt ein Statement ab und verleiht dem Heck einen beeindruckenden Auftritt. Die neu positionierten Nebelschlussleuchten setzen den Schwerpunkt des Hecks visuell weiter nach unten.<br \/>Der neue i30 N Line verf\u00fcgt \u00fcber ein neues 17-Zoll- oder 18-Zoll-Felgendesign, das zus\u00e4tzlich zum dynamischen Erscheinungsbild beitr\u00e4gt.<br \/>F\u00fcr den i30 sind drei neue Au\u00dfenfarben erh\u00e4ltlich: Dark Night, Silky Bronze und Sunset Red. Dar\u00fcber hinaus sind sechs weitere Farben verf\u00fcgbar: Polar White, Phantom Black, Engine Red, Stellar Blue, Platinum Silver und Olivine Grey.<\/p><p><strong>Innen wie au\u00dfen: top<\/strong><br \/>Nicht nur au\u00dfen, auch innen ist der i30 modern gezeichnet. Ein neues digitales 7-Zoll-Display in den Armaturen und ein neuer 10,25-Zoll-Navigationsbildschirm erm\u00f6glichen ein zeitgem\u00e4\u00dfes, individuelleres Fahrerlebnis. Es bietet auch volle Kompatibilit\u00e4t mit Android Auto und Apple Car Play.<br \/>Erstmalig verf\u00fcgt der neue i30 \u00fcber die Bluelink-Technologie von Hyundai. \u00dcber Bluelink bietet Hyundai eine breite Palette von Connected Car Services an, die erhebliche Kundenvorteile in Bezug auf Live-Informationen und die Fahrzeugsteuerung \u00fcber eine App bieten.<br \/>Kunden, die sich f\u00fcr das Navigationssystem entscheiden, erhalten ein 5-Jahres-Abonnement f\u00fcr Bluelink und die <br \/>Hyundai-LIVE-Services.<\/p><p><strong>Motorisierung<\/strong><br \/>Interessant ist es bei den Motoren des Hyundai i30. Die neue Einstiegsmotorisierung ist ein 110 PS starker 1.5-Liter-Vierzylinder, der an ein neues 6-Gang-Schaltgetriebe gekoppelt ist. Der 1.0-Liter-T-GDI-Benzinmotor mit 120 PS ist jetzt mit einem neuen 7-Gang-Doppelkupplungsgetriebe kombinierbar. <br \/>Der bekannte 1.6 Liter Dieselmotor mit 136 PS ist jetzt serienm\u00e4\u00dfig mit einem 48-V-Mild-Hybrid-System ausgestattet. <br \/>Die Topmotorisierung wird durch einen neuen 1.5-Liter-T-GDI-Motor mit 160 PS repr\u00e4sentiert, der ebenso serienm\u00e4\u00dfig mit 48-V-Mild-Hybrid-Technologie ausgestattet ist. Auch mit dieser Motorisierung sind wieder beide Getriebearten kombinierbar.<br \/>Die beiden zuletzt genannten Motorisierungen sind mit einem neu entwickelten 6-Gang-Schaltgetriebe mit elektrischer Kupplung erh\u00e4ltlich (IMT). IMT entkoppelt den Motor vom Getriebe nachdem der Fahrer den Fu\u00df vom Gaspedal nimmt. Dies erm\u00f6glicht, abh\u00e4ngig von den Bedingungen, zwei m\u00f6gliche Ausrollstufen im Schubbetrieb. In der ersten Stufe wird die Motordrehzahl auf Leerlaufniveau abgesenkt, in der zweiten Stufe wird der Motor, um noch treibstoffeffizienter zu agieren, zus\u00e4tzlich tempor\u00e4r abgestellt.<\/p><p><strong>Sicherheit<\/strong><br \/>Die Aufwertung des i30 wird aber auch durch das ausgeweitete Hyundai-SmartSense-Advanced-Sicherheitspaket gew\u00e4hrleistet. Der Spurfolgeassistent (LFA) steuert die Lenkung automatisch an, um den i30 in der Mitte der Fahrspur zu halten. Der Querverkehrwarner (RCA) warnt bei Unfallgefahr. Neu im i30 ist auch die Anfahrinformation LVDA (Leading Vehicle Departure Alert), ein System, das den Fahrer darauf aufmerksam macht, sobald sich das Fahrzeug vor ihm in Bewegung setzt, z.\u2009B. an einer Ampel.<br \/>Der Tote-Winkel-Assistent wurde ebenso aktualisiert. Das neue System verwendet Radarsignale zur \u00dcberwachung und warnt visuell \u00fcber die Au\u00dfenspiegel falls ein anderes Fahrzeug erkannt wird und ist, um Auffahrunf\u00e4lle zu vermeiden, gleichzeitig in der Lage die Motorbremsfunktion zu aktivieren. Genau wie das Vorg\u00e4ngermodell des i30 verf\u00fcgt auch der neue i30 \u00fcber einen Notbremsassistenten mit Fu\u00dfg\u00e4ngererkennung, M\u00fcdigkeitserkennung (DAW), Fernlichtassistent (HBA), Verkehrszeichenerkennung (ISLW) und Spurhalteassistent (LKA).<\/p><p>Jede dieser neuen Funktionen wurde entwickelt, um das Fahren von Hyundai-Fahrzeugen noch sicherer zu machen und das Vertrauen der Kunden weiter zu st\u00e4rken. F\u00fcr noch mehr Sicherheit bietet der neue i30 eine Garantie \u00fcber f\u00fcnf Jahre und dies ohne Kilometerbegrenzung.<\/p><p>Der neue i30 bietet nicht nur emotionales Design, sondern sorgt auch mit seinen durchzugsstarken Motoren f\u00fcr ein hohes Fahrniveau.<\/p><p>Fazit: Buchen Sie eine Probefahrt \u2013 Sie werden begeistert sein!<\/p><p>\u00a0<\/p>\t\t\t\t\t\t\t\t<\/div>\n\t\t\t\t<\/div>\n\t\t\t\t\t<\/div>\n\t\t<\/div>\n\t\t\t\t\t<\/div>\n\t\t<\/section>\n\t\t\t\t<section class=\"elementor-section elementor-top-section elementor-element elementor-element-0e33f50 elementor-section-boxed elementor-section-height-default elementor-section-height-default\" data-id=\"0e33f50\" data-element_type=\"section\">\n\t\t\t\t\t\t<div class=\"elementor-container elementor-column-gap-default\">\n\t\t\t\t\t<div class=\"elementor-column elementor-col-100 elementor-top-column elementor-element elementor-element-f22f847\" data-id=\"f22f847\" data-element_type=\"column\">\n\t\t\t<div class=\"elementor-widget-wrap elementor-element-populated\">\n\t\t\t\t\t\t<div class=\"elementor-element elementor-element-574c6d5 elementor-widget-divider--view-line elementor-widget elementor-widget-divider\" data-id=\"574c6d5\" data-element_type=\"widget\" data-widget_type=\"divider.default\">\n\t\t\t\t<div class=\"elementor-widget-container\">\n\t\t\t\t\t\t\t<div class=\"elementor-divider\">\n\t\t\t<span class=\"elementor-divider-separator\">\n\t\t\t\t\t\t<\/span>\n\t\t<\/div>\n\t\t\t\t\t\t<\/div>\n\t\t\t\t<\/div>\n\t\t\t\t\t<\/div>\n\t\t<\/div>\n\t\t\t\t\t<\/div>\n\t\t<\/section>\n\t\t\t\t<section class=\"elementor-section elementor-top-section elementor-element elementor-element-d39dcfe elementor-section-boxed elementor-section-height-default elementor-section-height-default\" data-id=\"d39dcfe\" data-element_type=\"section\">\n\t\t\t\t\t\t<div class=\"elementor-container elementor-column-gap-default\">\n\t\t\t\t\t<div class=\"elementor-column elementor-col-33 elementor-top-column elementor-element elementor-element-ef45ebd\" data-id=\"ef45ebd\" data-element_type=\"column\">\n\t\t\t<div class=\"elementor-widget-wrap elementor-element-populated\">\n\t\t\t\t\t\t<div class=\"elementor-element elementor-element-b1f6a11 elementor-align-center elementor-widget elementor-widget-button\" data-id=\"b1f6a11\" data-element_type=\"widget\" data-widget_type=\"button.default\">\n\t\t\t\t<div class=\"elementor-widget-container\">\n\t\t\t\t\t\t\t\t\t<div class=\"elementor-button-wrapper\">\n\t\t\t\t\t<a class=\"elementor-button elementor-button-link elementor-size-xs\" href=\"https:\/\/autohaus-posch.at\/\" target=\"_blank\">\n\t\t\t\t\t\t<span class=\"elementor-button-content-wrapper\">\n\t\t\t\t\t\t\t\t\t<span class=\"elementor-button-text\">Auto &amp; 2-Rad Posch<\/span>\n\t\t\t\t\t<\/span>\n\t\t\t\t\t<\/a>\n\t\t\t\t<\/div>\n\t\t\t\t\t\t\t\t<\/div>\n\t\t\t\t<\/div>\n\t\t\t\t\t<\/div>\n\t\t<\/div>\n\t\t\t\t<div class=\"elementor-column elementor-col-33 elementor-top-column elementor-element elementor-element-e5d85f7\" data-id=\"e5d85f7\" data-element_type=\"column\">\n\t\t\t<div class=\"elementor-widget-wrap elementor-element-populated\">\n\t\t\t\t\t\t<div class=\"elementor-element elementor-element-095eaeb elementor-align-center elementor-widget elementor-widget-button\" data-id=\"095eaeb\" data-element_type=\"widget\" data-widget_type=\"button.default\">\n\t\t\t\t<div class=\"elementor-widget-container\">\n\t\t\t\t\t\t\t\t\t<div class=\"elementor-button-wrapper\">\n\t\t\t\t\t<a class=\"elementor-button elementor-button-link elementor-size-xs\" href=\"http:\/\/www.autohaus-oberaich.at\/\" target=\"_blank\">\n\t\t\t\t\t\t<span class=\"elementor-button-content-wrapper\">\n\t\t\t\t\t\t\t\t\t<span class=\"elementor-button-text\">F\u00fcrstaller &amp; Partner<\/span>\n\t\t\t\t\t<\/span>\n\t\t\t\t\t<\/a>\n\t\t\t\t<\/div>\n\t\t\t\t\t\t\t\t<\/div>\n\t\t\t\t<\/div>\n\t\t\t\t\t<\/div>\n\t\t<\/div>\n\t\t\t\t<div class=\"elementor-column elementor-col-33 elementor-top-column elementor-element elementor-element-7f8fb12\" data-id=\"7f8fb12\" data-element_type=\"column\">\n\t\t\t<div class=\"elementor-widget-wrap elementor-element-populated\">\n\t\t\t\t\t\t<div class=\"elementor-element elementor-element-48b2247 elementor-align-center elementor-widget elementor-widget-button\" data-id=\"48b2247\" data-element_type=\"widget\" data-widget_type=\"button.default\">\n\t\t\t\t<div class=\"elementor-widget-container\">\n\t\t\t\t\t\t\t\t\t<div class=\"elementor-button-wrapper\">\n\t\t\t\t\t<a class=\"elementor-button elementor-button-link elementor-size-xs\" href=\"http:\/\/brne.at\/\" target=\"_blank\">\n\t\t\t\t\t\t<span class=\"elementor-button-content-wrapper\">\n\t\t\t\t\t\t\t\t\t<span class=\"elementor-button-text\">Autohaus M. Brne<\/span>\n\t\t\t\t\t<\/span>\n\t\t\t\t\t<\/a>\n\t\t\t\t<\/div>\n\t\t\t\t\t\t\t\t<\/div>\n\t\t\t\t<\/div>\n\t\t\t\t\t<\/div>\n\t\t<\/div>\n\t\t\t\t\t<\/div>\n\t\t<\/section>\n\t\t\t\t<\/div>\n\t\t","protected":false},"excerpt":{"rendered":"<p>Sportlicher, sicherer und effizienter. Der neue i30 zeigt sich mit fortschrittlicher Sicherheit, umfassender Konnektivit\u00e4t, einer Vielzahl effizienter Motoren und neuem sportlichen Design noch attraktiver. Das Au\u00dfendesign des i30 ist sowohl mutig als auch elegant und verleiht ihm mehr Emotionalit\u00e4t. Die Front wurde breiter und moderner gezeichnet. Der prominente K\u00fchlergrill verf\u00fcgt \u00fcber ein akzentuiertes 3D-Muster, das [&hellip;]<\/p>\n","protected":false},"author":1,"featured_media":1021,"comment_status":"closed","ping_status":"open","sticky":false,"template":"","format":"standard","meta":{"ocean_post_layout":"","ocean_both_sidebars_style":"","ocean_both_sidebars_content_width":0,"ocean_both_sidebars_sidebars_width":0,"ocean_sidebar":"0","ocean_second_sidebar":"0","ocean_disable_margins":"enable","ocean_add_body_class":"","ocean_shortcode_before_top_bar":"","ocean_shortcode_after_top_bar":"","ocean_shortcode_before_header":"","ocean_shortcode_after_header":"","ocean_has_shortcode":"","ocean_shortcode_after_title":"","ocean_shortcode_before_footer_widgets":"","ocean_shortcode_after_footer_widgets":"","ocean_shortcode_before_footer_bottom":"","ocean_shortcode_after_footer_bottom":"","ocean_display_top_bar":"default","ocean_display_header":"default","ocean_header_style":"","ocean_center_header_left_menu":"0","ocean_custom_header_template":"0","ocean_custom_logo":0,"ocean_custom_retina_logo":0,"ocean_custom_logo_max_width":0,"ocean_custom_logo_tablet_max_width":0,"ocean_custom_logo_mobile_max_width":0,"ocean_custom_logo_max_height":0,"ocean_custom_logo_tablet_max_height":0,"ocean_custom_logo_mobile_max_height":0,"ocean_header_custom_menu":"0","ocean_menu_typo_font_family":"0","ocean_menu_typo_font_subset":"","ocean_menu_typo_font_size":0,"ocean_menu_typo_font_size_tablet":0,"ocean_menu_typo_font_size_mobile":0,"ocean_menu_typo_font_size_unit":"px","ocean_menu_typo_font_weight":"","ocean_menu_typo_font_weight_tablet":"","ocean_menu_typo_font_weight_mobile":"","ocean_menu_typo_transform":"","ocean_menu_typo_transform_tablet":"","ocean_menu_typo_transform_mobile":"","ocean_menu_typo_line_height":0,"ocean_menu_typo_line_height_tablet":0,"ocean_menu_typo_line_height_mobile":0,"ocean_menu_typo_line_height_unit":"","ocean_menu_typo_spacing":0,"ocean_menu_typo_spacing_tablet":0,"ocean_menu_typo_spacing_mobile":0,"ocean_menu_typo_spacing_unit":"","ocean_menu_link_color":"","ocean_menu_link_color_hover":"","ocean_menu_link_color_active":"","ocean_menu_link_background":"","ocean_menu_link_hover_background":"","ocean_menu_link_active_background":"","ocean_menu_social_links_bg":"","ocean_menu_social_hover_links_bg":"","ocean_menu_social_links_color":"","ocean_menu_social_hover_links_color":"","ocean_disable_title":"on","ocean_disable_heading":"default","ocean_post_title":"","ocean_post_subheading":"","ocean_post_title_style":"","ocean_post_title_background_color":"","ocean_post_title_background":0,"ocean_post_title_bg_image_position":"","ocean_post_title_bg_image_attachment":"","ocean_post_title_bg_image_repeat":"","ocean_post_title_bg_image_size":"","ocean_post_title_height":0,"ocean_post_title_bg_overlay":0.5,"ocean_post_title_bg_overlay_color":"","ocean_disable_breadcrumbs":"off","ocean_breadcrumbs_color":"","ocean_breadcrumbs_separator_color":"","ocean_breadcrumbs_links_color":"","ocean_breadcrumbs_links_hover_color":"","ocean_display_footer_widgets":"default","ocean_display_footer_bottom":"default","ocean_custom_footer_template":"0","osh_disable_topbar_sticky":"default","osh_disable_header_sticky":"default","osh_sticky_header_style":"default","osh_sticky_header_effect":"","osh_custom_sticky_logo":0,"osh_custom_retina_sticky_logo":0,"osh_custom_sticky_logo_height":0,"osh_background_color":"","osh_links_color":"","osh_links_hover_color":"","osh_links_active_color":"","osh_links_bg_color":"","osh_links_hover_bg_color":"","osh_links_active_bg_color":"","osh_menu_social_links_color":"","osh_menu_social_hover_links_color":"","ocean_post_oembed":"","ocean_post_self_hosted_media":"","ocean_post_video_embed":"","ocean_link_format":"","ocean_link_format_target":"self","ocean_quote_format":"","ocean_quote_format_link":"post","ocean_gallery_link_images":"off","ocean_gallery_id":[],"footnotes":""},"categories":[7],"tags":[29,126],"class_list":["post-1020","post","type-post","status-publish","format-standard","has-post-thumbnail","hentry","category-autos","tag-auto","tag-hyundai","entry","has-media"],"_links":{"self":[{"href":"https:\/\/www.sichere-steiermark.at\/index.php?rest_route=\/wp\/v2\/posts\/1020","targetHints":{"allow":["GET"]}}],"collection":[{"href":"https:\/\/www.sichere-steiermark.at\/index.php?rest_route=\/wp\/v2\/posts"}],"about":[{"href":"https:\/\/www.sichere-steiermark.at\/index.php?rest_route=\/wp\/v2\/types\/post"}],"author":[{"embeddable":true,"href":"https:\/\/www.sichere-steiermark.at\/index.php?rest_route=\/wp\/v2\/users\/1"}],"replies":[{"embeddable":true,"href":"https:\/\/www.sichere-steiermark.at\/index.php?rest_route=%2Fwp%2Fv2%2Fcomments&post=1020"}],"version-history":[{"count":3,"href":"https:\/\/www.sichere-steiermark.at\/index.php?rest_route=\/wp\/v2\/posts\/1020\/revisions"}],"predecessor-version":[{"id":1036,"href":"https:\/\/www.sichere-steiermark.at\/index.php?rest_route=\/wp\/v2\/posts\/1020\/revisions\/1036"}],"wp:featuredmedia":[{"embeddable":true,"href":"https:\/\/www.sichere-steiermark.at\/index.php?rest_route=\/wp\/v2\/media\/1021"}],"wp:attachment":[{"href":"https:\/\/www.sichere-steiermark.at\/index.php?rest_route=%2Fwp%2Fv2%2Fmedia&parent=1020"}],"wp:term":[{"taxonomy":"category","embeddable":true,"href":"https:\/\/www.sichere-steiermark.at\/index.php?rest_route=%2Fwp%2Fv2%2Fcategories&post=1020"},{"taxonomy":"post_tag","embeddable":true,"href":"https:\/\/www.sichere-steiermark.at\/index.php?rest_route=%2Fwp%2Fv2%2Ftags&post=1020"}],"curies":[{"name":"wp","href":"https:\/\/api.w.org\/{rel}","templated":true}]}}