{"id":1201,"date":"2021-04-13T18:53:55","date_gmt":"2021-04-13T16:53:55","guid":{"rendered":"https:\/\/www.sichere-steiermark.at\/?p=1201"},"modified":"2021-04-13T18:59:26","modified_gmt":"2021-04-13T16:59:26","slug":"mercedes-eqa","status":"publish","type":"post","link":"https:\/\/www.sichere-steiermark.at\/?p=1201","title":{"rendered":"Mercedes EQA"},"content":{"rendered":"\t\t<div data-elementor-type=\"wp-post\" data-elementor-id=\"1201\" class=\"elementor elementor-1201\" data-elementor-post-type=\"post\">\n\t\t\t\t\t\t<section class=\"elementor-section elementor-top-section elementor-element elementor-element-245628f0 elementor-section-boxed elementor-section-height-default elementor-section-height-default\" data-id=\"245628f0\" data-element_type=\"section\">\n\t\t\t\t\t\t<div class=\"elementor-container elementor-column-gap-default\">\n\t\t\t\t\t<div class=\"elementor-column elementor-col-100 elementor-top-column elementor-element elementor-element-1bd94020\" data-id=\"1bd94020\" data-element_type=\"column\">\n\t\t\t<div class=\"elementor-widget-wrap elementor-element-populated\">\n\t\t\t\t\t\t<div class=\"elementor-element elementor-element-4cfa8295 elementor-widget elementor-widget-theme-post-featured-image elementor-widget-image\" data-id=\"4cfa8295\" data-element_type=\"widget\" data-widget_type=\"theme-post-featured-image.default\">\n\t\t\t\t<div class=\"elementor-widget-container\">\n\t\t\t\t\t\t\t\t\t\t\t\t<figure class=\"wp-caption\">\n\t\t\t\t\t\t\t\t\t\t<img fetchpriority=\"high\" decoding=\"async\" width=\"1024\" height=\"683\" src=\"https:\/\/www.sichere-steiermark.at\/wp-content\/uploads\/2021\/04\/mercedes_eqa_01-1024x683.jpg\" class=\"attachment-large size-large wp-image-1202\" alt=\"\" srcset=\"https:\/\/www.sichere-steiermark.at\/wp-content\/uploads\/2021\/04\/mercedes_eqa_01-1024x683.jpg 1024w, https:\/\/www.sichere-steiermark.at\/wp-content\/uploads\/2021\/04\/mercedes_eqa_01-300x200.jpg 300w, https:\/\/www.sichere-steiermark.at\/wp-content\/uploads\/2021\/04\/mercedes_eqa_01-768x512.jpg 768w, https:\/\/www.sichere-steiermark.at\/wp-content\/uploads\/2021\/04\/mercedes_eqa_01.jpg 1200w\" sizes=\"(max-width: 1024px) 100vw, 1024px\" \/>\t\t\t\t\t\t\t\t\t\t\t<figcaption class=\"widget-image-caption wp-caption-text\">Fotos: Hersteller Mercedes<\/figcaption>\n\t\t\t\t\t\t\t\t\t\t<\/figure>\n\t\t\t\t\t\t\t\t\t<\/div>\n\t\t\t\t<\/div>\n\t\t\t\t\t<\/div>\n\t\t<\/div>\n\t\t\t\t\t<\/div>\n\t\t<\/section>\n\t\t\t\t<section class=\"elementor-section elementor-top-section elementor-element elementor-element-5e0bb519 elementor-section-boxed elementor-section-height-default elementor-section-height-default\" data-id=\"5e0bb519\" data-element_type=\"section\">\n\t\t\t\t\t\t<div class=\"elementor-container elementor-column-gap-default\">\n\t\t\t\t\t<div class=\"elementor-column elementor-col-100 elementor-top-column elementor-element elementor-element-53f189d4\" data-id=\"53f189d4\" data-element_type=\"column\">\n\t\t\t<div class=\"elementor-widget-wrap elementor-element-populated\">\n\t\t\t\t\t\t<div class=\"elementor-element elementor-element-566543a5 elementor-pagination-position-outside elementor-widget elementor-widget-image-carousel\" data-id=\"566543a5\" data-element_type=\"widget\" data-settings=\"{&quot;slides_to_show&quot;:&quot;2&quot;,&quot;navigation&quot;:&quot;dots&quot;,&quot;autoplay&quot;:&quot;yes&quot;,&quot;pause_on_hover&quot;:&quot;yes&quot;,&quot;pause_on_interaction&quot;:&quot;yes&quot;,&quot;autoplay_speed&quot;:5000,&quot;infinite&quot;:&quot;yes&quot;,&quot;speed&quot;:500}\" data-widget_type=\"image-carousel.default\">\n\t\t\t\t<div class=\"elementor-widget-container\">\n\t\t\t\t\t\t\t<div class=\"elementor-image-carousel-wrapper swiper\" role=\"region\" aria-roledescription=\"carousel\" aria-label=\"Bild Karussell\" dir=\"ltr\">\n\t\t\t<div class=\"elementor-image-carousel swiper-wrapper\" aria-live=\"off\">\n\t\t\t\t\t\t\t\t<div class=\"swiper-slide\" role=\"group\" aria-roledescription=\"slide\" aria-label=\"1 von 2\"><a data-elementor-open-lightbox=\"yes\" data-elementor-lightbox-slideshow=\"566543a5\" data-elementor-lightbox-title=\"mercedes_eqa_02\" data-e-action-hash=\"#elementor-action%3Aaction%3Dlightbox%26settings%3DeyJpZCI6MTIwMywidXJsIjoiaHR0cHM6XC9cL3d3dy5zaWNoZXJlLXN0ZWllcm1hcmsuYXRcL3dwLWNvbnRlbnRcL3VwbG9hZHNcLzIwMjFcLzA0XC9tZXJjZWRlc19lcWFfMDIuanBnIiwic2xpZGVzaG93IjoiNTY2NTQzYTUifQ%3D%3D\" href=\"https:\/\/www.sichere-steiermark.at\/wp-content\/uploads\/2021\/04\/mercedes_eqa_02.jpg\"><figure class=\"swiper-slide-inner\"><img decoding=\"async\" class=\"swiper-slide-image\" src=\"https:\/\/www.sichere-steiermark.at\/wp-content\/uploads\/2021\/04\/mercedes_eqa_02-300x200.jpg\" alt=\"mercedes_eqa_02\" \/><\/figure><\/a><\/div><div class=\"swiper-slide\" role=\"group\" aria-roledescription=\"slide\" aria-label=\"2 von 2\"><a data-elementor-open-lightbox=\"yes\" data-elementor-lightbox-slideshow=\"566543a5\" data-elementor-lightbox-title=\"mercedes_eqa_03\" data-e-action-hash=\"#elementor-action%3Aaction%3Dlightbox%26settings%3DeyJpZCI6MTIwNCwidXJsIjoiaHR0cHM6XC9cL3d3dy5zaWNoZXJlLXN0ZWllcm1hcmsuYXRcL3dwLWNvbnRlbnRcL3VwbG9hZHNcLzIwMjFcLzA0XC9tZXJjZWRlc19lcWFfMDMuanBnIiwic2xpZGVzaG93IjoiNTY2NTQzYTUifQ%3D%3D\" href=\"https:\/\/www.sichere-steiermark.at\/wp-content\/uploads\/2021\/04\/mercedes_eqa_03.jpg\"><figure class=\"swiper-slide-inner\"><img decoding=\"async\" class=\"swiper-slide-image\" src=\"https:\/\/www.sichere-steiermark.at\/wp-content\/uploads\/2021\/04\/mercedes_eqa_03-300x200.jpg\" alt=\"mercedes_eqa_03\" \/><\/figure><\/a><\/div>\t\t\t<\/div>\n\t\t\t\t\t\t\t\n\t\t\t\t\t\t\t\t\t<div class=\"swiper-pagination\"><\/div>\n\t\t\t\t\t\t\t\t\t<\/div>\n\t\t\t\t\t\t<\/div>\n\t\t\t\t<\/div>\n\t\t\t\t\t<\/div>\n\t\t<\/div>\n\t\t\t\t\t<\/div>\n\t\t<\/section>\n\t\t\t\t<section class=\"elementor-section elementor-top-section elementor-element elementor-element-4853720d elementor-section-boxed elementor-section-height-default elementor-section-height-default\" data-id=\"4853720d\" data-element_type=\"section\">\n\t\t\t\t\t\t<div class=\"elementor-container elementor-column-gap-default\">\n\t\t\t\t\t<div class=\"elementor-column elementor-col-100 elementor-top-column elementor-element elementor-element-1c1ad57\" data-id=\"1c1ad57\" data-element_type=\"column\">\n\t\t\t<div class=\"elementor-widget-wrap elementor-element-populated\">\n\t\t\t\t\t\t<div class=\"elementor-element elementor-element-5f6797d2 elementor-widget elementor-widget-theme-post-title elementor-page-title elementor-widget-heading\" data-id=\"5f6797d2\" data-element_type=\"widget\" data-widget_type=\"theme-post-title.default\">\n\t\t\t\t<div class=\"elementor-widget-container\">\n\t\t\t\t\t<h1 class=\"elementor-heading-title elementor-size-xl\">Mercedes EQA<\/h1>\t\t\t\t<\/div>\n\t\t\t\t<\/div>\n\t\t\t\t\t<\/div>\n\t\t<\/div>\n\t\t\t\t\t<\/div>\n\t\t<\/section>\n\t\t\t\t<section class=\"elementor-section elementor-top-section elementor-element elementor-element-2b235007 elementor-section-boxed elementor-section-height-default elementor-section-height-default\" data-id=\"2b235007\" data-element_type=\"section\">\n\t\t\t\t\t\t<div class=\"elementor-container elementor-column-gap-default\">\n\t\t\t\t\t<div class=\"elementor-column elementor-col-100 elementor-top-column elementor-element elementor-element-131845ce\" data-id=\"131845ce\" data-element_type=\"column\">\n\t\t\t<div class=\"elementor-widget-wrap elementor-element-populated\">\n\t\t\t\t\t\t<div class=\"elementor-element elementor-element-25fe219f elementor-widget elementor-widget-text-editor\" data-id=\"25fe219f\" data-element_type=\"widget\" data-widget_type=\"text-editor.default\">\n\t\t\t\t<div class=\"elementor-widget-container\">\n\t\t\t\t\t\t\t\t\t<h3>Elektrischer Athlet im kompakten Format<\/h3><p>Als enger Verwandter des GLA bringt der EQA alle begeisternden Eigenschaften dieses Fahrzeuges mit und kombiniert sie mit einem effizienten Elektroantrieb und neuen markanten Designelementen.<\/p><h4>Effizienter Fahrspa\u00df:<\/h4><p>Der EQA startet als EQA 250 (Stromverbrauch gesamt kombiniert: 19,1\u201317,7 kWh\/100 km) mit 140 kW und einer Reichweite nach WLTP von 398\u2013426 Kilometern. Weitere Varianten f\u00fcr spezielle Kundenw\u00fcnsche werden folgen. Mercedes-EQ sieht den Schl\u00fcssel zu gro\u00dfen Reichweiten nicht in immer gr\u00f6\u00dferen Batterien, sondern in einer konsequenten Steigerung der Effizienz aller Fahrzeug-Komponenten.<\/p><h4>Automatisch vorausschauend fahren<\/h4><p>Die Navigation mit Electric Intelligence kalkuliert ganz selbstverst\u00e4ndlich die Route, die unter Einbeziehung der Ladezeiten am schnellsten ans Ziel f\u00fchrt. So hat der Fahrer mit der Routenplanung keinerlei Stress. Auf Basis permanenter Reichweiten-Simulationen werden dabei n\u00f6tige Ladestopps ebenso ber\u00fccksichtigt wie zahlreiche weitere Faktoren, etwa die Topografie, das Wetter, die Verkehrssituation und das pers\u00f6nliche Fahrverhalten.<\/p><h4>Mehr Reichweite durch ausgekl\u00fcgelte Systeme<\/h4><p>Geringer Luftwiderstand bedeutet hohe Effizienz \u2013 das ist gerade bei Elektrofahrzeugen von entscheidender Bedeutung. Der EQA ist das erste Modell von Mercedes-EQ, dessen Aerodynamik-Entwicklung komplett digital stattfand. <br \/>Effizienz stand auch bei der Thermoarchitektur im Mittelpunkt: Die Abw\u00e4rme des elektrischen Antriebs kann dank der serienm\u00e4\u00dfigen W\u00e4rmepumpe f\u00fcr die Kabinenheizung genutzt werden. Das senkt den Bedarf an Batteriestrom f\u00fcr die Heizung enorm und erh\u00f6ht die Reichweite.<\/p><h4>Komfortabel sicher<\/h4><p>Die Komfortausstattungen und Sicherheitssysteme im EQA sorgen f\u00fcr ein exzellentes, elektrisches Fahrerlebnis. MBUX steht f\u00fcr Mercedes-Benz User Experience und bedeutet einfach: Der EQA ist intelligent und intuitiv \u00fcber die gro\u00dfen, hochaufl\u00f6senden Bildschirme bedienbar, deren Inhalte man selbst festlegt. Die Bedienung erfolgt per Handbewegung, Ber\u00fchrung oder per Sprache.<\/p><p>Serienm\u00e4\u00dfig an Bord sind der Aktive Spurhalte-Assistent sowie der Aktive Brems-Assistent. Weiters geh\u00f6ren zum Serienumfang die LED-High-Performance-Scheinwerfer mit Adaptivem Fernlicht-Assistenten, EASY-PACK Heckklappe mit elektrischer Bet\u00e4tigung zum \u00d6ffnen und Schlie\u00dfen, 18 Zoll gro\u00dfe Leichtmetallr\u00e4der, Ambientebeleuchtung mit 64 Farben, Komfortsitze mit vierfach verstellbarer Lordosenst\u00fctze, R\u00fcckfahrkamera f\u00fcr mehr \u00dcbersicht und Komfort beim Rangieren sowie ein Multifunktions-Sportlenkrad in Leder. Serienm\u00e4\u00dfig an Bord sind ferner das Infotainmentsystem MBUX sowie die Navigation mit Electric Intelligence. Individualisieren l\u00e4sst sich der Neue mit den beiden Ausstattungslinien Electric Art und AMG Line sowie dem Night-Paket.<\/p>\t\t\t\t\t\t\t\t<\/div>\n\t\t\t\t<\/div>\n\t\t\t\t\t<\/div>\n\t\t<\/div>\n\t\t\t\t\t<\/div>\n\t\t<\/section>\n\t\t\t\t<section class=\"elementor-section elementor-top-section elementor-element elementor-element-75115a0f elementor-section-boxed elementor-section-height-default elementor-section-height-default\" data-id=\"75115a0f\" data-element_type=\"section\">\n\t\t\t\t\t\t<div class=\"elementor-container elementor-column-gap-default\">\n\t\t\t\t\t<div class=\"elementor-column elementor-col-100 elementor-top-column elementor-element elementor-element-79ddf4a1\" data-id=\"79ddf4a1\" data-element_type=\"column\">\n\t\t\t<div class=\"elementor-widget-wrap elementor-element-populated\">\n\t\t\t\t\t\t<div class=\"elementor-element elementor-element-2e5b6e19 elementor-widget-divider--view-line elementor-widget elementor-widget-divider\" data-id=\"2e5b6e19\" data-element_type=\"widget\" data-widget_type=\"divider.default\">\n\t\t\t\t<div class=\"elementor-widget-container\">\n\t\t\t\t\t\t\t<div class=\"elementor-divider\">\n\t\t\t<span class=\"elementor-divider-separator\">\n\t\t\t\t\t\t<\/span>\n\t\t<\/div>\n\t\t\t\t\t\t<\/div>\n\t\t\t\t<\/div>\n\t\t\t\t\t<\/div>\n\t\t<\/div>\n\t\t\t\t\t<\/div>\n\t\t<\/section>\n\t\t\t\t<section class=\"elementor-section elementor-top-section elementor-element elementor-element-9bd66b8 elementor-section-boxed elementor-section-height-default elementor-section-height-default\" data-id=\"9bd66b8\" data-element_type=\"section\">\n\t\t\t\t\t\t<div class=\"elementor-container elementor-column-gap-default\">\n\t\t\t\t\t<div class=\"elementor-column elementor-col-100 elementor-top-column elementor-element elementor-element-43a3f4be\" data-id=\"43a3f4be\" data-element_type=\"column\">\n\t\t\t<div class=\"elementor-widget-wrap elementor-element-populated\">\n\t\t\t\t\t\t<div class=\"elementor-element elementor-element-6c622135 elementor-align-center elementor-widget elementor-widget-button\" data-id=\"6c622135\" data-element_type=\"widget\" data-widget_type=\"button.default\">\n\t\t\t\t<div class=\"elementor-widget-container\">\n\t\t\t\t\t\t\t\t\t<div class=\"elementor-button-wrapper\">\n\t\t\t\t\t<a class=\"elementor-button elementor-button-link elementor-size-xs\" href=\"https:\/\/www.peternel.at\/\" target=\"_blank\">\n\t\t\t\t\t\t<span class=\"elementor-button-content-wrapper\">\n\t\t\t\t\t\t\t\t\t<span class=\"elementor-button-text\">Autohaus Peternel <\/span>\n\t\t\t\t\t<\/span>\n\t\t\t\t\t<\/a>\n\t\t\t\t<\/div>\n\t\t\t\t\t\t\t\t<\/div>\n\t\t\t\t<\/div>\n\t\t\t\t\t<\/div>\n\t\t<\/div>\n\t\t\t\t\t<\/div>\n\t\t<\/section>\n\t\t\t\t<\/div>\n\t\t","protected":false},"excerpt":{"rendered":"<p>Elektrischer Athlet im kompakten Format Als enger Verwandter des GLA bringt der EQA alle begeisternden Eigenschaften dieses Fahrzeuges mit und kombiniert sie mit einem effizienten Elektroantrieb und neuen markanten Designelementen. Effizienter Fahrspa\u00df: Der EQA startet als EQA 250 (Stromverbrauch gesamt kombiniert: 19,1\u201317,7 kWh\/100 km) mit 140 kW und einer Reichweite nach WLTP von 398\u2013426 Kilometern. [&hellip;]<\/p>\n","protected":false},"author":1,"featured_media":1202,"comment_status":"closed","ping_status":"open","sticky":false,"template":"","format":"standard","meta":{"ocean_post_layout":"","ocean_both_sidebars_style":"","ocean_both_sidebars_content_width":0,"ocean_both_sidebars_sidebars_width":0,"ocean_sidebar":"0","ocean_second_sidebar":"0","ocean_disable_margins":"enable","ocean_add_body_class":"","ocean_shortcode_before_top_bar":"","ocean_shortcode_after_top_bar":"","ocean_shortcode_before_header":"","ocean_shortcode_after_header":"","ocean_has_shortcode":"","ocean_shortcode_after_title":"","ocean_shortcode_before_footer_widgets":"","ocean_shortcode_after_footer_widgets":"","ocean_shortcode_before_footer_bottom":"","ocean_shortcode_after_footer_bottom":"","ocean_display_top_bar":"default","ocean_display_header":"default","ocean_header_style":"","ocean_center_header_left_menu":"0","ocean_custom_header_template":"0","ocean_custom_logo":0,"ocean_custom_retina_logo":0,"ocean_custom_logo_max_width":0,"ocean_custom_logo_tablet_max_width":0,"ocean_custom_logo_mobile_max_width":0,"ocean_custom_logo_max_height":0,"ocean_custom_logo_tablet_max_height":0,"ocean_custom_logo_mobile_max_height":0,"ocean_header_custom_menu":"0","ocean_menu_typo_font_family":"0","ocean_menu_typo_font_subset":"","ocean_menu_typo_font_size":0,"ocean_menu_typo_font_size_tablet":0,"ocean_menu_typo_font_size_mobile":0,"ocean_menu_typo_font_size_unit":"px","ocean_menu_typo_font_weight":"","ocean_menu_typo_font_weight_tablet":"","ocean_menu_typo_font_weight_mobile":"","ocean_menu_typo_transform":"","ocean_menu_typo_transform_tablet":"","ocean_menu_typo_transform_mobile":"","ocean_menu_typo_line_height":0,"ocean_menu_typo_line_height_tablet":0,"ocean_menu_typo_line_height_mobile":0,"ocean_menu_typo_line_height_unit":"","ocean_menu_typo_spacing":0,"ocean_menu_typo_spacing_tablet":0,"ocean_menu_typo_spacing_mobile":0,"ocean_menu_typo_spacing_unit":"","ocean_menu_link_color":"","ocean_menu_link_color_hover":"","ocean_menu_link_color_active":"","ocean_menu_link_background":"","ocean_menu_link_hover_background":"","ocean_menu_link_active_background":"","ocean_menu_social_links_bg":"","ocean_menu_social_hover_links_bg":"","ocean_menu_social_links_color":"","ocean_menu_social_hover_links_color":"","ocean_disable_title":"on","ocean_disable_heading":"default","ocean_post_title":"","ocean_post_subheading":"","ocean_post_title_style":"","ocean_post_title_background_color":"","ocean_post_title_background":0,"ocean_post_title_bg_image_position":"","ocean_post_title_bg_image_attachment":"","ocean_post_title_bg_image_repeat":"","ocean_post_title_bg_image_size":"","ocean_post_title_height":0,"ocean_post_title_bg_overlay":0.5,"ocean_post_title_bg_overlay_color":"","ocean_disable_breadcrumbs":"off","ocean_breadcrumbs_color":"","ocean_breadcrumbs_separator_color":"","ocean_breadcrumbs_links_color":"","ocean_breadcrumbs_links_hover_color":"","ocean_display_footer_widgets":"default","ocean_display_footer_bottom":"default","ocean_custom_footer_template":"0","osh_disable_topbar_sticky":"default","osh_disable_header_sticky":"default","osh_sticky_header_style":"default","osh_sticky_header_effect":"","osh_custom_sticky_logo":0,"osh_custom_retina_sticky_logo":0,"osh_custom_sticky_logo_height":0,"osh_background_color":"","osh_links_color":"","osh_links_hover_color":"","osh_links_active_color":"","osh_links_bg_color":"","osh_links_hover_bg_color":"","osh_links_active_bg_color":"","osh_menu_social_links_color":"","osh_menu_social_hover_links_color":"","ocean_post_oembed":"","ocean_post_self_hosted_media":"","ocean_post_video_embed":"","ocean_link_format":"","ocean_link_format_target":"self","ocean_quote_format":"","ocean_quote_format_link":"post","ocean_gallery_link_images":"off","ocean_gallery_id":[],"footnotes":""},"categories":[7],"tags":[29,58,141],"class_list":["post-1201","post","type-post","status-publish","format-standard","has-post-thumbnail","hentry","category-autos","tag-auto","tag-e-auto","tag-mercedes","entry","has-media"],"_links":{"self":[{"href":"https:\/\/www.sichere-steiermark.at\/index.php?rest_route=\/wp\/v2\/posts\/1201","targetHints":{"allow":["GET"]}}],"collection":[{"href":"https:\/\/www.sichere-steiermark.at\/index.php?rest_route=\/wp\/v2\/posts"}],"about":[{"href":"https:\/\/www.sichere-steiermark.at\/index.php?rest_route=\/wp\/v2\/types\/post"}],"author":[{"embeddable":true,"href":"https:\/\/www.sichere-steiermark.at\/index.php?rest_route=\/wp\/v2\/users\/1"}],"replies":[{"embeddable":true,"href":"https:\/\/www.sichere-steiermark.at\/index.php?rest_route=%2Fwp%2Fv2%2Fcomments&post=1201"}],"version-history":[{"count":4,"href":"https:\/\/www.sichere-steiermark.at\/index.php?rest_route=\/wp\/v2\/posts\/1201\/revisions"}],"predecessor-version":[{"id":1209,"href":"https:\/\/www.sichere-steiermark.at\/index.php?rest_route=\/wp\/v2\/posts\/1201\/revisions\/1209"}],"wp:featuredmedia":[{"embeddable":true,"href":"https:\/\/www.sichere-steiermark.at\/index.php?rest_route=\/wp\/v2\/media\/1202"}],"wp:attachment":[{"href":"https:\/\/www.sichere-steiermark.at\/index.php?rest_route=%2Fwp%2Fv2%2Fmedia&parent=1201"}],"wp:term":[{"taxonomy":"category","embeddable":true,"href":"https:\/\/www.sichere-steiermark.at\/index.php?rest_route=%2Fwp%2Fv2%2Fcategories&post=1201"},{"taxonomy":"post_tag","embeddable":true,"href":"https:\/\/www.sichere-steiermark.at\/index.php?rest_route=%2Fwp%2Fv2%2Ftags&post=1201"}],"curies":[{"name":"wp","href":"https:\/\/api.w.org\/{rel}","templated":true}]}}