{"id":1248,"date":"2021-04-27T16:58:18","date_gmt":"2021-04-27T14:58:18","guid":{"rendered":"https:\/\/www.sichere-steiermark.at\/?p=1248"},"modified":"2021-04-27T17:02:25","modified_gmt":"2021-04-27T15:02:25","slug":"der-bmw-i3","status":"publish","type":"post","link":"https:\/\/www.sichere-steiermark.at\/?p=1248","title":{"rendered":"Der BMW i3"},"content":{"rendered":"\t\t<div data-elementor-type=\"wp-post\" data-elementor-id=\"1248\" class=\"elementor elementor-1248\" data-elementor-post-type=\"post\">\n\t\t\t\t\t\t<section class=\"elementor-section elementor-top-section elementor-element elementor-element-71524aae elementor-section-boxed elementor-section-height-default elementor-section-height-default\" data-id=\"71524aae\" data-element_type=\"section\">\n\t\t\t\t\t\t<div class=\"elementor-container elementor-column-gap-default\">\n\t\t\t\t\t<div class=\"elementor-column elementor-col-100 elementor-top-column elementor-element elementor-element-6c01e098\" data-id=\"6c01e098\" data-element_type=\"column\">\n\t\t\t<div class=\"elementor-widget-wrap elementor-element-populated\">\n\t\t\t\t\t\t<div class=\"elementor-element elementor-element-37d4867 elementor-widget elementor-widget-theme-post-featured-image elementor-widget-image\" data-id=\"37d4867\" data-element_type=\"widget\" data-widget_type=\"theme-post-featured-image.default\">\n\t\t\t\t<div class=\"elementor-widget-container\">\n\t\t\t\t\t\t\t\t\t\t\t\t<figure class=\"wp-caption\">\n\t\t\t\t\t\t\t\t\t\t<img fetchpriority=\"high\" decoding=\"async\" width=\"1024\" height=\"683\" src=\"https:\/\/www.sichere-steiermark.at\/wp-content\/uploads\/2021\/04\/bmwi3_01-1024x683.jpg\" class=\"attachment-large size-large wp-image-1245\" alt=\"\" srcset=\"https:\/\/www.sichere-steiermark.at\/wp-content\/uploads\/2021\/04\/bmwi3_01-1024x683.jpg 1024w, https:\/\/www.sichere-steiermark.at\/wp-content\/uploads\/2021\/04\/bmwi3_01-300x200.jpg 300w, https:\/\/www.sichere-steiermark.at\/wp-content\/uploads\/2021\/04\/bmwi3_01-768x512.jpg 768w, https:\/\/www.sichere-steiermark.at\/wp-content\/uploads\/2021\/04\/bmwi3_01.jpg 1200w\" sizes=\"(max-width: 1024px) 100vw, 1024px\" \/>\t\t\t\t\t\t\t\t\t\t\t<figcaption class=\"widget-image-caption wp-caption-text\">Fotos: Hersteller BMW<\/figcaption>\n\t\t\t\t\t\t\t\t\t\t<\/figure>\n\t\t\t\t\t\t\t\t\t<\/div>\n\t\t\t\t<\/div>\n\t\t\t\t\t<\/div>\n\t\t<\/div>\n\t\t\t\t\t<\/div>\n\t\t<\/section>\n\t\t\t\t<section class=\"elementor-section elementor-top-section elementor-element elementor-element-37746e3e elementor-section-boxed elementor-section-height-default elementor-section-height-default\" data-id=\"37746e3e\" data-element_type=\"section\">\n\t\t\t\t\t\t<div class=\"elementor-container elementor-column-gap-default\">\n\t\t\t\t\t<div class=\"elementor-column elementor-col-100 elementor-top-column elementor-element elementor-element-3d303c47\" data-id=\"3d303c47\" data-element_type=\"column\">\n\t\t\t<div class=\"elementor-widget-wrap elementor-element-populated\">\n\t\t\t\t\t\t<div class=\"elementor-element elementor-element-2264573f elementor-pagination-position-outside elementor-widget elementor-widget-image-carousel\" data-id=\"2264573f\" data-element_type=\"widget\" data-settings=\"{&quot;slides_to_show&quot;:&quot;3&quot;,&quot;navigation&quot;:&quot;dots&quot;,&quot;autoplay&quot;:&quot;yes&quot;,&quot;pause_on_hover&quot;:&quot;yes&quot;,&quot;pause_on_interaction&quot;:&quot;yes&quot;,&quot;autoplay_speed&quot;:5000,&quot;infinite&quot;:&quot;yes&quot;,&quot;speed&quot;:500}\" data-widget_type=\"image-carousel.default\">\n\t\t\t\t<div class=\"elementor-widget-container\">\n\t\t\t\t\t\t\t<div class=\"elementor-image-carousel-wrapper swiper\" role=\"region\" aria-roledescription=\"carousel\" aria-label=\"Bild Karussell\" dir=\"ltr\">\n\t\t\t<div class=\"elementor-image-carousel swiper-wrapper\" aria-live=\"off\">\n\t\t\t\t\t\t\t\t<div class=\"swiper-slide\" role=\"group\" aria-roledescription=\"slide\" aria-label=\"1 von 3\"><a data-elementor-open-lightbox=\"yes\" data-elementor-lightbox-slideshow=\"2264573f\" data-elementor-lightbox-title=\"bmwi3_03\" data-e-action-hash=\"#elementor-action%3Aaction%3Dlightbox%26settings%3DeyJpZCI6MTI0NywidXJsIjoiaHR0cHM6XC9cL3d3dy5zaWNoZXJlLXN0ZWllcm1hcmsuYXRcL3dwLWNvbnRlbnRcL3VwbG9hZHNcLzIwMjFcLzA0XC9ibXdpM18wMy5qcGciLCJzbGlkZXNob3ciOiIyMjY0NTczZiJ9\" href=\"https:\/\/www.sichere-steiermark.at\/wp-content\/uploads\/2021\/04\/bmwi3_03.jpg\"><figure class=\"swiper-slide-inner\"><img decoding=\"async\" class=\"swiper-slide-image\" src=\"https:\/\/www.sichere-steiermark.at\/wp-content\/uploads\/2021\/04\/bmwi3_03-300x200.jpg\" alt=\"bmwi3_03\" \/><\/figure><\/a><\/div><div class=\"swiper-slide\" role=\"group\" aria-roledescription=\"slide\" aria-label=\"2 von 3\"><a data-elementor-open-lightbox=\"yes\" data-elementor-lightbox-slideshow=\"2264573f\" data-elementor-lightbox-title=\"bmwi3_02\" data-e-action-hash=\"#elementor-action%3Aaction%3Dlightbox%26settings%3DeyJpZCI6MTI0NiwidXJsIjoiaHR0cHM6XC9cL3d3dy5zaWNoZXJlLXN0ZWllcm1hcmsuYXRcL3dwLWNvbnRlbnRcL3VwbG9hZHNcLzIwMjFcLzA0XC9ibXdpM18wMi5qcGciLCJzbGlkZXNob3ciOiIyMjY0NTczZiJ9\" href=\"https:\/\/www.sichere-steiermark.at\/wp-content\/uploads\/2021\/04\/bmwi3_02.jpg\"><figure class=\"swiper-slide-inner\"><img decoding=\"async\" class=\"swiper-slide-image\" src=\"https:\/\/www.sichere-steiermark.at\/wp-content\/uploads\/2021\/04\/bmwi3_02-300x200.jpg\" alt=\"bmwi3_02\" \/><\/figure><\/a><\/div><div class=\"swiper-slide\" role=\"group\" aria-roledescription=\"slide\" aria-label=\"3 von 3\"><a data-elementor-open-lightbox=\"yes\" data-elementor-lightbox-slideshow=\"2264573f\" data-elementor-lightbox-title=\"bmwi3_01\" data-e-action-hash=\"#elementor-action%3Aaction%3Dlightbox%26settings%3DeyJpZCI6MTI0NSwidXJsIjoiaHR0cHM6XC9cL3d3dy5zaWNoZXJlLXN0ZWllcm1hcmsuYXRcL3dwLWNvbnRlbnRcL3VwbG9hZHNcLzIwMjFcLzA0XC9ibXdpM18wMS5qcGciLCJzbGlkZXNob3ciOiIyMjY0NTczZiJ9\" href=\"https:\/\/www.sichere-steiermark.at\/wp-content\/uploads\/2021\/04\/bmwi3_01.jpg\"><figure class=\"swiper-slide-inner\"><img decoding=\"async\" class=\"swiper-slide-image\" src=\"https:\/\/www.sichere-steiermark.at\/wp-content\/uploads\/2021\/04\/bmwi3_01-300x200.jpg\" alt=\"bmwi3_01\" \/><\/figure><\/a><\/div>\t\t\t<\/div>\n\t\t\t\t\t\t\t\n\t\t\t\t\t\t\t\t\t<div class=\"swiper-pagination\"><\/div>\n\t\t\t\t\t\t\t\t\t<\/div>\n\t\t\t\t\t\t<\/div>\n\t\t\t\t<\/div>\n\t\t\t\t\t<\/div>\n\t\t<\/div>\n\t\t\t\t\t<\/div>\n\t\t<\/section>\n\t\t\t\t<section class=\"elementor-section elementor-top-section elementor-element elementor-element-6bbca46d elementor-section-boxed elementor-section-height-default elementor-section-height-default\" data-id=\"6bbca46d\" data-element_type=\"section\">\n\t\t\t\t\t\t<div class=\"elementor-container elementor-column-gap-default\">\n\t\t\t\t\t<div class=\"elementor-column elementor-col-100 elementor-top-column elementor-element elementor-element-7feace09\" data-id=\"7feace09\" data-element_type=\"column\">\n\t\t\t<div class=\"elementor-widget-wrap elementor-element-populated\">\n\t\t\t\t\t\t<div class=\"elementor-element elementor-element-72e0457d elementor-widget elementor-widget-theme-post-title elementor-page-title elementor-widget-heading\" data-id=\"72e0457d\" data-element_type=\"widget\" data-widget_type=\"theme-post-title.default\">\n\t\t\t\t<div class=\"elementor-widget-container\">\n\t\t\t\t\t<h1 class=\"elementor-heading-title elementor-size-xl\">Der BMW i3<\/h1>\t\t\t\t<\/div>\n\t\t\t\t<\/div>\n\t\t\t\t\t<\/div>\n\t\t<\/div>\n\t\t\t\t\t<\/div>\n\t\t<\/section>\n\t\t\t\t<section class=\"elementor-section elementor-top-section elementor-element elementor-element-1b31bad1 elementor-section-boxed elementor-section-height-default elementor-section-height-default\" data-id=\"1b31bad1\" data-element_type=\"section\">\n\t\t\t\t\t\t<div class=\"elementor-container elementor-column-gap-default\">\n\t\t\t\t\t<div class=\"elementor-column elementor-col-100 elementor-top-column elementor-element elementor-element-1aa74fe9\" data-id=\"1aa74fe9\" data-element_type=\"column\">\n\t\t\t<div class=\"elementor-widget-wrap elementor-element-populated\">\n\t\t\t\t\t\t<div class=\"elementor-element elementor-element-3567abc7 elementor-widget elementor-widget-text-editor\" data-id=\"3567abc7\" data-element_type=\"widget\" data-widget_type=\"text-editor.default\">\n\t\t\t\t<div class=\"elementor-widget-container\">\n\t\t\t\t\t\t\t\t\t<h3>Pionier der E-Mobilit\u00e4t.<\/h3><p>Steigen Sie ein. Erleben Sie den Vorreiter der E-Mobilit\u00e4t. Der BMW i3 ist mit den modernsten Technologien ausger\u00fcstet. Er vernetzt Sie mit der Welt, informiert, organisiert \u2013 und bringt Sie mit maximaler Sicherheit an Ihr Ziel. Die zahlreichen digitalen Dienste und Fahrassistenzsysteme erm\u00f6glichen Ihnen ein Fahrerlebnis nie dagewesenen Komforts. So sind Sie immer auf dem neuesten Stand. So sind Sie stets informiert. So sind Sie jederzeit bereit f\u00fcr die Stra\u00dfe und neue Wege. <br \/>Weniger ist beim BMW i3 viel mehr: kein Kraftstoffverbrauch, keine CO2-Emissionen \u2013 maximale Freude am Fahren bei bis zu 308 km Reichweite. Vom Fahrwerk bis zur Fahrgastzelle: Die Kombination aus Fahrkomponenten und Leichtbauteilen erm\u00f6glicht die unvergleichliche Fahrdynamik des BMW i3. Mit Stil und richtungsweisendem Design f\u00fcr elektrisierende Fahrfreude.<\/p><h3>Selbstbewusst und sportlich. <br \/>Das Design des BMW i3.<\/h3><p>Der BMW i3 folgt keinen Trends. Er setzt sie. Die progressive Formensprache der Karosserie ist Ausdruck eines selbstbewussten Lifestyles. Au\u00dfen dominieren klare Linien und kurze \u00dcberg\u00e4nge. Die zweifarbig lackierte Oberfl\u00e4che zeigt die Sportlichkeit des BMW i3 auf den ersten Blick. Innen vermitteln nachhaltige Materialen und funktionale Details einzigartigen Lounge-Charakter. \u2009Ausgestattet mit einer Leichtigkeit, die mit nachhaltigen Materialien und funktionalen Details \u00fcberzeugt. Ein Fahrzeug, mit dem Individualit\u00e4t richtungsweisend wird. Die offene T\u00fcr-Konstruktion macht Einsteigen und Beladen so einfach wie nie zuvor. Sind die T\u00fcren geschlossen, \u00fcbernehmen sie die Schutzfunktion der B-S\u00e4ule.<\/p><h3>Schneller weiterfahren. <br \/>Ohne Emissionen.<\/h3><p>Der BMW i3 begegnet den Herausforderungen moderner Mobilit\u00e4t souver\u00e4n und setzt lautlos neue Standards: H\u00f6ren Sie, dass Sie nichts h\u00f6ren. Das intelligente Energiemanagement des BMW i3 sorgt f\u00fcr h\u00f6chste Flexibilit\u00e4t bei maximaler Effizienz \u2013 egal ob im Stadtverkehr oder auf Langstrecken. BMW Charging verschafft Ihnen Zugang zu einem Netzwerk aus weltweit mehr als 450.000 Ladepunkten. Laden Sie die Batterie an einer Schnellladestation in rund 40 Minuten auf bis zu 80 Prozent. Dabei ist nicht nur das Fahren emissionsfrei. Der BMW i3 ist Ergebnis einer neuen ganzheitlichen Haltung zur Mobilit\u00e4t: von der Entwicklung \u00fcber die Produktion bis zur Wiederverwertung des Fahrzeugs. Viele der Materialien sind aus nachwachsenden Rohstoffen gefertigt \u2013 und der BMW i3 wird mit 100 Prozent Strom aus erneuerbaren Quellen hergestellt. Besser kann sich Freude am Fahren nicht anf\u00fchlen.<\/p><h3>Gutes. Staatlich gef\u00f6rdert.<\/h3><p>Entscheiden Sie sich f\u00fcr vollausgereifte E-Mobilit\u00e4t. Entscheiden Sie sich f\u00fcr den BMW i3 und erhalten Sie als Privatkunde 5.000 Euro E-Mobilit\u00e4tsbonus. Auch Unternehmer profitieren von attraktiven Pr\u00e4mien. Integrieren Sie den BMW i3 in Ihre Firmenflotte und bekommen Sie 4.000 Euro E-Mobilit\u00e4tsbonus.<\/p><p>\u00a0<\/p>\t\t\t\t\t\t\t\t<\/div>\n\t\t\t\t<\/div>\n\t\t\t\t\t<\/div>\n\t\t<\/div>\n\t\t\t\t\t<\/div>\n\t\t<\/section>\n\t\t\t\t<section class=\"elementor-section elementor-top-section elementor-element elementor-element-17b0c17c elementor-section-boxed elementor-section-height-default elementor-section-height-default\" data-id=\"17b0c17c\" data-element_type=\"section\">\n\t\t\t\t\t\t<div class=\"elementor-container elementor-column-gap-default\">\n\t\t\t\t\t<div class=\"elementor-column elementor-col-100 elementor-top-column elementor-element elementor-element-272511d9\" data-id=\"272511d9\" data-element_type=\"column\">\n\t\t\t<div class=\"elementor-widget-wrap elementor-element-populated\">\n\t\t\t\t\t\t<div class=\"elementor-element elementor-element-52d65c04 elementor-widget-divider--view-line elementor-widget elementor-widget-divider\" data-id=\"52d65c04\" data-element_type=\"widget\" data-widget_type=\"divider.default\">\n\t\t\t\t<div class=\"elementor-widget-container\">\n\t\t\t\t\t\t\t<div class=\"elementor-divider\">\n\t\t\t<span class=\"elementor-divider-separator\">\n\t\t\t\t\t\t<\/span>\n\t\t<\/div>\n\t\t\t\t\t\t<\/div>\n\t\t\t\t<\/div>\n\t\t\t\t\t<\/div>\n\t\t<\/div>\n\t\t\t\t\t<\/div>\n\t\t<\/section>\n\t\t\t\t<section class=\"elementor-section elementor-top-section elementor-element elementor-element-7a9f1562 elementor-section-boxed elementor-section-height-default elementor-section-height-default\" data-id=\"7a9f1562\" data-element_type=\"section\">\n\t\t\t\t\t\t<div class=\"elementor-container elementor-column-gap-default\">\n\t\t\t\t\t<div class=\"elementor-column elementor-col-100 elementor-top-column elementor-element elementor-element-2881a97b\" data-id=\"2881a97b\" data-element_type=\"column\">\n\t\t\t<div class=\"elementor-widget-wrap elementor-element-populated\">\n\t\t\t\t\t\t<div class=\"elementor-element elementor-element-5ab4828 elementor-align-center elementor-widget elementor-widget-button\" data-id=\"5ab4828\" data-element_type=\"widget\" data-widget_type=\"button.default\">\n\t\t\t\t<div class=\"elementor-widget-container\">\n\t\t\t\t\t\t\t\t\t<div class=\"elementor-button-wrapper\">\n\t\t\t\t\t<a class=\"elementor-button elementor-button-link elementor-size-xs\" href=\"https:\/\/www.bmw.at\/de\/topics\/details\/aufgeladen-mit-freude.html\" target=\"_blank\">\n\t\t\t\t\t\t<span class=\"elementor-button-content-wrapper\">\n\t\t\t\t\t\t\t\t\t<span class=\"elementor-button-text\">BMW<\/span>\n\t\t\t\t\t<\/span>\n\t\t\t\t\t<\/a>\n\t\t\t\t<\/div>\n\t\t\t\t\t\t\t\t<\/div>\n\t\t\t\t<\/div>\n\t\t\t\t\t<\/div>\n\t\t<\/div>\n\t\t\t\t\t<\/div>\n\t\t<\/section>\n\t\t\t\t<\/div>\n\t\t","protected":false},"excerpt":{"rendered":"<p>Pionier der E-Mobilit\u00e4t. Steigen Sie ein. Erleben Sie den Vorreiter der E-Mobilit\u00e4t. Der BMW i3 ist mit den modernsten Technologien ausger\u00fcstet. Er vernetzt Sie mit der Welt, informiert, organisiert \u2013 und bringt Sie mit maximaler Sicherheit an Ihr Ziel. Die zahlreichen digitalen Dienste und Fahrassistenzsysteme erm\u00f6glichen Ihnen ein Fahrerlebnis nie dagewesenen Komforts. So sind Sie [&hellip;]<\/p>\n","protected":false},"author":1,"featured_media":1245,"comment_status":"closed","ping_status":"open","sticky":false,"template":"","format":"standard","meta":{"ocean_post_layout":"","ocean_both_sidebars_style":"","ocean_both_sidebars_content_width":0,"ocean_both_sidebars_sidebars_width":0,"ocean_sidebar":"0","ocean_second_sidebar":"0","ocean_disable_margins":"enable","ocean_add_body_class":"","ocean_shortcode_before_top_bar":"","ocean_shortcode_after_top_bar":"","ocean_shortcode_before_header":"","ocean_shortcode_after_header":"","ocean_has_shortcode":"","ocean_shortcode_after_title":"","ocean_shortcode_before_footer_widgets":"","ocean_shortcode_after_footer_widgets":"","ocean_shortcode_before_footer_bottom":"","ocean_shortcode_after_footer_bottom":"","ocean_display_top_bar":"default","ocean_display_header":"default","ocean_header_style":"","ocean_center_header_left_menu":"0","ocean_custom_header_template":"0","ocean_custom_logo":0,"ocean_custom_retina_logo":0,"ocean_custom_logo_max_width":0,"ocean_custom_logo_tablet_max_width":0,"ocean_custom_logo_mobile_max_width":0,"ocean_custom_logo_max_height":0,"ocean_custom_logo_tablet_max_height":0,"ocean_custom_logo_mobile_max_height":0,"ocean_header_custom_menu":"0","ocean_menu_typo_font_family":"0","ocean_menu_typo_font_subset":"","ocean_menu_typo_font_size":0,"ocean_menu_typo_font_size_tablet":0,"ocean_menu_typo_font_size_mobile":0,"ocean_menu_typo_font_size_unit":"px","ocean_menu_typo_font_weight":"","ocean_menu_typo_font_weight_tablet":"","ocean_menu_typo_font_weight_mobile":"","ocean_menu_typo_transform":"","ocean_menu_typo_transform_tablet":"","ocean_menu_typo_transform_mobile":"","ocean_menu_typo_line_height":0,"ocean_menu_typo_line_height_tablet":0,"ocean_menu_typo_line_height_mobile":0,"ocean_menu_typo_line_height_unit":"","ocean_menu_typo_spacing":0,"ocean_menu_typo_spacing_tablet":0,"ocean_menu_typo_spacing_mobile":0,"ocean_menu_typo_spacing_unit":"","ocean_menu_link_color":"","ocean_menu_link_color_hover":"","ocean_menu_link_color_active":"","ocean_menu_link_background":"","ocean_menu_link_hover_background":"","ocean_menu_link_active_background":"","ocean_menu_social_links_bg":"","ocean_menu_social_hover_links_bg":"","ocean_menu_social_links_color":"","ocean_menu_social_hover_links_color":"","ocean_disable_title":"on","ocean_disable_heading":"default","ocean_post_title":"","ocean_post_subheading":"","ocean_post_title_style":"","ocean_post_title_background_color":"","ocean_post_title_background":0,"ocean_post_title_bg_image_position":"","ocean_post_title_bg_image_attachment":"","ocean_post_title_bg_image_repeat":"","ocean_post_title_bg_image_size":"","ocean_post_title_height":0,"ocean_post_title_bg_overlay":0.5,"ocean_post_title_bg_overlay_color":"","ocean_disable_breadcrumbs":"off","ocean_breadcrumbs_color":"","ocean_breadcrumbs_separator_color":"","ocean_breadcrumbs_links_color":"","ocean_breadcrumbs_links_hover_color":"","ocean_display_footer_widgets":"default","ocean_display_footer_bottom":"default","ocean_custom_footer_template":"0","osh_disable_topbar_sticky":"default","osh_disable_header_sticky":"default","osh_sticky_header_style":"default","osh_sticky_header_effect":"","osh_custom_sticky_logo":0,"osh_custom_retina_sticky_logo":0,"osh_custom_sticky_logo_height":0,"osh_background_color":"","osh_links_color":"","osh_links_hover_color":"","osh_links_active_color":"","osh_links_bg_color":"","osh_links_hover_bg_color":"","osh_links_active_bg_color":"","osh_menu_social_links_color":"","osh_menu_social_hover_links_color":"","ocean_post_oembed":"","ocean_post_self_hosted_media":"","ocean_post_video_embed":"","ocean_link_format":"","ocean_link_format_target":"self","ocean_quote_format":"","ocean_quote_format_link":"post","ocean_gallery_link_images":"off","ocean_gallery_id":[],"footnotes":""},"categories":[7],"tags":[29,45,58],"class_list":["post-1248","post","type-post","status-publish","format-standard","has-post-thumbnail","hentry","category-autos","tag-auto","tag-bmw","tag-e-auto","entry","has-media"],"_links":{"self":[{"href":"https:\/\/www.sichere-steiermark.at\/index.php?rest_route=\/wp\/v2\/posts\/1248","targetHints":{"allow":["GET"]}}],"collection":[{"href":"https:\/\/www.sichere-steiermark.at\/index.php?rest_route=\/wp\/v2\/posts"}],"about":[{"href":"https:\/\/www.sichere-steiermark.at\/index.php?rest_route=\/wp\/v2\/types\/post"}],"author":[{"embeddable":true,"href":"https:\/\/www.sichere-steiermark.at\/index.php?rest_route=\/wp\/v2\/users\/1"}],"replies":[{"embeddable":true,"href":"https:\/\/www.sichere-steiermark.at\/index.php?rest_route=%2Fwp%2Fv2%2Fcomments&post=1248"}],"version-history":[{"count":10,"href":"https:\/\/www.sichere-steiermark.at\/index.php?rest_route=\/wp\/v2\/posts\/1248\/revisions"}],"predecessor-version":[{"id":1259,"href":"https:\/\/www.sichere-steiermark.at\/index.php?rest_route=\/wp\/v2\/posts\/1248\/revisions\/1259"}],"wp:featuredmedia":[{"embeddable":true,"href":"https:\/\/www.sichere-steiermark.at\/index.php?rest_route=\/wp\/v2\/media\/1245"}],"wp:attachment":[{"href":"https:\/\/www.sichere-steiermark.at\/index.php?rest_route=%2Fwp%2Fv2%2Fmedia&parent=1248"}],"wp:term":[{"taxonomy":"category","embeddable":true,"href":"https:\/\/www.sichere-steiermark.at\/index.php?rest_route=%2Fwp%2Fv2%2Fcategories&post=1248"},{"taxonomy":"post_tag","embeddable":true,"href":"https:\/\/www.sichere-steiermark.at\/index.php?rest_route=%2Fwp%2Fv2%2Ftags&post=1248"}],"curies":[{"name":"wp","href":"https:\/\/api.w.org\/{rel}","templated":true}]}}