{"id":1345,"date":"2021-05-10T19:01:15","date_gmt":"2021-05-10T17:01:15","guid":{"rendered":"https:\/\/www.sichere-steiermark.at\/?p=1345"},"modified":"2021-05-10T19:06:04","modified_gmt":"2021-05-10T17:06:04","slug":"30-jahre-autoglas-express-weber","status":"publish","type":"post","link":"https:\/\/www.sichere-steiermark.at\/?p=1345","title":{"rendered":"30 Jahre Autoglas Express Weber"},"content":{"rendered":"\t\t<div data-elementor-type=\"wp-post\" data-elementor-id=\"1345\" class=\"elementor elementor-1345\" data-elementor-post-type=\"post\">\n\t\t\t\t\t\t<section class=\"elementor-section elementor-top-section elementor-element elementor-element-3553e89c elementor-section-boxed elementor-section-height-default elementor-section-height-default\" data-id=\"3553e89c\" data-element_type=\"section\">\n\t\t\t\t\t\t<div class=\"elementor-container elementor-column-gap-default\">\n\t\t\t\t\t<div class=\"elementor-column elementor-col-100 elementor-top-column elementor-element elementor-element-700d36ef\" data-id=\"700d36ef\" data-element_type=\"column\">\n\t\t\t<div class=\"elementor-widget-wrap elementor-element-populated\">\n\t\t\t\t\t\t<div class=\"elementor-element elementor-element-3ddd8c93 elementor-widget elementor-widget-theme-post-featured-image elementor-widget-image\" data-id=\"3ddd8c93\" data-element_type=\"widget\" data-widget_type=\"theme-post-featured-image.default\">\n\t\t\t\t<div class=\"elementor-widget-container\">\n\t\t\t\t\t\t\t\t\t\t\t\t<figure class=\"wp-caption\">\n\t\t\t\t\t\t\t\t\t\t<img fetchpriority=\"high\" decoding=\"async\" width=\"1024\" height=\"683\" src=\"https:\/\/www.sichere-steiermark.at\/wp-content\/uploads\/2021\/05\/weber_02-1024x683.jpg\" class=\"attachment-large size-large wp-image-1347\" alt=\"\" srcset=\"https:\/\/www.sichere-steiermark.at\/wp-content\/uploads\/2021\/05\/weber_02-1024x683.jpg 1024w, https:\/\/www.sichere-steiermark.at\/wp-content\/uploads\/2021\/05\/weber_02-300x200.jpg 300w, https:\/\/www.sichere-steiermark.at\/wp-content\/uploads\/2021\/05\/weber_02-768x512.jpg 768w, https:\/\/www.sichere-steiermark.at\/wp-content\/uploads\/2021\/05\/weber_02.jpg 1200w\" sizes=\"(max-width: 1024px) 100vw, 1024px\" \/>\t\t\t\t\t\t\t\t\t\t\t<figcaption class=\"widget-image-caption wp-caption-text\">Fotos: Printverlag<\/figcaption>\n\t\t\t\t\t\t\t\t\t\t<\/figure>\n\t\t\t\t\t\t\t\t\t<\/div>\n\t\t\t\t<\/div>\n\t\t\t\t\t<\/div>\n\t\t<\/div>\n\t\t\t\t\t<\/div>\n\t\t<\/section>\n\t\t\t\t<section class=\"elementor-section elementor-top-section elementor-element elementor-element-428b8d01 elementor-section-boxed elementor-section-height-default elementor-section-height-default\" data-id=\"428b8d01\" data-element_type=\"section\">\n\t\t\t\t\t\t<div class=\"elementor-container elementor-column-gap-default\">\n\t\t\t\t\t<div class=\"elementor-column elementor-col-100 elementor-top-column elementor-element elementor-element-14beed92\" data-id=\"14beed92\" data-element_type=\"column\">\n\t\t\t<div class=\"elementor-widget-wrap elementor-element-populated\">\n\t\t\t\t\t\t<div class=\"elementor-element elementor-element-4eafce6d elementor-widget elementor-widget-theme-post-title elementor-page-title elementor-widget-heading\" data-id=\"4eafce6d\" data-element_type=\"widget\" data-widget_type=\"theme-post-title.default\">\n\t\t\t\t<div class=\"elementor-widget-container\">\n\t\t\t\t\t<h1 class=\"elementor-heading-title elementor-size-xl\">30 Jahre Autoglas Express Weber<\/h1>\t\t\t\t<\/div>\n\t\t\t\t<\/div>\n\t\t\t\t\t<\/div>\n\t\t<\/div>\n\t\t\t\t\t<\/div>\n\t\t<\/section>\n\t\t\t\t<section class=\"elementor-section elementor-top-section elementor-element elementor-element-20a8bd79 elementor-section-boxed elementor-section-height-default elementor-section-height-default\" data-id=\"20a8bd79\" data-element_type=\"section\">\n\t\t\t\t\t\t<div class=\"elementor-container elementor-column-gap-default\">\n\t\t\t\t\t<div class=\"elementor-column elementor-col-100 elementor-top-column elementor-element elementor-element-4c597d4c\" data-id=\"4c597d4c\" data-element_type=\"column\">\n\t\t\t<div class=\"elementor-widget-wrap elementor-element-populated\">\n\t\t\t\t\t\t<div class=\"elementor-element elementor-element-1258b2db elementor-widget elementor-widget-text-editor\" data-id=\"1258b2db\" data-element_type=\"widget\" data-widget_type=\"text-editor.default\">\n\t\t\t\t<div class=\"elementor-widget-container\">\n\t\t\t\t\t\t\t\t\t<h2>Es gibt sie noch, Unternehmen, die durch den pers\u00f6nlichen Einsatz trotz schwieriger Marktbedingungen erfolgreich und langj\u00e4hrig auf dem Markt bestehen und die sich durch hohe Kompetenz und Qualit\u00e4t auszeichnen. Autoglas Express Weber z\u00e4hlt zu diesen Unternehmen und wir freuen uns, zum 30-j\u00e4hrigen Firmenjubil\u00e4um gratulieren zu d\u00fcrfen.<\/h2><p>Firmenchef Johann Weber hat sich seit 1988 dem Autoglas verschrieben und sein Idealismus und seine Begeisterung f\u00fchrten dazu, dass er 1991 sein eigenes Unternehmen gr\u00fcndete, das er zusammen mit seiner Frau erfolgreich leitet.<br \/>24 Jahre lang betreute er mit seinem mobilen Servicedienst vor allem Busunternehmen. 260 Stammkunden zeugen von der Kundenzufriedenheit und spiegeln die hochwertige Arbeit des Unternehmens wider.<br \/>Aufgrund der hohen Nachfrage verlegte das Unternehmen 2014 seinen Schwerpunkt auf den mobilen Servicedienst f\u00fcr Lkw sowie auf den Pkw-Bereich, der in der Werkstatt in Kroisbach \/ St. Margarethen a.\u2009d.\u2009R. abgewickelt wird.<\/p><p>Der mobile Einsatz wird besonders von Firmen im Lkw- und Busbereich gesch\u00e4tzt, Privatkunden kommen gerne an den Firmenstandort in Kroisbach, wo Windschutzscheiben repariert oder getauscht werden \u2013 und das rasch, unkompliziert und vor allem genau. Johann Weber legt gr\u00f6\u00dften Wert auf Qualit\u00e4t und umfassende Kundenbetreuung. Das zeigt sich z.\u2009\u2009B. in der Verwendung von Originalscheiben in Erstausr\u00fcsterqualit\u00e4t oder in der direkten Verrechnung mit Versicherungen. <br \/>Neben der Reparatur bzw. dem Austausch von Scheiben wird auch die Kalibrierung der Frontkamera f\u00fcr Spurassistenten angeboten oder Scheibenfolierungen durchgef\u00fchrt. Kurzum: \u2009Autoglas Weber ist stets bestrebt, seinen Kunden ein Rund-um- Paket zu bieten.<\/p>\t\t\t\t\t\t\t\t<\/div>\n\t\t\t\t<\/div>\n\t\t\t\t\t<\/div>\n\t\t<\/div>\n\t\t\t\t\t<\/div>\n\t\t<\/section>\n\t\t\t\t<section class=\"elementor-section elementor-top-section elementor-element elementor-element-c8b55a4 elementor-section-boxed elementor-section-height-default elementor-section-height-default\" data-id=\"c8b55a4\" data-element_type=\"section\">\n\t\t\t\t\t\t<div class=\"elementor-container elementor-column-gap-default\">\n\t\t\t\t\t<div class=\"elementor-column elementor-col-100 elementor-top-column elementor-element elementor-element-5375bed\" data-id=\"5375bed\" data-element_type=\"column\">\n\t\t\t<div class=\"elementor-widget-wrap elementor-element-populated\">\n\t\t\t\t\t\t<div class=\"elementor-element elementor-element-3c6d4d4 elementor-widget elementor-widget-image\" data-id=\"3c6d4d4\" data-element_type=\"widget\" data-widget_type=\"image.default\">\n\t\t\t\t<div class=\"elementor-widget-container\">\n\t\t\t\t\t\t\t\t\t\t\t\t\t\t\t<img decoding=\"async\" width=\"1024\" height=\"683\" src=\"https:\/\/www.sichere-steiermark.at\/wp-content\/uploads\/2021\/05\/weber_01-1024x683.jpg\" class=\"attachment-large size-large wp-image-1346\" alt=\"\" srcset=\"https:\/\/www.sichere-steiermark.at\/wp-content\/uploads\/2021\/05\/weber_01-1024x683.jpg 1024w, https:\/\/www.sichere-steiermark.at\/wp-content\/uploads\/2021\/05\/weber_01-300x200.jpg 300w, https:\/\/www.sichere-steiermark.at\/wp-content\/uploads\/2021\/05\/weber_01-768x512.jpg 768w, https:\/\/www.sichere-steiermark.at\/wp-content\/uploads\/2021\/05\/weber_01.jpg 1200w\" sizes=\"(max-width: 1024px) 100vw, 1024px\" \/>\t\t\t\t\t\t\t\t\t\t\t\t\t\t\t<\/div>\n\t\t\t\t<\/div>\n\t\t\t\t\t<\/div>\n\t\t<\/div>\n\t\t\t\t\t<\/div>\n\t\t<\/section>\n\t\t\t\t<section class=\"elementor-section elementor-top-section elementor-element elementor-element-2b7c830d elementor-section-boxed elementor-section-height-default elementor-section-height-default\" data-id=\"2b7c830d\" data-element_type=\"section\">\n\t\t\t\t\t\t<div class=\"elementor-container elementor-column-gap-default\">\n\t\t\t\t\t<div class=\"elementor-column elementor-col-100 elementor-top-column elementor-element elementor-element-741ee18\" data-id=\"741ee18\" data-element_type=\"column\">\n\t\t\t<div class=\"elementor-widget-wrap elementor-element-populated\">\n\t\t\t\t\t\t<div class=\"elementor-element elementor-element-215379bc elementor-widget-divider--view-line elementor-widget elementor-widget-divider\" data-id=\"215379bc\" data-element_type=\"widget\" data-widget_type=\"divider.default\">\n\t\t\t\t<div class=\"elementor-widget-container\">\n\t\t\t\t\t\t\t<div class=\"elementor-divider\">\n\t\t\t<span class=\"elementor-divider-separator\">\n\t\t\t\t\t\t<\/span>\n\t\t<\/div>\n\t\t\t\t\t\t<\/div>\n\t\t\t\t<\/div>\n\t\t\t\t\t<\/div>\n\t\t<\/div>\n\t\t\t\t\t<\/div>\n\t\t<\/section>\n\t\t\t\t<section class=\"elementor-section elementor-top-section elementor-element elementor-element-3cf3959d elementor-section-boxed elementor-section-height-default elementor-section-height-default\" data-id=\"3cf3959d\" data-element_type=\"section\">\n\t\t\t\t\t\t<div class=\"elementor-container elementor-column-gap-default\">\n\t\t\t\t\t<div class=\"elementor-column elementor-col-100 elementor-top-column elementor-element elementor-element-60837705\" data-id=\"60837705\" data-element_type=\"column\">\n\t\t\t<div class=\"elementor-widget-wrap elementor-element-populated\">\n\t\t\t\t\t\t<div class=\"elementor-element elementor-element-278105be elementor-align-center elementor-widget elementor-widget-button\" data-id=\"278105be\" data-element_type=\"widget\" data-widget_type=\"button.default\">\n\t\t\t\t<div class=\"elementor-widget-container\">\n\t\t\t\t\t\t\t\t\t<div class=\"elementor-button-wrapper\">\n\t\t\t\t\t<a class=\"elementor-button elementor-button-link elementor-size-xs\" href=\"https:\/\/www.autoglas-weber.at\/\" target=\"_blank\">\n\t\t\t\t\t\t<span class=\"elementor-button-content-wrapper\">\n\t\t\t\t\t\t\t\t\t<span class=\"elementor-button-text\">Autoglas Express Weber<\/span>\n\t\t\t\t\t<\/span>\n\t\t\t\t\t<\/a>\n\t\t\t\t<\/div>\n\t\t\t\t\t\t\t\t<\/div>\n\t\t\t\t<\/div>\n\t\t\t\t\t<\/div>\n\t\t<\/div>\n\t\t\t\t\t<\/div>\n\t\t<\/section>\n\t\t\t\t<\/div>\n\t\t","protected":false},"excerpt":{"rendered":"<p>Es gibt sie noch, Unternehmen, die durch den pers\u00f6nlichen Einsatz trotz schwieriger Marktbedingungen erfolgreich und langj\u00e4hrig auf dem Markt bestehen und die sich durch hohe Kompetenz und Qualit\u00e4t auszeichnen. Autoglas Express Weber z\u00e4hlt zu diesen Unternehmen und wir freuen uns, zum 30-j\u00e4hrigen Firmenjubil\u00e4um gratulieren zu d\u00fcrfen. Firmenchef Johann Weber hat sich seit 1988 dem Autoglas [&hellip;]<\/p>\n","protected":false},"author":1,"featured_media":1347,"comment_status":"closed","ping_status":"open","sticky":false,"template":"","format":"standard","meta":{"ocean_post_layout":"","ocean_both_sidebars_style":"","ocean_both_sidebars_content_width":0,"ocean_both_sidebars_sidebars_width":0,"ocean_sidebar":"0","ocean_second_sidebar":"0","ocean_disable_margins":"enable","ocean_add_body_class":"","ocean_shortcode_before_top_bar":"","ocean_shortcode_after_top_bar":"","ocean_shortcode_before_header":"","ocean_shortcode_after_header":"","ocean_has_shortcode":"","ocean_shortcode_after_title":"","ocean_shortcode_before_footer_widgets":"","ocean_shortcode_after_footer_widgets":"","ocean_shortcode_before_footer_bottom":"","ocean_shortcode_after_footer_bottom":"","ocean_display_top_bar":"default","ocean_display_header":"default","ocean_header_style":"","ocean_center_header_left_menu":"0","ocean_custom_header_template":"0","ocean_custom_logo":0,"ocean_custom_retina_logo":0,"ocean_custom_logo_max_width":0,"ocean_custom_logo_tablet_max_width":0,"ocean_custom_logo_mobile_max_width":0,"ocean_custom_logo_max_height":0,"ocean_custom_logo_tablet_max_height":0,"ocean_custom_logo_mobile_max_height":0,"ocean_header_custom_menu":"0","ocean_menu_typo_font_family":"0","ocean_menu_typo_font_subset":"","ocean_menu_typo_font_size":0,"ocean_menu_typo_font_size_tablet":0,"ocean_menu_typo_font_size_mobile":0,"ocean_menu_typo_font_size_unit":"px","ocean_menu_typo_font_weight":"","ocean_menu_typo_font_weight_tablet":"","ocean_menu_typo_font_weight_mobile":"","ocean_menu_typo_transform":"","ocean_menu_typo_transform_tablet":"","ocean_menu_typo_transform_mobile":"","ocean_menu_typo_line_height":0,"ocean_menu_typo_line_height_tablet":0,"ocean_menu_typo_line_height_mobile":0,"ocean_menu_typo_line_height_unit":"","ocean_menu_typo_spacing":0,"ocean_menu_typo_spacing_tablet":0,"ocean_menu_typo_spacing_mobile":0,"ocean_menu_typo_spacing_unit":"","ocean_menu_link_color":"","ocean_menu_link_color_hover":"","ocean_menu_link_color_active":"","ocean_menu_link_background":"","ocean_menu_link_hover_background":"","ocean_menu_link_active_background":"","ocean_menu_social_links_bg":"","ocean_menu_social_hover_links_bg":"","ocean_menu_social_links_color":"","ocean_menu_social_hover_links_color":"","ocean_disable_title":"on","ocean_disable_heading":"default","ocean_post_title":"","ocean_post_subheading":"","ocean_post_title_style":"","ocean_post_title_background_color":"","ocean_post_title_background":0,"ocean_post_title_bg_image_position":"","ocean_post_title_bg_image_attachment":"","ocean_post_title_bg_image_repeat":"","ocean_post_title_bg_image_size":"","ocean_post_title_height":0,"ocean_post_title_bg_overlay":0.5,"ocean_post_title_bg_overlay_color":"","ocean_disable_breadcrumbs":"off","ocean_breadcrumbs_color":"","ocean_breadcrumbs_separator_color":"","ocean_breadcrumbs_links_color":"","ocean_breadcrumbs_links_hover_color":"","ocean_display_footer_widgets":"default","ocean_display_footer_bottom":"default","ocean_custom_footer_template":"0","osh_disable_topbar_sticky":"default","osh_disable_header_sticky":"default","osh_sticky_header_style":"default","osh_sticky_header_effect":"","osh_custom_sticky_logo":0,"osh_custom_retina_sticky_logo":0,"osh_custom_sticky_logo_height":0,"osh_background_color":"","osh_links_color":"","osh_links_hover_color":"","osh_links_active_color":"","osh_links_bg_color":"","osh_links_hover_bg_color":"","osh_links_active_bg_color":"","osh_menu_social_links_color":"","osh_menu_social_hover_links_color":"","ocean_post_oembed":"","ocean_post_self_hosted_media":"","ocean_post_video_embed":"","ocean_link_format":"","ocean_link_format_target":"self","ocean_quote_format":"","ocean_quote_format_link":"post","ocean_gallery_link_images":"off","ocean_gallery_id":[],"footnotes":""},"categories":[21],"tags":[147,149,148],"class_list":["post-1345","post","type-post","status-publish","format-standard","has-post-thumbnail","hentry","category-specials","tag-reparatur","tag-scheibe","tag-weber","entry","has-media"],"_links":{"self":[{"href":"https:\/\/www.sichere-steiermark.at\/index.php?rest_route=\/wp\/v2\/posts\/1345","targetHints":{"allow":["GET"]}}],"collection":[{"href":"https:\/\/www.sichere-steiermark.at\/index.php?rest_route=\/wp\/v2\/posts"}],"about":[{"href":"https:\/\/www.sichere-steiermark.at\/index.php?rest_route=\/wp\/v2\/types\/post"}],"author":[{"embeddable":true,"href":"https:\/\/www.sichere-steiermark.at\/index.php?rest_route=\/wp\/v2\/users\/1"}],"replies":[{"embeddable":true,"href":"https:\/\/www.sichere-steiermark.at\/index.php?rest_route=%2Fwp%2Fv2%2Fcomments&post=1345"}],"version-history":[{"count":4,"href":"https:\/\/www.sichere-steiermark.at\/index.php?rest_route=\/wp\/v2\/posts\/1345\/revisions"}],"predecessor-version":[{"id":1352,"href":"https:\/\/www.sichere-steiermark.at\/index.php?rest_route=\/wp\/v2\/posts\/1345\/revisions\/1352"}],"wp:featuredmedia":[{"embeddable":true,"href":"https:\/\/www.sichere-steiermark.at\/index.php?rest_route=\/wp\/v2\/media\/1347"}],"wp:attachment":[{"href":"https:\/\/www.sichere-steiermark.at\/index.php?rest_route=%2Fwp%2Fv2%2Fmedia&parent=1345"}],"wp:term":[{"taxonomy":"category","embeddable":true,"href":"https:\/\/www.sichere-steiermark.at\/index.php?rest_route=%2Fwp%2Fv2%2Fcategories&post=1345"},{"taxonomy":"post_tag","embeddable":true,"href":"https:\/\/www.sichere-steiermark.at\/index.php?rest_route=%2Fwp%2Fv2%2Ftags&post=1345"}],"curies":[{"name":"wp","href":"https:\/\/api.w.org\/{rel}","templated":true}]}}