{"id":1426,"date":"2021-06-21T17:13:11","date_gmt":"2021-06-21T15:13:11","guid":{"rendered":"https:\/\/www.sichere-steiermark.at\/?p=1426"},"modified":"2021-06-21T17:20:33","modified_gmt":"2021-06-21T15:20:33","slug":"ein-sommer-in-fuerstenfeld","status":"publish","type":"post","link":"https:\/\/www.sichere-steiermark.at\/?p=1426","title":{"rendered":"Ein Sommer in F\u00fcrstenfeld"},"content":{"rendered":"\t\t<div data-elementor-type=\"wp-post\" data-elementor-id=\"1426\" class=\"elementor elementor-1426\" data-elementor-post-type=\"post\">\n\t\t\t\t\t\t<section class=\"elementor-section elementor-top-section elementor-element elementor-element-522b6947 elementor-section-boxed elementor-section-height-default elementor-section-height-default\" data-id=\"522b6947\" data-element_type=\"section\">\n\t\t\t\t\t\t<div class=\"elementor-container elementor-column-gap-default\">\n\t\t\t\t\t<div class=\"elementor-column elementor-col-100 elementor-top-column elementor-element elementor-element-1df65740\" data-id=\"1df65740\" data-element_type=\"column\">\n\t\t\t<div class=\"elementor-widget-wrap elementor-element-populated\">\n\t\t\t\t\t\t<div class=\"elementor-element elementor-element-298ca555 elementor-widget elementor-widget-theme-post-featured-image elementor-widget-image\" data-id=\"298ca555\" data-element_type=\"widget\" data-widget_type=\"theme-post-featured-image.default\">\n\t\t\t\t<div class=\"elementor-widget-container\">\n\t\t\t\t\t\t\t\t\t\t\t\t<figure class=\"wp-caption\">\n\t\t\t\t\t\t\t\t\t\t<img fetchpriority=\"high\" decoding=\"async\" width=\"1024\" height=\"683\" src=\"https:\/\/www.sichere-steiermark.at\/wp-content\/uploads\/2021\/06\/3729_fuerstenfeld_jean_van_luelik-1024x683.jpg\" class=\"attachment-large size-large wp-image-1428\" alt=\"\" srcset=\"https:\/\/www.sichere-steiermark.at\/wp-content\/uploads\/2021\/06\/3729_fuerstenfeld_jean_van_luelik-1024x683.jpg 1024w, https:\/\/www.sichere-steiermark.at\/wp-content\/uploads\/2021\/06\/3729_fuerstenfeld_jean_van_luelik-300x200.jpg 300w, https:\/\/www.sichere-steiermark.at\/wp-content\/uploads\/2021\/06\/3729_fuerstenfeld_jean_van_luelik-768x512.jpg 768w, https:\/\/www.sichere-steiermark.at\/wp-content\/uploads\/2021\/06\/3729_fuerstenfeld_jean_van_luelik.jpg 1200w\" sizes=\"(max-width: 1024px) 100vw, 1024px\" \/>\t\t\t\t\t\t\t\t\t\t\t<figcaption class=\"widget-image-caption wp-caption-text\">Foto: Jean Van Luelik<\/figcaption>\n\t\t\t\t\t\t\t\t\t\t<\/figure>\n\t\t\t\t\t\t\t\t\t<\/div>\n\t\t\t\t<\/div>\n\t\t\t\t\t<\/div>\n\t\t<\/div>\n\t\t\t\t\t<\/div>\n\t\t<\/section>\n\t\t\t\t<section class=\"elementor-section elementor-top-section elementor-element elementor-element-5d44520f elementor-section-boxed elementor-section-height-default elementor-section-height-default\" data-id=\"5d44520f\" data-element_type=\"section\">\n\t\t\t\t\t\t<div class=\"elementor-container elementor-column-gap-default\">\n\t\t\t\t\t<div class=\"elementor-column elementor-col-100 elementor-top-column elementor-element elementor-element-344e04c8\" data-id=\"344e04c8\" data-element_type=\"column\">\n\t\t\t<div class=\"elementor-widget-wrap elementor-element-populated\">\n\t\t\t\t\t\t<div class=\"elementor-element elementor-element-103b6df6 elementor-widget elementor-widget-theme-post-title elementor-page-title elementor-widget-heading\" data-id=\"103b6df6\" data-element_type=\"widget\" data-widget_type=\"theme-post-title.default\">\n\t\t\t\t<div class=\"elementor-widget-container\">\n\t\t\t\t\t<h1 class=\"elementor-heading-title elementor-size-xl\">Ein Sommer in F\u00fcrstenfeld<\/h1>\t\t\t\t<\/div>\n\t\t\t\t<\/div>\n\t\t\t\t\t<\/div>\n\t\t<\/div>\n\t\t\t\t\t<\/div>\n\t\t<\/section>\n\t\t\t\t<section class=\"elementor-section elementor-top-section elementor-element elementor-element-3edfe248 elementor-section-boxed elementor-section-height-default elementor-section-height-default\" data-id=\"3edfe248\" data-element_type=\"section\">\n\t\t\t\t\t\t<div class=\"elementor-container elementor-column-gap-default\">\n\t\t\t\t\t<div class=\"elementor-column elementor-col-100 elementor-top-column elementor-element elementor-element-5d246608\" data-id=\"5d246608\" data-element_type=\"column\">\n\t\t\t<div class=\"elementor-widget-wrap elementor-element-populated\">\n\t\t\t\t\t\t<div class=\"elementor-element elementor-element-556c65f1 elementor-widget elementor-widget-text-editor\" data-id=\"556c65f1\" data-element_type=\"widget\" data-widget_type=\"text-editor.default\">\n\t\t\t\t<div class=\"elementor-widget-container\">\n\t\t\t\t\t\t\t\t\t<h3>Ein top moderner Campingplatz mit direktem Gratis-Zugang zum gr\u00f6\u00dften Beckenfreibad Europas \u2013 F\u00fcrstenfeld hat\u00b4s! Die idyllische Anlage und die Thermenhauptstadt F\u00fcrstenfeld haben aber noch viel mehr zu bieten!<\/h3>\n<p>1965 wurde in F\u00fcrstenfeld das gr\u00f6\u00dfte Beckenfreibad \u00d6sterreichs er\u00f6ffnet, 1984 wurde die Stadt durch den STS-Hit \u201eF\u00fcrstenfeld\u201c bekannt. Dieses \u201eI w\u00fcl ham noch F\u00fcrstenfeld\u201c ist auch das meistgespielte Lied auf dem Campingplatz, der nach einer Generalsanierung keine W\u00fcnsche offenl\u00e4sst. <br>Der Platz \u2013 zwischen dem Buchwald, der Feistritz und dem Freibad gelegen \u2013 erfreut sich aufgrund seiner Lage und modernster Ausstattung gr\u00f6\u00dfter Beliebtheit. Die Camper haben w\u00e4hrend ihres gesamten Aufenthalts freien Eintritt in das Freibad, wo man sich beim Sprung vom 10-m-Turm auch einen Adrenalin-Kick holen kann. Der \u201eGro\u00dfvater\u201c \u2013 um bei den STS-Liedern zu bleiben \u2013 ist einer der vielen Stammg\u00e4ste auf dem Campingplatz und sagt schon am Morgen \u201eDa kummt die Sunn\u201c, wenn die ersten Strahlen auf die 23.000 m2 gro\u00dfe Wasserfl\u00e4che fallen.<\/p>\n<p>Zugleich ist der Campingplatz auch Ausgangspunkt f\u00fcr wundersch\u00f6ne Fahrrad-Ausfl\u00fcge in die Region, wie bereits die Namen \u201eFantastische Tour\u201c oder \u201eGaumenfreudentour\u201c verraten. \u201eDas Feuer\u201c brennt in allen F\u00fcrstenfelder Gastronomiebetrieben, wo G\u00e4ste nicht nur mit regionalen Gen\u00fcssen verw\u00f6hnt werden. Die ehemalige Festungsstadt bietet auch interessante F\u00fchrungen in die geschichtstr\u00e4chtige Vergangenheit der Stadt wie die Bedrohungen durch die T\u00fcrken oder einen Gang durch die Bunker, wo einem bei Bildern aus dem 2. Weltkrieg \u201ekalt und k\u00e4lter\u201c wird.<\/p>\n<p>Aber auch das \u201eM\u00e4rchenschloss\u201c findet man in F\u00fcrstenfeld, wenn man auf dem Sagenpfad in den Mythos der Sagenwelt eintaucht. Sieben Motorikstationen machen diesen Lehrweg zum Spa\u00df und Erlebnis f\u00fcr K\u00f6rper, Geist und Seele. Bei einem Stadtrundgang (Folder liegen am Campingplatz oder im Tourismusb\u00fcro auf) bekommt man eine \u201e\u00dcberdosis G\u2019f\u00fchl\u201c vermittelt, weil F\u00fcrstenfeld mit seinen vielen Gesch\u00e4ften und Lokalen ein ganz besonderes Flair auf seine G\u00e4ste aus\u00fcbt.<\/p>\n<p>Und ganz im Vertrauen: Es gibt bereits viele Menschen, f\u00fcr die F\u00fcrstenfeld nach einem Urlaub zu ihrer neuen Heimat geworden ist. STS wussten das bereits 1985, als erstmals \u201eIrgendwann bleib i dann dort\u201c gespielt wurde. F\u00fcrstenfeld freut sich auf Sie!<\/p>\n<p>Infos: Tourismusverband F\u00fcrstenfeld<br>Hauptstra\u00dfe 2a, 8280 F\u00fcrstenfeld, Tel.: 0 33 82 \/ 55 4 70<br>Mail: tourismusverband@fuerstenfeld.at | www.thermenhauptstadt.at<\/p>\t\t\t\t\t\t\t\t<\/div>\n\t\t\t\t<\/div>\n\t\t\t\t\t<\/div>\n\t\t<\/div>\n\t\t\t\t\t<\/div>\n\t\t<\/section>\n\t\t\t\t<section class=\"elementor-section elementor-top-section elementor-element elementor-element-441cc253 elementor-section-boxed elementor-section-height-default elementor-section-height-default\" data-id=\"441cc253\" data-element_type=\"section\">\n\t\t\t\t\t\t<div class=\"elementor-container elementor-column-gap-default\">\n\t\t\t\t\t<div class=\"elementor-column elementor-col-100 elementor-top-column elementor-element elementor-element-6cdf18a8\" data-id=\"6cdf18a8\" data-element_type=\"column\">\n\t\t\t<div class=\"elementor-widget-wrap elementor-element-populated\">\n\t\t\t\t\t\t<div class=\"elementor-element elementor-element-b282fc3 elementor-widget elementor-widget-image\" data-id=\"b282fc3\" data-element_type=\"widget\" data-widget_type=\"image.default\">\n\t\t\t\t<div class=\"elementor-widget-container\">\n\t\t\t\t\t\t\t\t\t\t\t\t<figure class=\"wp-caption\">\n\t\t\t\t\t\t\t\t\t\t<img decoding=\"async\" width=\"1024\" height=\"683\" src=\"https:\/\/www.sichere-steiermark.at\/wp-content\/uploads\/2021\/06\/3729_fuerstenfeld_rutsche_HaraldEisenberger-1024x683.jpg\" class=\"attachment-large size-large wp-image-1427\" alt=\"\" srcset=\"https:\/\/www.sichere-steiermark.at\/wp-content\/uploads\/2021\/06\/3729_fuerstenfeld_rutsche_HaraldEisenberger-1024x683.jpg 1024w, https:\/\/www.sichere-steiermark.at\/wp-content\/uploads\/2021\/06\/3729_fuerstenfeld_rutsche_HaraldEisenberger-300x200.jpg 300w, https:\/\/www.sichere-steiermark.at\/wp-content\/uploads\/2021\/06\/3729_fuerstenfeld_rutsche_HaraldEisenberger-768x512.jpg 768w, https:\/\/www.sichere-steiermark.at\/wp-content\/uploads\/2021\/06\/3729_fuerstenfeld_rutsche_HaraldEisenberger.jpg 1200w\" sizes=\"(max-width: 1024px) 100vw, 1024px\" \/>\t\t\t\t\t\t\t\t\t\t\t<figcaption class=\"widget-image-caption wp-caption-text\">F\u00fcrstenfeld hat ganz viel zu bieten: Neben dem bekannten und tollen Freibad bieten sich Ausfl\u00fcge in die Umgebung an, Besuche geschichtstr\u00e4chtiger Orte oder der mythische Sagenpfad.  | Foto: Harald Eisenberger<\/figcaption>\n\t\t\t\t\t\t\t\t\t\t<\/figure>\n\t\t\t\t\t\t\t\t\t<\/div>\n\t\t\t\t<\/div>\n\t\t\t\t<div class=\"elementor-element elementor-element-18c6b470 elementor-widget-divider--view-line elementor-widget elementor-widget-divider\" data-id=\"18c6b470\" data-element_type=\"widget\" data-widget_type=\"divider.default\">\n\t\t\t\t<div class=\"elementor-widget-container\">\n\t\t\t\t\t\t\t<div class=\"elementor-divider\">\n\t\t\t<span class=\"elementor-divider-separator\">\n\t\t\t\t\t\t<\/span>\n\t\t<\/div>\n\t\t\t\t\t\t<\/div>\n\t\t\t\t<\/div>\n\t\t\t\t\t<\/div>\n\t\t<\/div>\n\t\t\t\t\t<\/div>\n\t\t<\/section>\n\t\t\t\t<section class=\"elementor-section elementor-top-section elementor-element elementor-element-21e53f04 elementor-section-boxed elementor-section-height-default elementor-section-height-default\" data-id=\"21e53f04\" data-element_type=\"section\">\n\t\t\t\t\t\t<div class=\"elementor-container elementor-column-gap-default\">\n\t\t\t\t\t<div class=\"elementor-column elementor-col-100 elementor-top-column elementor-element elementor-element-5c82e9b2\" data-id=\"5c82e9b2\" data-element_type=\"column\">\n\t\t\t<div class=\"elementor-widget-wrap elementor-element-populated\">\n\t\t\t\t\t\t<div class=\"elementor-element elementor-element-3959c3f6 elementor-align-center elementor-widget elementor-widget-button\" data-id=\"3959c3f6\" data-element_type=\"widget\" data-widget_type=\"button.default\">\n\t\t\t\t<div class=\"elementor-widget-container\">\n\t\t\t\t\t\t\t\t\t<div class=\"elementor-button-wrapper\">\n\t\t\t\t\t<a class=\"elementor-button elementor-button-link elementor-size-xs\" href=\"https:\/\/www.thermenhauptstadt.at\/\" target=\"_blank\">\n\t\t\t\t\t\t<span class=\"elementor-button-content-wrapper\">\n\t\t\t\t\t\t\t\t\t<span class=\"elementor-button-text\">Tourismusverband F\u00fcrstenfeld<\/span>\n\t\t\t\t\t<\/span>\n\t\t\t\t\t<\/a>\n\t\t\t\t<\/div>\n\t\t\t\t\t\t\t\t<\/div>\n\t\t\t\t<\/div>\n\t\t\t\t\t<\/div>\n\t\t<\/div>\n\t\t\t\t\t<\/div>\n\t\t<\/section>\n\t\t\t\t<section class=\"elementor-section elementor-top-section elementor-element elementor-element-af9c9f5 elementor-section-boxed elementor-section-height-default elementor-section-height-default\" data-id=\"af9c9f5\" data-element_type=\"section\">\n\t\t\t\t\t\t<div class=\"elementor-container elementor-column-gap-default\">\n\t\t\t\t\t<div class=\"elementor-column elementor-col-100 elementor-top-column elementor-element elementor-element-020524d\" data-id=\"020524d\" data-element_type=\"column\">\n\t\t\t<div class=\"elementor-widget-wrap\">\n\t\t\t\t\t\t\t<\/div>\n\t\t<\/div>\n\t\t\t\t\t<\/div>\n\t\t<\/section>\n\t\t\t\t<\/div>\n\t\t","protected":false},"excerpt":{"rendered":"<p>Ein top moderner Campingplatz mit direktem Gratis-Zugang zum gr\u00f6\u00dften Beckenfreibad Europas \u2013 F\u00fcrstenfeld hat\u00b4s! Die idyllische Anlage und die Thermenhauptstadt F\u00fcrstenfeld haben aber noch viel mehr zu bieten! 1965 wurde in F\u00fcrstenfeld das gr\u00f6\u00dfte Beckenfreibad \u00d6sterreichs er\u00f6ffnet, 1984 wurde die Stadt durch den STS-Hit \u201eF\u00fcrstenfeld\u201c bekannt. Dieses \u201eI w\u00fcl ham noch F\u00fcrstenfeld\u201c ist auch das [&hellip;]<\/p>\n","protected":false},"author":1,"featured_media":1428,"comment_status":"closed","ping_status":"open","sticky":false,"template":"","format":"standard","meta":{"ocean_post_layout":"","ocean_both_sidebars_style":"","ocean_both_sidebars_content_width":0,"ocean_both_sidebars_sidebars_width":0,"ocean_sidebar":"0","ocean_second_sidebar":"0","ocean_disable_margins":"enable","ocean_add_body_class":"","ocean_shortcode_before_top_bar":"","ocean_shortcode_after_top_bar":"","ocean_shortcode_before_header":"","ocean_shortcode_after_header":"","ocean_has_shortcode":"","ocean_shortcode_after_title":"","ocean_shortcode_before_footer_widgets":"","ocean_shortcode_after_footer_widgets":"","ocean_shortcode_before_footer_bottom":"","ocean_shortcode_after_footer_bottom":"","ocean_display_top_bar":"default","ocean_display_header":"default","ocean_header_style":"","ocean_center_header_left_menu":"0","ocean_custom_header_template":"0","ocean_custom_logo":0,"ocean_custom_retina_logo":0,"ocean_custom_logo_max_width":0,"ocean_custom_logo_tablet_max_width":0,"ocean_custom_logo_mobile_max_width":0,"ocean_custom_logo_max_height":0,"ocean_custom_logo_tablet_max_height":0,"ocean_custom_logo_mobile_max_height":0,"ocean_header_custom_menu":"0","ocean_menu_typo_font_family":"0","ocean_menu_typo_font_subset":"","ocean_menu_typo_font_size":0,"ocean_menu_typo_font_size_tablet":0,"ocean_menu_typo_font_size_mobile":0,"ocean_menu_typo_font_size_unit":"px","ocean_menu_typo_font_weight":"","ocean_menu_typo_font_weight_tablet":"","ocean_menu_typo_font_weight_mobile":"","ocean_menu_typo_transform":"","ocean_menu_typo_transform_tablet":"","ocean_menu_typo_transform_mobile":"","ocean_menu_typo_line_height":0,"ocean_menu_typo_line_height_tablet":0,"ocean_menu_typo_line_height_mobile":0,"ocean_menu_typo_line_height_unit":"","ocean_menu_typo_spacing":0,"ocean_menu_typo_spacing_tablet":0,"ocean_menu_typo_spacing_mobile":0,"ocean_menu_typo_spacing_unit":"","ocean_menu_link_color":"","ocean_menu_link_color_hover":"","ocean_menu_link_color_active":"","ocean_menu_link_background":"","ocean_menu_link_hover_background":"","ocean_menu_link_active_background":"","ocean_menu_social_links_bg":"","ocean_menu_social_hover_links_bg":"","ocean_menu_social_links_color":"","ocean_menu_social_hover_links_color":"","ocean_disable_title":"on","ocean_disable_heading":"default","ocean_post_title":"","ocean_post_subheading":"","ocean_post_title_style":"","ocean_post_title_background_color":"","ocean_post_title_background":0,"ocean_post_title_bg_image_position":"","ocean_post_title_bg_image_attachment":"","ocean_post_title_bg_image_repeat":"","ocean_post_title_bg_image_size":"","ocean_post_title_height":0,"ocean_post_title_bg_overlay":0.5,"ocean_post_title_bg_overlay_color":"","ocean_disable_breadcrumbs":"off","ocean_breadcrumbs_color":"","ocean_breadcrumbs_separator_color":"","ocean_breadcrumbs_links_color":"","ocean_breadcrumbs_links_hover_color":"","ocean_display_footer_widgets":"default","ocean_display_footer_bottom":"default","ocean_custom_footer_template":"0","osh_disable_topbar_sticky":"default","osh_disable_header_sticky":"default","osh_sticky_header_style":"default","osh_sticky_header_effect":"","osh_custom_sticky_logo":0,"osh_custom_retina_sticky_logo":0,"osh_custom_sticky_logo_height":0,"osh_background_color":"","osh_links_color":"","osh_links_hover_color":"","osh_links_active_color":"","osh_links_bg_color":"","osh_links_hover_bg_color":"","osh_links_active_bg_color":"","osh_menu_social_links_color":"","osh_menu_social_hover_links_color":"","ocean_post_oembed":"","ocean_post_self_hosted_media":"","ocean_post_video_embed":"","ocean_link_format":"","ocean_link_format_target":"self","ocean_quote_format":"","ocean_quote_format_link":"post","ocean_gallery_link_images":"off","ocean_gallery_id":[],"footnotes":""},"categories":[4],"tags":[153,154,78],"class_list":["post-1426","post","type-post","status-publish","format-standard","has-post-thumbnail","hentry","category-aktivitaeten","tag-fuerstenfeld","tag-sommer","tag-urlaub","entry","has-media"],"_links":{"self":[{"href":"https:\/\/www.sichere-steiermark.at\/index.php?rest_route=\/wp\/v2\/posts\/1426","targetHints":{"allow":["GET"]}}],"collection":[{"href":"https:\/\/www.sichere-steiermark.at\/index.php?rest_route=\/wp\/v2\/posts"}],"about":[{"href":"https:\/\/www.sichere-steiermark.at\/index.php?rest_route=\/wp\/v2\/types\/post"}],"author":[{"embeddable":true,"href":"https:\/\/www.sichere-steiermark.at\/index.php?rest_route=\/wp\/v2\/users\/1"}],"replies":[{"embeddable":true,"href":"https:\/\/www.sichere-steiermark.at\/index.php?rest_route=%2Fwp%2Fv2%2Fcomments&post=1426"}],"version-history":[{"count":14,"href":"https:\/\/www.sichere-steiermark.at\/index.php?rest_route=\/wp\/v2\/posts\/1426\/revisions"}],"predecessor-version":[{"id":1443,"href":"https:\/\/www.sichere-steiermark.at\/index.php?rest_route=\/wp\/v2\/posts\/1426\/revisions\/1443"}],"wp:featuredmedia":[{"embeddable":true,"href":"https:\/\/www.sichere-steiermark.at\/index.php?rest_route=\/wp\/v2\/media\/1428"}],"wp:attachment":[{"href":"https:\/\/www.sichere-steiermark.at\/index.php?rest_route=%2Fwp%2Fv2%2Fmedia&parent=1426"}],"wp:term":[{"taxonomy":"category","embeddable":true,"href":"https:\/\/www.sichere-steiermark.at\/index.php?rest_route=%2Fwp%2Fv2%2Fcategories&post=1426"},{"taxonomy":"post_tag","embeddable":true,"href":"https:\/\/www.sichere-steiermark.at\/index.php?rest_route=%2Fwp%2Fv2%2Ftags&post=1426"}],"curies":[{"name":"wp","href":"https:\/\/api.w.org\/{rel}","templated":true}]}}