{"id":1491,"date":"2021-06-25T16:04:04","date_gmt":"2021-06-25T14:04:04","guid":{"rendered":"https:\/\/www.sichere-steiermark.at\/?p=1491"},"modified":"2021-06-25T16:45:19","modified_gmt":"2021-06-25T14:45:19","slug":"die-steirischen-sommerbergbahnen","status":"publish","type":"post","link":"https:\/\/www.sichere-steiermark.at\/?p=1491","title":{"rendered":"Die steirischen Sommerbergbahnen"},"content":{"rendered":"\t\t<div data-elementor-type=\"wp-post\" data-elementor-id=\"1491\" class=\"elementor elementor-1491\" data-elementor-post-type=\"post\">\n\t\t\t\t\t\t<section class=\"elementor-section elementor-top-section elementor-element elementor-element-3046cb44 elementor-section-boxed elementor-section-height-default elementor-section-height-default\" data-id=\"3046cb44\" data-element_type=\"section\">\n\t\t\t\t\t\t<div class=\"elementor-container elementor-column-gap-default\">\n\t\t\t\t\t<div class=\"elementor-column elementor-col-100 elementor-top-column elementor-element elementor-element-b46873b\" data-id=\"b46873b\" data-element_type=\"column\">\n\t\t\t<div class=\"elementor-widget-wrap elementor-element-populated\">\n\t\t\t\t\t\t<div class=\"elementor-element elementor-element-eb35172 elementor-widget elementor-widget-theme-post-featured-image elementor-widget-image\" data-id=\"eb35172\" data-element_type=\"widget\" data-widget_type=\"theme-post-featured-image.default\">\n\t\t\t\t<div class=\"elementor-widget-container\">\n\t\t\t\t\t\t\t\t\t\t\t\t<figure class=\"wp-caption\">\n\t\t\t\t\t\t\t\t\t\t<img fetchpriority=\"high\" decoding=\"async\" width=\"1024\" height=\"683\" src=\"https:\/\/www.sichere-steiermark.at\/wp-content\/uploads\/2021\/06\/3731_hauptbild_trailbahn_haus_vorne-1024x683.jpg\" class=\"attachment-large size-large wp-image-1498\" alt=\"\" srcset=\"https:\/\/www.sichere-steiermark.at\/wp-content\/uploads\/2021\/06\/3731_hauptbild_trailbahn_haus_vorne-1024x683.jpg 1024w, https:\/\/www.sichere-steiermark.at\/wp-content\/uploads\/2021\/06\/3731_hauptbild_trailbahn_haus_vorne-300x200.jpg 300w, https:\/\/www.sichere-steiermark.at\/wp-content\/uploads\/2021\/06\/3731_hauptbild_trailbahn_haus_vorne-768x512.jpg 768w, https:\/\/www.sichere-steiermark.at\/wp-content\/uploads\/2021\/06\/3731_hauptbild_trailbahn_haus_vorne.jpg 1200w\" sizes=\"(max-width: 1024px) 100vw, 1024px\" \/>\t\t\t\t\t\t\t\t\t\t\t<figcaption class=\"widget-image-caption wp-caption-text\"><\/figcaption>\n\t\t\t\t\t\t\t\t\t\t<\/figure>\n\t\t\t\t\t\t\t\t\t<\/div>\n\t\t\t\t<\/div>\n\t\t\t\t\t<\/div>\n\t\t<\/div>\n\t\t\t\t\t<\/div>\n\t\t<\/section>\n\t\t\t\t<section class=\"elementor-section elementor-top-section elementor-element elementor-element-5ff76058 elementor-section-boxed elementor-section-height-default elementor-section-height-default\" data-id=\"5ff76058\" data-element_type=\"section\">\n\t\t\t\t\t\t<div class=\"elementor-container elementor-column-gap-default\">\n\t\t\t\t\t<div class=\"elementor-column elementor-col-100 elementor-top-column elementor-element elementor-element-41907ff8\" data-id=\"41907ff8\" data-element_type=\"column\">\n\t\t\t<div class=\"elementor-widget-wrap elementor-element-populated\">\n\t\t\t\t\t\t<div class=\"elementor-element elementor-element-362b768b elementor-widget elementor-widget-theme-post-title elementor-page-title elementor-widget-heading\" data-id=\"362b768b\" data-element_type=\"widget\" data-widget_type=\"theme-post-title.default\">\n\t\t\t\t<div class=\"elementor-widget-container\">\n\t\t\t\t\t<h1 class=\"elementor-heading-title elementor-size-xl\">Die steirischen Sommerbergbahnen<\/h1>\t\t\t\t<\/div>\n\t\t\t\t<\/div>\n\t\t\t\t\t<\/div>\n\t\t<\/div>\n\t\t\t\t\t<\/div>\n\t\t<\/section>\n\t\t\t\t<section class=\"elementor-section elementor-top-section elementor-element elementor-element-3be4bf57 elementor-section-boxed elementor-section-height-default elementor-section-height-default\" data-id=\"3be4bf57\" data-element_type=\"section\">\n\t\t\t\t\t\t<div class=\"elementor-container elementor-column-gap-default\">\n\t\t\t\t\t<div class=\"elementor-column elementor-col-100 elementor-top-column elementor-element elementor-element-44f94c82\" data-id=\"44f94c82\" data-element_type=\"column\">\n\t\t\t<div class=\"elementor-widget-wrap elementor-element-populated\">\n\t\t\t\t\t\t<div class=\"elementor-element elementor-element-280f5f4f elementor-widget elementor-widget-text-editor\" data-id=\"280f5f4f\" data-element_type=\"widget\" data-widget_type=\"text-editor.default\">\n\t\t\t\t<div class=\"elementor-widget-container\">\n\t\t\t\t\t\t\t\t\t<h4>BERGSOMMER IN \u00d6STERREICH: <br \/>Seilbahnen sind entscheidender Innovations- und Qualit\u00e4tstreiber<\/h4><p>\u00d6sterreichs Bergbahnen sind eine tragende S\u00e4ule des heimischen Sommertourismus \u2013 das Bergangebot wird laufend innovativer, die G\u00e4steanzahl steigt und der Umsatz w\u00e4chst kontinuierlich.<\/p><p>Der Sommerbetrieb der Seilbahnen nimmt in \u00d6sterreich einen immer wichtigeren \u00f6konomischen Stellenwert ein. Die Seilbahnwirtschaft erm\u00f6glicht es G\u00e4sten wie Einheimischen, den ganzen Sommer \u00fcber bequem, schnell und umweltfreundlich direkt in die prachtvolle Bergwelt zu gelangen.<br \/>Damit tragen die Seilbahnunternehmen nicht nur im Winter \u2013 wo sie seit jeher ein unverzichtbarer Wertsch\u00f6pfungsmotor f\u00fcr den Tourismus sind \u2013, sondern auch im Sommerhalbjahr ma\u00dfgeblich zur Angebots- und damit auch Arbeitsplatz-sicherung in den Regionen bei.<\/p>\t\t\t\t\t\t\t\t<\/div>\n\t\t\t\t<\/div>\n\t\t\t\t\t<\/div>\n\t\t<\/div>\n\t\t\t\t\t<\/div>\n\t\t<\/section>\n\t\t\t\t<section class=\"elementor-section elementor-top-section elementor-element elementor-element-5daeb0c elementor-section-boxed elementor-section-height-default elementor-section-height-default\" data-id=\"5daeb0c\" data-element_type=\"section\">\n\t\t\t\t\t\t<div class=\"elementor-container elementor-column-gap-default\">\n\t\t\t\t\t<div class=\"elementor-column elementor-col-33 elementor-top-column elementor-element elementor-element-628d4c5\" data-id=\"628d4c5\" data-element_type=\"column\">\n\t\t\t<div class=\"elementor-widget-wrap elementor-element-populated\">\n\t\t\t\t\t\t<div class=\"elementor-element elementor-element-33db7b8 elementor-widget elementor-widget-image\" data-id=\"33db7b8\" data-element_type=\"widget\" data-widget_type=\"image.default\">\n\t\t\t\t<div class=\"elementor-widget-container\">\n\t\t\t\t\t\t\t\t\t\t\t\t<figure class=\"wp-caption\">\n\t\t\t\t\t\t\t\t\t\t<img decoding=\"async\" width=\"1024\" height=\"683\" src=\"https:\/\/www.sichere-steiermark.at\/wp-content\/uploads\/2021\/06\/3731_aflenzer_buergeralm-1024x683.jpg\" class=\"attachment-large size-large wp-image-1496\" alt=\"\" srcset=\"https:\/\/www.sichere-steiermark.at\/wp-content\/uploads\/2021\/06\/3731_aflenzer_buergeralm-1024x683.jpg 1024w, https:\/\/www.sichere-steiermark.at\/wp-content\/uploads\/2021\/06\/3731_aflenzer_buergeralm-300x200.jpg 300w, https:\/\/www.sichere-steiermark.at\/wp-content\/uploads\/2021\/06\/3731_aflenzer_buergeralm-768x512.jpg 768w, https:\/\/www.sichere-steiermark.at\/wp-content\/uploads\/2021\/06\/3731_aflenzer_buergeralm.jpg 1200w\" sizes=\"(max-width: 1024px) 100vw, 1024px\" \/>\t\t\t\t\t\t\t\t\t\t\t<figcaption class=\"widget-image-caption wp-caption-text\"> \u00a9 Naturerlebnis B\u00fcrgeralm<\/figcaption>\n\t\t\t\t\t\t\t\t\t\t<\/figure>\n\t\t\t\t\t\t\t\t\t<\/div>\n\t\t\t\t<\/div>\n\t\t\t\t<div class=\"elementor-element elementor-element-a76e553 elementor-widget elementor-widget-text-editor\" data-id=\"a76e553\" data-element_type=\"widget\" data-widget_type=\"text-editor.default\">\n\t\t\t\t<div class=\"elementor-widget-container\">\n\t\t\t\t\t\t\t\t\t<p><strong>Aflenzer B\u00fcrgeralm<\/strong><br \/>Aflenzer B\u00fcrgeralm \u2013 Bergerlebnis f\u00fcr Gro\u00df und Klein<br \/>Ob sportliche Herausforderung auf den Biketrails oder am Klettersteig, die Sch\u00f6nheit der Bergwelt bei einer Wanderung genie\u00dfen oder einfach nur Entschleunigung und die Natur sp\u00fcren.<\/p>\t\t\t\t\t\t\t\t<\/div>\n\t\t\t\t<\/div>\n\t\t\t\t\t<\/div>\n\t\t<\/div>\n\t\t\t\t<div class=\"elementor-column elementor-col-33 elementor-top-column elementor-element elementor-element-c1f7cbf\" data-id=\"c1f7cbf\" data-element_type=\"column\">\n\t\t\t<div class=\"elementor-widget-wrap elementor-element-populated\">\n\t\t\t\t\t\t<div class=\"elementor-element elementor-element-1386541 elementor-widget elementor-widget-image\" data-id=\"1386541\" data-element_type=\"widget\" data-widget_type=\"image.default\">\n\t\t\t\t<div class=\"elementor-widget-container\">\n\t\t\t\t\t\t\t\t\t\t\t\t<figure class=\"wp-caption\">\n\t\t\t\t\t\t\t\t\t\t<img decoding=\"async\" width=\"1024\" height=\"683\" src=\"https:\/\/www.sichere-steiermark.at\/wp-content\/uploads\/2021\/06\/3731_dachstein-gletscherbahn_christoph-Buchegger-1024x683.jpg\" class=\"attachment-large size-large wp-image-1497\" alt=\"\" srcset=\"https:\/\/www.sichere-steiermark.at\/wp-content\/uploads\/2021\/06\/3731_dachstein-gletscherbahn_christoph-Buchegger-1024x683.jpg 1024w, https:\/\/www.sichere-steiermark.at\/wp-content\/uploads\/2021\/06\/3731_dachstein-gletscherbahn_christoph-Buchegger-300x200.jpg 300w, https:\/\/www.sichere-steiermark.at\/wp-content\/uploads\/2021\/06\/3731_dachstein-gletscherbahn_christoph-Buchegger-768x512.jpg 768w, https:\/\/www.sichere-steiermark.at\/wp-content\/uploads\/2021\/06\/3731_dachstein-gletscherbahn_christoph-Buchegger.jpg 1200w\" sizes=\"(max-width: 1024px) 100vw, 1024px\" \/>\t\t\t\t\t\t\t\t\t\t\t<figcaption class=\"widget-image-caption wp-caption-text\">\u00a9 Christoph Buchegger, Mediadome<\/figcaption>\n\t\t\t\t\t\t\t\t\t\t<\/figure>\n\t\t\t\t\t\t\t\t\t<\/div>\n\t\t\t\t<\/div>\n\t\t\t\t<div class=\"elementor-element elementor-element-a300bab elementor-widget elementor-widget-text-editor\" data-id=\"a300bab\" data-element_type=\"widget\" data-widget_type=\"text-editor.default\">\n\t\t\t\t<div class=\"elementor-widget-container\">\n\t\t\t\t\t\t\t\t\t<p><strong>Dachstein<\/strong><br \/>Auffahrt mit der Panorama-Gondel und atemberaubende Weitblicke am Sky Walk, auf der H\u00e4ngebr\u00fccke und der Treppe ins Nichts.<\/p>\t\t\t\t\t\t\t\t<\/div>\n\t\t\t\t<\/div>\n\t\t\t\t\t<\/div>\n\t\t<\/div>\n\t\t\t\t<div class=\"elementor-column elementor-col-33 elementor-top-column elementor-element elementor-element-7f9829b\" data-id=\"7f9829b\" data-element_type=\"column\">\n\t\t\t<div class=\"elementor-widget-wrap elementor-element-populated\">\n\t\t\t\t\t\t<div class=\"elementor-element elementor-element-72ab58a elementor-widget elementor-widget-image\" data-id=\"72ab58a\" data-element_type=\"widget\" data-widget_type=\"image.default\">\n\t\t\t\t<div class=\"elementor-widget-container\">\n\t\t\t\t\t\t\t\t\t\t\t\t<figure class=\"wp-caption\">\n\t\t\t\t\t\t\t\t\t\t<img loading=\"lazy\" decoding=\"async\" width=\"1024\" height=\"683\" src=\"https:\/\/www.sichere-steiermark.at\/wp-content\/uploads\/2021\/06\/3731_mautern_Tintimax-Photography-1024x683.jpg\" class=\"attachment-large size-large wp-image-1503\" alt=\"\" srcset=\"https:\/\/www.sichere-steiermark.at\/wp-content\/uploads\/2021\/06\/3731_mautern_Tintimax-Photography-1024x683.jpg 1024w, https:\/\/www.sichere-steiermark.at\/wp-content\/uploads\/2021\/06\/3731_mautern_Tintimax-Photography-300x200.jpg 300w, https:\/\/www.sichere-steiermark.at\/wp-content\/uploads\/2021\/06\/3731_mautern_Tintimax-Photography-768x512.jpg 768w, https:\/\/www.sichere-steiermark.at\/wp-content\/uploads\/2021\/06\/3731_mautern_Tintimax-Photography.jpg 1200w\" sizes=\"(max-width: 1024px) 100vw, 1024px\" \/>\t\t\t\t\t\t\t\t\t\t\t<figcaption class=\"widget-image-caption wp-caption-text\">\u00a9 Tintimax-Photography<\/figcaption>\n\t\t\t\t\t\t\t\t\t\t<\/figure>\n\t\t\t\t\t\t\t\t\t<\/div>\n\t\t\t\t<\/div>\n\t\t\t\t<div class=\"elementor-element elementor-element-f5cb9de elementor-widget elementor-widget-text-editor\" data-id=\"f5cb9de\" data-element_type=\"widget\" data-widget_type=\"text-editor.default\">\n\t\t\t\t<div class=\"elementor-widget-container\">\n\t\t\t\t\t\t\t\t\t<p><strong>Der Wilde Berg Mautern<\/strong><br \/>300 Alpentiere, Spiel und Spa\u00df im Kinderstadl und rasante Fahrten mit der Sommerrodelbahn und dem Mountain-Kart. <br \/><br \/><\/p>\t\t\t\t\t\t\t\t<\/div>\n\t\t\t\t<\/div>\n\t\t\t\t\t<\/div>\n\t\t<\/div>\n\t\t\t\t\t<\/div>\n\t\t<\/section>\n\t\t\t\t<section class=\"elementor-section elementor-top-section elementor-element elementor-element-f4a3884 elementor-section-boxed elementor-section-height-default elementor-section-height-default\" data-id=\"f4a3884\" data-element_type=\"section\">\n\t\t\t\t\t\t<div class=\"elementor-container elementor-column-gap-default\">\n\t\t\t\t\t<div class=\"elementor-column elementor-col-33 elementor-top-column elementor-element elementor-element-1f87eb5\" data-id=\"1f87eb5\" data-element_type=\"column\">\n\t\t\t<div class=\"elementor-widget-wrap elementor-element-populated\">\n\t\t\t\t\t\t<div class=\"elementor-element elementor-element-46f5c35 elementor-widget elementor-widget-image\" data-id=\"46f5c35\" data-element_type=\"widget\" data-widget_type=\"image.default\">\n\t\t\t\t<div class=\"elementor-widget-container\">\n\t\t\t\t\t\t\t\t\t\t\t\t<figure class=\"wp-caption\">\n\t\t\t\t\t\t\t\t\t\t<img loading=\"lazy\" decoding=\"async\" width=\"1024\" height=\"683\" src=\"https:\/\/www.sichere-steiermark.at\/wp-content\/uploads\/2021\/06\/3731_hauserKaibling-1024x683.jpg\" class=\"attachment-large size-large wp-image-1499\" alt=\"\" srcset=\"https:\/\/www.sichere-steiermark.at\/wp-content\/uploads\/2021\/06\/3731_hauserKaibling-1024x683.jpg 1024w, https:\/\/www.sichere-steiermark.at\/wp-content\/uploads\/2021\/06\/3731_hauserKaibling-300x200.jpg 300w, https:\/\/www.sichere-steiermark.at\/wp-content\/uploads\/2021\/06\/3731_hauserKaibling-768x512.jpg 768w, https:\/\/www.sichere-steiermark.at\/wp-content\/uploads\/2021\/06\/3731_hauserKaibling.jpg 1200w\" sizes=\"(max-width: 1024px) 100vw, 1024px\" \/>\t\t\t\t\t\t\t\t\t\t\t<figcaption class=\"widget-image-caption wp-caption-text\">\u00a9 HAUSER KAIBLING<\/figcaption>\n\t\t\t\t\t\t\t\t\t\t<\/figure>\n\t\t\t\t\t\t\t\t\t<\/div>\n\t\t\t\t<\/div>\n\t\t\t\t<div class=\"elementor-element elementor-element-e062d57 elementor-widget elementor-widget-text-editor\" data-id=\"e062d57\" data-element_type=\"widget\" data-widget_type=\"text-editor.default\">\n\t\t\t\t<div class=\"elementor-widget-container\">\n\t\t\t\t\t\t\t\t\t<p><strong>Hauser Kaibling<\/strong><br \/>Sommer-Auszeit am h\u00f6chsten Punkt der Schladminger 4-Berge-Skischaukel mit: Streichelzoo, Spielpl\u00e4tze, wundersch\u00f6ne E-Bike- &amp; Wander-Touren, E-Trial Park, Kinder-Erlebniswege, mehr als 800 Schafe etc. Gratis Berg- &amp; Talfahrt mit der Schladming-Dachstein Sommercard.<br \/><br \/><\/p>\t\t\t\t\t\t\t\t<\/div>\n\t\t\t\t<\/div>\n\t\t\t\t\t<\/div>\n\t\t<\/div>\n\t\t\t\t<div class=\"elementor-column elementor-col-33 elementor-top-column elementor-element elementor-element-191ecd7\" data-id=\"191ecd7\" data-element_type=\"column\">\n\t\t\t<div class=\"elementor-widget-wrap elementor-element-populated\">\n\t\t\t\t\t\t<div class=\"elementor-element elementor-element-23f149b elementor-widget elementor-widget-image\" data-id=\"23f149b\" data-element_type=\"widget\" data-widget_type=\"image.default\">\n\t\t\t\t<div class=\"elementor-widget-container\">\n\t\t\t\t\t\t\t\t\t\t\t\t<figure class=\"wp-caption\">\n\t\t\t\t\t\t\t\t\t\t<img loading=\"lazy\" decoding=\"async\" width=\"1024\" height=\"683\" src=\"https:\/\/www.sichere-steiermark.at\/wp-content\/uploads\/2021\/06\/3731_hochwurzen_kovacsics-1024x683.jpg\" class=\"attachment-large size-large wp-image-1500\" alt=\"\" srcset=\"https:\/\/www.sichere-steiermark.at\/wp-content\/uploads\/2021\/06\/3731_hochwurzen_kovacsics-1024x683.jpg 1024w, https:\/\/www.sichere-steiermark.at\/wp-content\/uploads\/2021\/06\/3731_hochwurzen_kovacsics-300x200.jpg 300w, https:\/\/www.sichere-steiermark.at\/wp-content\/uploads\/2021\/06\/3731_hochwurzen_kovacsics-768x512.jpg 768w, https:\/\/www.sichere-steiermark.at\/wp-content\/uploads\/2021\/06\/3731_hochwurzen_kovacsics.jpg 1200w\" sizes=\"(max-width: 1024px) 100vw, 1024px\" \/>\t\t\t\t\t\t\t\t\t\t\t<figcaption class=\"widget-image-caption wp-caption-text\">\u00a9 Planai-Bahnen, Kovacsics<\/figcaption>\n\t\t\t\t\t\t\t\t\t\t<\/figure>\n\t\t\t\t\t\t\t\t\t<\/div>\n\t\t\t\t<\/div>\n\t\t\t\t<div class=\"elementor-element elementor-element-4ea1b8e elementor-widget elementor-widget-text-editor\" data-id=\"4ea1b8e\" data-element_type=\"widget\" data-widget_type=\"text-editor.default\">\n\t\t\t\t<div class=\"elementor-widget-container\">\n\t\t\t\t\t\t\t\t\t<p><strong>Hochwurzen<\/strong><br \/>Der Aussichtsberg mit den originellsten Verweilpl\u00e4tzen und 7 Kilometer Mountain-GoKart-Spa\u00df. <br \/><br \/><\/p>\t\t\t\t\t\t\t\t<\/div>\n\t\t\t\t<\/div>\n\t\t\t\t\t<\/div>\n\t\t<\/div>\n\t\t\t\t<div class=\"elementor-column elementor-col-33 elementor-top-column elementor-element elementor-element-f7b3053\" data-id=\"f7b3053\" data-element_type=\"column\">\n\t\t\t<div class=\"elementor-widget-wrap elementor-element-populated\">\n\t\t\t\t\t\t<div class=\"elementor-element elementor-element-a14cf83 elementor-widget elementor-widget-image\" data-id=\"a14cf83\" data-element_type=\"widget\" data-widget_type=\"image.default\">\n\t\t\t\t<div class=\"elementor-widget-container\">\n\t\t\t\t\t\t\t\t\t\t\t\t<figure class=\"wp-caption\">\n\t\t\t\t\t\t\t\t\t\t<img loading=\"lazy\" decoding=\"async\" width=\"1024\" height=\"683\" src=\"https:\/\/www.sichere-steiermark.at\/wp-content\/uploads\/2021\/06\/3731_lachtal_c-lachtal-1024x683.jpg\" class=\"attachment-large size-large wp-image-1501\" alt=\"\" srcset=\"https:\/\/www.sichere-steiermark.at\/wp-content\/uploads\/2021\/06\/3731_lachtal_c-lachtal-1024x683.jpg 1024w, https:\/\/www.sichere-steiermark.at\/wp-content\/uploads\/2021\/06\/3731_lachtal_c-lachtal-300x200.jpg 300w, https:\/\/www.sichere-steiermark.at\/wp-content\/uploads\/2021\/06\/3731_lachtal_c-lachtal-768x512.jpg 768w, https:\/\/www.sichere-steiermark.at\/wp-content\/uploads\/2021\/06\/3731_lachtal_c-lachtal.jpg 1200w\" sizes=\"(max-width: 1024px) 100vw, 1024px\" \/>\t\t\t\t\t\t\t\t\t\t\t<figcaption class=\"widget-image-caption wp-caption-text\">\u00a9 Lachtal<\/figcaption>\n\t\t\t\t\t\t\t\t\t\t<\/figure>\n\t\t\t\t\t\t\t\t\t<\/div>\n\t\t\t\t<\/div>\n\t\t\t\t<div class=\"elementor-element elementor-element-6199066 elementor-widget elementor-widget-text-editor\" data-id=\"6199066\" data-element_type=\"widget\" data-widget_type=\"text-editor.default\">\n\t\t\t\t<div class=\"elementor-widget-container\">\n\t\t\t\t\t\t\t\t\t<p><strong>Kreischberg \u2013 Lachtal<\/strong><br \/>Mit der Lachtal 6er-Sesselbahn f\u00e4hrt man bis auf 2.000 Meter Seeh\u00f6he. Die Bergstation ist der ideale Ausgangspunkt f\u00fcr herrliche Wanderungen \u2013 sei es eine Gipfeltour oder Kammwanderung mit herrlichem Panoramablick.<br \/><br \/><\/p>\t\t\t\t\t\t\t\t<\/div>\n\t\t\t\t<\/div>\n\t\t\t\t\t<\/div>\n\t\t<\/div>\n\t\t\t\t\t<\/div>\n\t\t<\/section>\n\t\t\t\t<section class=\"elementor-section elementor-top-section elementor-element elementor-element-fd5d8de elementor-section-boxed elementor-section-height-default elementor-section-height-default\" data-id=\"fd5d8de\" data-element_type=\"section\">\n\t\t\t\t\t\t<div class=\"elementor-container elementor-column-gap-default\">\n\t\t\t\t\t<div class=\"elementor-column elementor-col-33 elementor-top-column elementor-element elementor-element-3e14c11\" data-id=\"3e14c11\" data-element_type=\"column\">\n\t\t\t<div class=\"elementor-widget-wrap elementor-element-populated\">\n\t\t\t\t\t\t<div class=\"elementor-element elementor-element-c77c6a0 elementor-widget elementor-widget-image\" data-id=\"c77c6a0\" data-element_type=\"widget\" data-widget_type=\"image.default\">\n\t\t\t\t<div class=\"elementor-widget-container\">\n\t\t\t\t\t\t\t\t\t\t\t\t<figure class=\"wp-caption\">\n\t\t\t\t\t\t\t\t\t\t<img loading=\"lazy\" decoding=\"async\" width=\"1024\" height=\"683\" src=\"https:\/\/www.sichere-steiermark.at\/wp-content\/uploads\/2021\/06\/3731_mariazeller_Hexenflug_Waldachterbahn-Buergeralpe-1024x683.jpg\" class=\"attachment-large size-large wp-image-1502\" alt=\"\" srcset=\"https:\/\/www.sichere-steiermark.at\/wp-content\/uploads\/2021\/06\/3731_mariazeller_Hexenflug_Waldachterbahn-Buergeralpe-1024x683.jpg 1024w, https:\/\/www.sichere-steiermark.at\/wp-content\/uploads\/2021\/06\/3731_mariazeller_Hexenflug_Waldachterbahn-Buergeralpe-300x200.jpg 300w, https:\/\/www.sichere-steiermark.at\/wp-content\/uploads\/2021\/06\/3731_mariazeller_Hexenflug_Waldachterbahn-Buergeralpe-768x512.jpg 768w, https:\/\/www.sichere-steiermark.at\/wp-content\/uploads\/2021\/06\/3731_mariazeller_Hexenflug_Waldachterbahn-Buergeralpe.jpg 1200w\" sizes=\"(max-width: 1024px) 100vw, 1024px\" \/>\t\t\t\t\t\t\t\t\t\t\t<figcaption class=\"widget-image-caption wp-caption-text\">\u00a9 Mariazeller B\u00fcrgeralpe<\/figcaption>\n\t\t\t\t\t\t\t\t\t\t<\/figure>\n\t\t\t\t\t\t\t\t\t<\/div>\n\t\t\t\t<\/div>\n\t\t\t\t<div class=\"elementor-element elementor-element-2ac9f9a elementor-widget elementor-widget-text-editor\" data-id=\"2ac9f9a\" data-element_type=\"widget\" data-widget_type=\"text-editor.default\">\n\t\t\t\t<div class=\"elementor-widget-container\">\n\t\t\t\t\t\t\t\t\t<p><strong>Mariazeller B\u00fcrgeralpe<\/strong><br \/>Auf der neuen Flyline, einer Mischung zwischen Wald-Achterbahn und Flying-Fox, schwebt man nahezu ger\u00e4uschlos zwischen den Baumwipfeln durch den WanderWunderWald. <br \/><br \/><\/p>\t\t\t\t\t\t\t\t<\/div>\n\t\t\t\t<\/div>\n\t\t\t\t\t<\/div>\n\t\t<\/div>\n\t\t\t\t<div class=\"elementor-column elementor-col-33 elementor-top-column elementor-element elementor-element-902facf\" data-id=\"902facf\" data-element_type=\"column\">\n\t\t\t<div class=\"elementor-widget-wrap elementor-element-populated\">\n\t\t\t\t\t\t<div class=\"elementor-element elementor-element-c5ee58f elementor-widget elementor-widget-image\" data-id=\"c5ee58f\" data-element_type=\"widget\" data-widget_type=\"image.default\">\n\t\t\t\t<div class=\"elementor-widget-container\">\n\t\t\t\t\t\t\t\t\t\t\t\t<figure class=\"wp-caption\">\n\t\t\t\t\t\t\t\t\t\t<img loading=\"lazy\" decoding=\"async\" width=\"1024\" height=\"683\" src=\"https:\/\/www.sichere-steiermark.at\/wp-content\/uploads\/2021\/06\/3731_miesenbach_Bikefex-Inhaber-Wiesenhofer-Lift-1024x683.jpg\" class=\"attachment-large size-large wp-image-1504\" alt=\"\" srcset=\"https:\/\/www.sichere-steiermark.at\/wp-content\/uploads\/2021\/06\/3731_miesenbach_Bikefex-Inhaber-Wiesenhofer-Lift-1024x683.jpg 1024w, https:\/\/www.sichere-steiermark.at\/wp-content\/uploads\/2021\/06\/3731_miesenbach_Bikefex-Inhaber-Wiesenhofer-Lift-300x200.jpg 300w, https:\/\/www.sichere-steiermark.at\/wp-content\/uploads\/2021\/06\/3731_miesenbach_Bikefex-Inhaber-Wiesenhofer-Lift-768x512.jpg 768w, https:\/\/www.sichere-steiermark.at\/wp-content\/uploads\/2021\/06\/3731_miesenbach_Bikefex-Inhaber-Wiesenhofer-Lift.jpg 1200w\" sizes=\"(max-width: 1024px) 100vw, 1024px\" \/>\t\t\t\t\t\t\t\t\t\t\t<figcaption class=\"widget-image-caption wp-caption-text\">\u00a9 Wiesenhofer<\/figcaption>\n\t\t\t\t\t\t\t\t\t\t<\/figure>\n\t\t\t\t\t\t\t\t\t<\/div>\n\t\t\t\t<\/div>\n\t\t\t\t<div class=\"elementor-element elementor-element-9efbf99 elementor-widget elementor-widget-text-editor\" data-id=\"9efbf99\" data-element_type=\"widget\" data-widget_type=\"text-editor.default\">\n\t\t\t\t<div class=\"elementor-widget-container\">\n\t\t\t\t\t\t\t\t\t<p><strong>Miesenbach<\/strong><br \/>Beim Wiesenhofer in Miesenbach wartet das Paradies f\u00fcr Mountainbiker: das TRAILLAND<br \/><br \/><\/p>\t\t\t\t\t\t\t\t<\/div>\n\t\t\t\t<\/div>\n\t\t\t\t\t<\/div>\n\t\t<\/div>\n\t\t\t\t<div class=\"elementor-column elementor-col-33 elementor-top-column elementor-element elementor-element-d8a4350\" data-id=\"d8a4350\" data-element_type=\"column\">\n\t\t\t<div class=\"elementor-widget-wrap elementor-element-populated\">\n\t\t\t\t\t\t<div class=\"elementor-element elementor-element-8b2e559 elementor-widget elementor-widget-image\" data-id=\"8b2e559\" data-element_type=\"widget\" data-widget_type=\"image.default\">\n\t\t\t\t<div class=\"elementor-widget-container\">\n\t\t\t\t\t\t\t\t\t\t\t\t<figure class=\"wp-caption\">\n\t\t\t\t\t\t\t\t\t\t<img loading=\"lazy\" decoding=\"async\" width=\"1024\" height=\"683\" src=\"https:\/\/www.sichere-steiermark.at\/wp-content\/uploads\/2021\/06\/3731_planai_Johannes-Absenger-1024x683.jpg\" class=\"attachment-large size-large wp-image-1505\" alt=\"\" srcset=\"https:\/\/www.sichere-steiermark.at\/wp-content\/uploads\/2021\/06\/3731_planai_Johannes-Absenger-1024x683.jpg 1024w, https:\/\/www.sichere-steiermark.at\/wp-content\/uploads\/2021\/06\/3731_planai_Johannes-Absenger-300x200.jpg 300w, https:\/\/www.sichere-steiermark.at\/wp-content\/uploads\/2021\/06\/3731_planai_Johannes-Absenger-768x512.jpg 768w, https:\/\/www.sichere-steiermark.at\/wp-content\/uploads\/2021\/06\/3731_planai_Johannes-Absenger.jpg 1200w\" sizes=\"(max-width: 1024px) 100vw, 1024px\" \/>\t\t\t\t\t\t\t\t\t\t\t<figcaption class=\"widget-image-caption wp-caption-text\">\u00a9 Johannes Absenger<\/figcaption>\n\t\t\t\t\t\t\t\t\t\t<\/figure>\n\t\t\t\t\t\t\t\t\t<\/div>\n\t\t\t\t<\/div>\n\t\t\t\t<div class=\"elementor-element elementor-element-887d161 elementor-widget elementor-widget-text-editor\" data-id=\"887d161\" data-element_type=\"widget\" data-widget_type=\"text-editor.default\">\n\t\t\t\t<div class=\"elementor-widget-container\">\n\t\t\t\t\t\t\t\t\t<p><strong>Planai<\/strong><br \/>Wandern, Mountainbiken und Spa\u00df f\u00fcr die ganze Familie im Hopsiland. <br \/><br \/><\/p>\t\t\t\t\t\t\t\t<\/div>\n\t\t\t\t<\/div>\n\t\t\t\t\t<\/div>\n\t\t<\/div>\n\t\t\t\t\t<\/div>\n\t\t<\/section>\n\t\t\t\t<section class=\"elementor-section elementor-top-section elementor-element elementor-element-939f7de elementor-section-boxed elementor-section-height-default elementor-section-height-default\" data-id=\"939f7de\" data-element_type=\"section\">\n\t\t\t\t\t\t<div class=\"elementor-container elementor-column-gap-default\">\n\t\t\t\t\t<div class=\"elementor-column elementor-col-33 elementor-top-column elementor-element elementor-element-e8d3e8a\" data-id=\"e8d3e8a\" data-element_type=\"column\">\n\t\t\t<div class=\"elementor-widget-wrap elementor-element-populated\">\n\t\t\t\t\t\t<div class=\"elementor-element elementor-element-6743c23 elementor-widget elementor-widget-image\" data-id=\"6743c23\" data-element_type=\"widget\" data-widget_type=\"image.default\">\n\t\t\t\t<div class=\"elementor-widget-container\">\n\t\t\t\t\t\t\t\t\t\t\t\t<figure class=\"wp-caption\">\n\t\t\t\t\t\t\t\t\t\t<img loading=\"lazy\" decoding=\"async\" width=\"1024\" height=\"683\" src=\"https:\/\/www.sichere-steiermark.at\/wp-content\/uploads\/2021\/06\/3731_reiteralm_-1024x683.jpg\" class=\"attachment-large size-large wp-image-1506\" alt=\"\" srcset=\"https:\/\/www.sichere-steiermark.at\/wp-content\/uploads\/2021\/06\/3731_reiteralm_-1024x683.jpg 1024w, https:\/\/www.sichere-steiermark.at\/wp-content\/uploads\/2021\/06\/3731_reiteralm_-300x200.jpg 300w, https:\/\/www.sichere-steiermark.at\/wp-content\/uploads\/2021\/06\/3731_reiteralm_-768x512.jpg 768w, https:\/\/www.sichere-steiermark.at\/wp-content\/uploads\/2021\/06\/3731_reiteralm_.jpg 1200w\" sizes=\"(max-width: 1024px) 100vw, 1024px\" \/>\t\t\t\t\t\t\t\t\t\t\t<figcaption class=\"widget-image-caption wp-caption-text\">\u00a9 Reiteralm Bergbahnen\/gerald.gr\u00fcnwald<\/figcaption>\n\t\t\t\t\t\t\t\t\t\t<\/figure>\n\t\t\t\t\t\t\t\t\t<\/div>\n\t\t\t\t<\/div>\n\t\t\t\t<div class=\"elementor-element elementor-element-edfed6c elementor-widget elementor-widget-text-editor\" data-id=\"edfed6c\" data-element_type=\"widget\" data-widget_type=\"text-editor.default\">\n\t\t\t\t<div class=\"elementor-widget-container\">\n\t\t\t\t\t\t\t\t\t<p><strong>Reiteralm<\/strong><br \/>Sportlichen Bikegenuss f\u00fcr die ganze Familie bieten die abwechslungsreichen Reiteralm-Trails, Start direkt bei der Bergstation Gondelbahn Preunegg Jet. <br \/><br \/><\/p>\t\t\t\t\t\t\t\t<\/div>\n\t\t\t\t<\/div>\n\t\t\t\t\t<\/div>\n\t\t<\/div>\n\t\t\t\t<div class=\"elementor-column elementor-col-33 elementor-top-column elementor-element elementor-element-b9bdbc6\" data-id=\"b9bdbc6\" data-element_type=\"column\">\n\t\t\t<div class=\"elementor-widget-wrap elementor-element-populated\">\n\t\t\t\t\t\t<div class=\"elementor-element elementor-element-59218a1 elementor-widget elementor-widget-image\" data-id=\"59218a1\" data-element_type=\"widget\" data-widget_type=\"image.default\">\n\t\t\t\t<div class=\"elementor-widget-container\">\n\t\t\t\t\t\t\t\t\t\t\t\t<figure class=\"wp-caption\">\n\t\t\t\t\t\t\t\t\t\t<img loading=\"lazy\" decoding=\"async\" width=\"1024\" height=\"683\" src=\"https:\/\/www.sichere-steiermark.at\/wp-content\/uploads\/2021\/06\/3731_riesneralm_lawinengalerie-1024x683.jpg\" class=\"attachment-large size-large wp-image-1507\" alt=\"\" srcset=\"https:\/\/www.sichere-steiermark.at\/wp-content\/uploads\/2021\/06\/3731_riesneralm_lawinengalerie-1024x683.jpg 1024w, https:\/\/www.sichere-steiermark.at\/wp-content\/uploads\/2021\/06\/3731_riesneralm_lawinengalerie-300x200.jpg 300w, https:\/\/www.sichere-steiermark.at\/wp-content\/uploads\/2021\/06\/3731_riesneralm_lawinengalerie-768x512.jpg 768w, https:\/\/www.sichere-steiermark.at\/wp-content\/uploads\/2021\/06\/3731_riesneralm_lawinengalerie.jpg 1200w\" sizes=\"(max-width: 1024px) 100vw, 1024px\" \/>\t\t\t\t\t\t\t\t\t\t\t<figcaption class=\"widget-image-caption wp-caption-text\">\u00a9 Riesneralm<\/figcaption>\n\t\t\t\t\t\t\t\t\t\t<\/figure>\n\t\t\t\t\t\t\t\t\t<\/div>\n\t\t\t\t<\/div>\n\t\t\t\t<div class=\"elementor-element elementor-element-62e1d90 elementor-widget elementor-widget-text-editor\" data-id=\"62e1d90\" data-element_type=\"widget\" data-widget_type=\"text-editor.default\">\n\t\t\t\t<div class=\"elementor-widget-container\">\n\t\t\t\t\t\t\t\t\t<p><strong>Riesneralm<\/strong><br \/>\u201eLawinen[GALERIE] \u2013 am Gipfel der Kunst\u201c \u2013 die Lawinengalerien bieten nun nicht nur Schutz, sondern auch einen einzigartigen Kunstschatz entlang eines Serpentinensteiges.<br \/><br \/><\/p>\t\t\t\t\t\t\t\t<\/div>\n\t\t\t\t<\/div>\n\t\t\t\t\t<\/div>\n\t\t<\/div>\n\t\t\t\t<div class=\"elementor-column elementor-col-33 elementor-top-column elementor-element elementor-element-c72bd9f\" data-id=\"c72bd9f\" data-element_type=\"column\">\n\t\t\t<div class=\"elementor-widget-wrap elementor-element-populated\">\n\t\t\t\t\t\t<div class=\"elementor-element elementor-element-08dfeb5 elementor-widget elementor-widget-image\" data-id=\"08dfeb5\" data-element_type=\"widget\" data-widget_type=\"image.default\">\n\t\t\t\t<div class=\"elementor-widget-container\">\n\t\t\t\t\t\t\t\t\t\t\t\t<figure class=\"wp-caption\">\n\t\t\t\t\t\t\t\t\t\t<img loading=\"lazy\" decoding=\"async\" width=\"1024\" height=\"683\" src=\"https:\/\/www.sichere-steiermark.at\/wp-content\/uploads\/2021\/06\/3731_schoeckl_holding-1024x683.jpg\" class=\"attachment-large size-large wp-image-1494\" alt=\"\" srcset=\"https:\/\/www.sichere-steiermark.at\/wp-content\/uploads\/2021\/06\/3731_schoeckl_holding-1024x683.jpg 1024w, https:\/\/www.sichere-steiermark.at\/wp-content\/uploads\/2021\/06\/3731_schoeckl_holding-300x200.jpg 300w, https:\/\/www.sichere-steiermark.at\/wp-content\/uploads\/2021\/06\/3731_schoeckl_holding-768x512.jpg 768w, https:\/\/www.sichere-steiermark.at\/wp-content\/uploads\/2021\/06\/3731_schoeckl_holding.jpg 1200w\" sizes=\"(max-width: 1024px) 100vw, 1024px\" \/>\t\t\t\t\t\t\t\t\t\t\t<figcaption class=\"widget-image-caption wp-caption-text\">\u00a9 Sch\u00f6ckl Trail Area<\/figcaption>\n\t\t\t\t\t\t\t\t\t\t<\/figure>\n\t\t\t\t\t\t\t\t\t<\/div>\n\t\t\t\t<\/div>\n\t\t\t\t<div class=\"elementor-element elementor-element-9dce10a elementor-widget elementor-widget-text-editor\" data-id=\"9dce10a\" data-element_type=\"widget\" data-widget_type=\"text-editor.default\">\n\t\t\t\t<div class=\"elementor-widget-container\">\n\t\t\t\t\t\t\t\t\t<p><strong>Sch\u00f6ckl<\/strong><br \/>10 Kilometer knackige Naturtrails, 650 Tiefenmeter pro Run und klassische Bikeparkobstacles wie unser neuer Wallride und die fette neue Jumpline Daveboy\u00b4s Jumps lassen die Herzen aller Gravity-freaks h\u00f6her schlagen &#8230; <br \/><br \/><\/p>\t\t\t\t\t\t\t\t<\/div>\n\t\t\t\t<\/div>\n\t\t\t\t\t<\/div>\n\t\t<\/div>\n\t\t\t\t\t<\/div>\n\t\t<\/section>\n\t\t\t\t<section class=\"elementor-section elementor-top-section elementor-element elementor-element-ad69b04 elementor-section-boxed elementor-section-height-default elementor-section-height-default\" data-id=\"ad69b04\" data-element_type=\"section\">\n\t\t\t\t\t\t<div class=\"elementor-container elementor-column-gap-default\">\n\t\t\t\t\t<div class=\"elementor-column elementor-col-33 elementor-top-column elementor-element elementor-element-0c2819a\" data-id=\"0c2819a\" data-element_type=\"column\">\n\t\t\t<div class=\"elementor-widget-wrap elementor-element-populated\">\n\t\t\t\t\t\t<div class=\"elementor-element elementor-element-0c96695 elementor-widget elementor-widget-image\" data-id=\"0c96695\" data-element_type=\"widget\" data-widget_type=\"image.default\">\n\t\t\t\t<div class=\"elementor-widget-container\">\n\t\t\t\t\t\t\t\t\t\t\t\t<figure class=\"wp-caption\">\n\t\t\t\t\t\t\t\t\t\t<img loading=\"lazy\" decoding=\"async\" width=\"1024\" height=\"683\" src=\"https:\/\/www.sichere-steiermark.at\/wp-content\/uploads\/2021\/06\/3721_tauplitz_Tom_Lamm-1024x683.jpg\" class=\"attachment-large size-large wp-image-1522\" alt=\"\" srcset=\"https:\/\/www.sichere-steiermark.at\/wp-content\/uploads\/2021\/06\/3721_tauplitz_Tom_Lamm-1024x683.jpg 1024w, https:\/\/www.sichere-steiermark.at\/wp-content\/uploads\/2021\/06\/3721_tauplitz_Tom_Lamm-300x200.jpg 300w, https:\/\/www.sichere-steiermark.at\/wp-content\/uploads\/2021\/06\/3721_tauplitz_Tom_Lamm-768x512.jpg 768w, https:\/\/www.sichere-steiermark.at\/wp-content\/uploads\/2021\/06\/3721_tauplitz_Tom_Lamm.jpg 1200w\" sizes=\"(max-width: 1024px) 100vw, 1024px\" \/>\t\t\t\t\t\t\t\t\t\t\t<figcaption class=\"widget-image-caption wp-caption-text\">\u00a9 Tom Lamm<\/figcaption>\n\t\t\t\t\t\t\t\t\t\t<\/figure>\n\t\t\t\t\t\t\t\t\t<\/div>\n\t\t\t\t<\/div>\n\t\t\t\t<div class=\"elementor-element elementor-element-6e75d4d elementor-widget elementor-widget-text-editor\" data-id=\"6e75d4d\" data-element_type=\"widget\" data-widget_type=\"text-editor.default\">\n\t\t\t\t<div class=\"elementor-widget-container\">\n\t\t\t\t\t\t\t\t\t<p><strong>Tauplitz<\/strong><br \/>Nach einer aussichtsreichen Fahrt mit den 4er-Sesselbahnen erwarten dich eine einzigartige Alpenflora, eine bezaubernde Almlandschaft und glasklare Bergseen am gr\u00f6\u00dften Seenhochplateau Mitteleuropas. Viele Wanderm\u00f6glichkeiten \u2013 von kinderwagengerecht \u00fcber anspruchsvolle Bergwanderungen bis hin zum Klettersteig \u201eGamsblick\u201c.<br \/><br \/><\/p>\t\t\t\t\t\t\t\t<\/div>\n\t\t\t\t<\/div>\n\t\t\t\t\t<\/div>\n\t\t<\/div>\n\t\t\t\t<div class=\"elementor-column elementor-col-33 elementor-top-column elementor-element elementor-element-e787f90\" data-id=\"e787f90\" data-element_type=\"column\">\n\t\t\t<div class=\"elementor-widget-wrap\">\n\t\t\t\t\t\t\t<\/div>\n\t\t<\/div>\n\t\t\t\t<div class=\"elementor-column elementor-col-33 elementor-top-column elementor-element elementor-element-b5c811b\" data-id=\"b5c811b\" data-element_type=\"column\">\n\t\t\t<div class=\"elementor-widget-wrap elementor-element-populated\">\n\t\t\t\t\t\t<div class=\"elementor-element elementor-element-dda35f5 elementor-widget elementor-widget-image\" data-id=\"dda35f5\" data-element_type=\"widget\" data-widget_type=\"image.default\">\n\t\t\t\t<div class=\"elementor-widget-container\">\n\t\t\t\t\t\t\t\t\t\t\t\t<figure class=\"wp-caption\">\n\t\t\t\t\t\t\t\t\t\t<img loading=\"lazy\" decoding=\"async\" width=\"1024\" height=\"683\" src=\"https:\/\/www.sichere-steiermark.at\/wp-content\/uploads\/2021\/06\/3731_turracher_hoehe_Daniela-Ebner-1024x683.jpg\" class=\"attachment-large size-large wp-image-1495\" alt=\"\" srcset=\"https:\/\/www.sichere-steiermark.at\/wp-content\/uploads\/2021\/06\/3731_turracher_hoehe_Daniela-Ebner-1024x683.jpg 1024w, https:\/\/www.sichere-steiermark.at\/wp-content\/uploads\/2021\/06\/3731_turracher_hoehe_Daniela-Ebner-300x200.jpg 300w, https:\/\/www.sichere-steiermark.at\/wp-content\/uploads\/2021\/06\/3731_turracher_hoehe_Daniela-Ebner-768x512.jpg 768w, https:\/\/www.sichere-steiermark.at\/wp-content\/uploads\/2021\/06\/3731_turracher_hoehe_Daniela-Ebner.jpg 1200w\" sizes=\"(max-width: 1024px) 100vw, 1024px\" \/>\t\t\t\t\t\t\t\t\t\t\t<figcaption class=\"widget-image-caption wp-caption-text\">\u00a9 Turracher H\u00f6he<\/figcaption>\n\t\t\t\t\t\t\t\t\t\t<\/figure>\n\t\t\t\t\t\t\t\t\t<\/div>\n\t\t\t\t<\/div>\n\t\t\t\t<div class=\"elementor-element elementor-element-2f80b88 elementor-widget elementor-widget-text-editor\" data-id=\"2f80b88\" data-element_type=\"widget\" data-widget_type=\"text-editor.default\">\n\t\t\t\t<div class=\"elementor-widget-container\">\n\t\t\t\t\t\t\t\t\t<p><strong>Turracher H\u00f6he<\/strong><br \/>Mit der Alpen-Achterbahn Nocky Flitzer gehts 1,6 km auf schnittigen Kurven und Wellenbahnen ins Tal. In \u201eNockys Almzeit\u201c, einer Spiel- &amp; Erlebnisattraktion, wartet schon der neugierige Bergzeithase Nocky mit seiner Freundin Zirbie auf Besucher in der besten \u00f6sterr. Sommerbergbahn.<br \/><br \/><\/p>\t\t\t\t\t\t\t\t<\/div>\n\t\t\t\t<\/div>\n\t\t\t\t\t<\/div>\n\t\t<\/div>\n\t\t\t\t\t<\/div>\n\t\t<\/section>\n\t\t\t\t<section class=\"elementor-section elementor-top-section elementor-element elementor-element-2e0bcc0d elementor-section-boxed elementor-section-height-default elementor-section-height-default\" data-id=\"2e0bcc0d\" data-element_type=\"section\">\n\t\t\t\t\t\t<div class=\"elementor-container elementor-column-gap-default\">\n\t\t\t\t\t<div class=\"elementor-column elementor-col-100 elementor-top-column elementor-element elementor-element-5902d159\" data-id=\"5902d159\" data-element_type=\"column\">\n\t\t\t<div class=\"elementor-widget-wrap elementor-element-populated\">\n\t\t\t\t\t\t<div class=\"elementor-element elementor-element-4014e347 elementor-widget-divider--view-line elementor-widget elementor-widget-divider\" data-id=\"4014e347\" data-element_type=\"widget\" data-widget_type=\"divider.default\">\n\t\t\t\t<div class=\"elementor-widget-container\">\n\t\t\t\t\t\t\t<div class=\"elementor-divider\">\n\t\t\t<span class=\"elementor-divider-separator\">\n\t\t\t\t\t\t<\/span>\n\t\t<\/div>\n\t\t\t\t\t\t<\/div>\n\t\t\t\t<\/div>\n\t\t\t\t\t<\/div>\n\t\t<\/div>\n\t\t\t\t\t<\/div>\n\t\t<\/section>\n\t\t\t\t<\/div>\n\t\t","protected":false},"excerpt":{"rendered":"<p>BERGSOMMER IN \u00d6STERREICH: Seilbahnen sind entscheidender Innovations- und Qualit\u00e4tstreiber \u00d6sterreichs Bergbahnen sind eine tragende S\u00e4ule des heimischen Sommertourismus \u2013 das Bergangebot wird laufend innovativer, die G\u00e4steanzahl steigt und der Umsatz w\u00e4chst kontinuierlich. Der Sommerbetrieb der Seilbahnen nimmt in \u00d6sterreich einen immer wichtigeren \u00f6konomischen Stellenwert ein. Die Seilbahnwirtschaft erm\u00f6glicht es G\u00e4sten wie Einheimischen, den ganzen Sommer [&hellip;]<\/p>\n","protected":false},"author":1,"featured_media":1498,"comment_status":"closed","ping_status":"open","sticky":false,"template":"","format":"standard","meta":{"ocean_post_layout":"","ocean_both_sidebars_style":"","ocean_both_sidebars_content_width":0,"ocean_both_sidebars_sidebars_width":0,"ocean_sidebar":"0","ocean_second_sidebar":"0","ocean_disable_margins":"enable","ocean_add_body_class":"","ocean_shortcode_before_top_bar":"","ocean_shortcode_after_top_bar":"","ocean_shortcode_before_header":"","ocean_shortcode_after_header":"","ocean_has_shortcode":"","ocean_shortcode_after_title":"","ocean_shortcode_before_footer_widgets":"","ocean_shortcode_after_footer_widgets":"","ocean_shortcode_before_footer_bottom":"","ocean_shortcode_after_footer_bottom":"","ocean_display_top_bar":"default","ocean_display_header":"default","ocean_header_style":"","ocean_center_header_left_menu":"0","ocean_custom_header_template":"0","ocean_custom_logo":0,"ocean_custom_retina_logo":0,"ocean_custom_logo_max_width":0,"ocean_custom_logo_tablet_max_width":0,"ocean_custom_logo_mobile_max_width":0,"ocean_custom_logo_max_height":0,"ocean_custom_logo_tablet_max_height":0,"ocean_custom_logo_mobile_max_height":0,"ocean_header_custom_menu":"0","ocean_menu_typo_font_family":"0","ocean_menu_typo_font_subset":"","ocean_menu_typo_font_size":0,"ocean_menu_typo_font_size_tablet":0,"ocean_menu_typo_font_size_mobile":0,"ocean_menu_typo_font_size_unit":"px","ocean_menu_typo_font_weight":"","ocean_menu_typo_font_weight_tablet":"","ocean_menu_typo_font_weight_mobile":"","ocean_menu_typo_transform":"","ocean_menu_typo_transform_tablet":"","ocean_menu_typo_transform_mobile":"","ocean_menu_typo_line_height":0,"ocean_menu_typo_line_height_tablet":0,"ocean_menu_typo_line_height_mobile":0,"ocean_menu_typo_line_height_unit":"","ocean_menu_typo_spacing":0,"ocean_menu_typo_spacing_tablet":0,"ocean_menu_typo_spacing_mobile":0,"ocean_menu_typo_spacing_unit":"","ocean_menu_link_color":"","ocean_menu_link_color_hover":"","ocean_menu_link_color_active":"","ocean_menu_link_background":"","ocean_menu_link_hover_background":"","ocean_menu_link_active_background":"","ocean_menu_social_links_bg":"","ocean_menu_social_hover_links_bg":"","ocean_menu_social_links_color":"","ocean_menu_social_hover_links_color":"","ocean_disable_title":"on","ocean_disable_heading":"default","ocean_post_title":"","ocean_post_subheading":"","ocean_post_title_style":"","ocean_post_title_background_color":"","ocean_post_title_background":0,"ocean_post_title_bg_image_position":"","ocean_post_title_bg_image_attachment":"","ocean_post_title_bg_image_repeat":"","ocean_post_title_bg_image_size":"","ocean_post_title_height":0,"ocean_post_title_bg_overlay":0.5,"ocean_post_title_bg_overlay_color":"","ocean_disable_breadcrumbs":"off","ocean_breadcrumbs_color":"","ocean_breadcrumbs_separator_color":"","ocean_breadcrumbs_links_color":"","ocean_breadcrumbs_links_hover_color":"","ocean_display_footer_widgets":"default","ocean_display_footer_bottom":"default","ocean_custom_footer_template":"0","osh_disable_topbar_sticky":"default","osh_disable_header_sticky":"default","osh_sticky_header_style":"default","osh_sticky_header_effect":"","osh_custom_sticky_logo":0,"osh_custom_retina_sticky_logo":0,"osh_custom_sticky_logo_height":0,"osh_background_color":"","osh_links_color":"","osh_links_hover_color":"","osh_links_active_color":"","osh_links_bg_color":"","osh_links_hover_bg_color":"","osh_links_active_bg_color":"","osh_menu_social_links_color":"","osh_menu_social_hover_links_color":"","ocean_post_oembed":"","ocean_post_self_hosted_media":"","ocean_post_video_embed":"","ocean_link_format":"","ocean_link_format_target":"self","ocean_quote_format":"","ocean_quote_format_link":"post","ocean_gallery_link_images":"off","ocean_gallery_id":[],"footnotes":""},"categories":[4],"tags":[73,161,154],"class_list":["post-1491","post","type-post","status-publish","format-standard","has-post-thumbnail","hentry","category-aktivitaeten","tag-aktivitaeten","tag-bergbahnen","tag-sommer","entry","has-media"],"_links":{"self":[{"href":"https:\/\/www.sichere-steiermark.at\/index.php?rest_route=\/wp\/v2\/posts\/1491","targetHints":{"allow":["GET"]}}],"collection":[{"href":"https:\/\/www.sichere-steiermark.at\/index.php?rest_route=\/wp\/v2\/posts"}],"about":[{"href":"https:\/\/www.sichere-steiermark.at\/index.php?rest_route=\/wp\/v2\/types\/post"}],"author":[{"embeddable":true,"href":"https:\/\/www.sichere-steiermark.at\/index.php?rest_route=\/wp\/v2\/users\/1"}],"replies":[{"embeddable":true,"href":"https:\/\/www.sichere-steiermark.at\/index.php?rest_route=%2Fwp%2Fv2%2Fcomments&post=1491"}],"version-history":[{"count":19,"href":"https:\/\/www.sichere-steiermark.at\/index.php?rest_route=\/wp\/v2\/posts\/1491\/revisions"}],"predecessor-version":[{"id":1529,"href":"https:\/\/www.sichere-steiermark.at\/index.php?rest_route=\/wp\/v2\/posts\/1491\/revisions\/1529"}],"wp:featuredmedia":[{"embeddable":true,"href":"https:\/\/www.sichere-steiermark.at\/index.php?rest_route=\/wp\/v2\/media\/1498"}],"wp:attachment":[{"href":"https:\/\/www.sichere-steiermark.at\/index.php?rest_route=%2Fwp%2Fv2%2Fmedia&parent=1491"}],"wp:term":[{"taxonomy":"category","embeddable":true,"href":"https:\/\/www.sichere-steiermark.at\/index.php?rest_route=%2Fwp%2Fv2%2Fcategories&post=1491"},{"taxonomy":"post_tag","embeddable":true,"href":"https:\/\/www.sichere-steiermark.at\/index.php?rest_route=%2Fwp%2Fv2%2Ftags&post=1491"}],"curies":[{"name":"wp","href":"https:\/\/api.w.org\/{rel}","templated":true}]}}