{"id":1631,"date":"2021-07-05T17:22:06","date_gmt":"2021-07-05T15:22:06","guid":{"rendered":"https:\/\/www.sichere-steiermark.at\/?p=1631"},"modified":"2021-07-05T17:28:37","modified_gmt":"2021-07-05T15:28:37","slug":"auva-fuehrungskraefte-absolvierten-oeamtc-economy-training","status":"publish","type":"post","link":"https:\/\/www.sichere-steiermark.at\/?p=1631","title":{"rendered":"AUVA-F\u00fchrungskr\u00e4fte absolvierten \u00d6AMTC-Economy-Training"},"content":{"rendered":"\t\t<div data-elementor-type=\"wp-post\" data-elementor-id=\"1631\" class=\"elementor elementor-1631\" data-elementor-post-type=\"post\">\n\t\t\t\t\t\t<section class=\"elementor-section elementor-top-section elementor-element elementor-element-eb14a78 elementor-section-boxed elementor-section-height-default elementor-section-height-default\" data-id=\"eb14a78\" data-element_type=\"section\">\n\t\t\t\t\t\t<div class=\"elementor-container elementor-column-gap-default\">\n\t\t\t\t\t<div class=\"elementor-column elementor-col-100 elementor-top-column elementor-element elementor-element-3e22ac10\" data-id=\"3e22ac10\" data-element_type=\"column\">\n\t\t\t<div class=\"elementor-widget-wrap elementor-element-populated\">\n\t\t\t\t\t\t<div class=\"elementor-element elementor-element-37f266b9 elementor-widget elementor-widget-theme-post-featured-image elementor-widget-image\" data-id=\"37f266b9\" data-element_type=\"widget\" data-widget_type=\"theme-post-featured-image.default\">\n\t\t\t\t<div class=\"elementor-widget-container\">\n\t\t\t\t\t\t\t\t\t\t\t\t<figure class=\"wp-caption\">\n\t\t\t\t\t\t\t\t\t\t<img fetchpriority=\"high\" decoding=\"async\" width=\"1024\" height=\"683\" src=\"https:\/\/www.sichere-steiermark.at\/wp-content\/uploads\/2021\/07\/04_auva_2-1024x683.jpg\" class=\"attachment-large size-large wp-image-1633\" alt=\"\" srcset=\"https:\/\/www.sichere-steiermark.at\/wp-content\/uploads\/2021\/07\/04_auva_2-1024x683.jpg 1024w, https:\/\/www.sichere-steiermark.at\/wp-content\/uploads\/2021\/07\/04_auva_2-300x200.jpg 300w, https:\/\/www.sichere-steiermark.at\/wp-content\/uploads\/2021\/07\/04_auva_2-768x512.jpg 768w, https:\/\/www.sichere-steiermark.at\/wp-content\/uploads\/2021\/07\/04_auva_2.jpg 1200w\" sizes=\"(max-width: 1024px) 100vw, 1024px\" \/>\t\t\t\t\t\t\t\t\t\t\t<figcaption class=\"widget-image-caption wp-caption-text\">Fotos: \u00a9 AUVA (3)<\/figcaption>\n\t\t\t\t\t\t\t\t\t\t<\/figure>\n\t\t\t\t\t\t\t\t\t<\/div>\n\t\t\t\t<\/div>\n\t\t\t\t\t<\/div>\n\t\t<\/div>\n\t\t\t\t\t<\/div>\n\t\t<\/section>\n\t\t\t\t<section class=\"elementor-section elementor-top-section elementor-element elementor-element-41f520e elementor-section-boxed elementor-section-height-default elementor-section-height-default\" data-id=\"41f520e\" data-element_type=\"section\">\n\t\t\t\t\t\t<div class=\"elementor-container elementor-column-gap-default\">\n\t\t\t\t\t<div class=\"elementor-column elementor-col-100 elementor-top-column elementor-element elementor-element-5fed355\" data-id=\"5fed355\" data-element_type=\"column\">\n\t\t\t<div class=\"elementor-widget-wrap elementor-element-populated\">\n\t\t\t\t\t\t<div class=\"elementor-element elementor-element-9719f71 elementor-widget elementor-widget-text-editor\" data-id=\"9719f71\" data-element_type=\"widget\" data-widget_type=\"text-editor.default\">\n\t\t\t\t<div class=\"elementor-widget-container\">\n\t\t\t\t\t\t\t\t\t<p><em>(V.\u2009l.\u2009n.\u2009r.) \u00d6AMTC Fahrtechnik Gesch\u00e4ftsf\u00fchrung Karl-Martin Studener, \u00c4rztlicher Direktor des UKH Steiermark <\/em><br \/><em>Prof. Dr. Christian Kammerlander, Verwaltungsdirektor des UKH Steiermark Andreas Passl MBA MAS, Personaldirektor der AUVA Ass.jur. Holger Wagner, Generaldirektor der AUVA Mag. Alexander Bernart, Pflegedirektor des UKH Steiermark, Michael Pichler MSc, Leiter \u00d6AMTC Fahrtechnik Kalwang Andreas Aigner<\/em><\/p>\t\t\t\t\t\t\t\t<\/div>\n\t\t\t\t<\/div>\n\t\t\t\t\t<\/div>\n\t\t<\/div>\n\t\t\t\t\t<\/div>\n\t\t<\/section>\n\t\t\t\t<section class=\"elementor-section elementor-top-section elementor-element elementor-element-673e03e elementor-section-boxed elementor-section-height-default elementor-section-height-default\" data-id=\"673e03e\" data-element_type=\"section\">\n\t\t\t\t\t\t<div class=\"elementor-container elementor-column-gap-default\">\n\t\t\t\t\t<div class=\"elementor-column elementor-col-100 elementor-top-column elementor-element elementor-element-25a6f994\" data-id=\"25a6f994\" data-element_type=\"column\">\n\t\t\t<div class=\"elementor-widget-wrap elementor-element-populated\">\n\t\t\t\t\t\t<div class=\"elementor-element elementor-element-6ef871f7 elementor-widget elementor-widget-theme-post-title elementor-page-title elementor-widget-heading\" data-id=\"6ef871f7\" data-element_type=\"widget\" data-widget_type=\"theme-post-title.default\">\n\t\t\t\t<div class=\"elementor-widget-container\">\n\t\t\t\t\t<h1 class=\"elementor-heading-title elementor-size-xl\">AUVA-F\u00fchrungskr\u00e4fte absolvierten \u00d6AMTC-Economy-Training<\/h1>\t\t\t\t<\/div>\n\t\t\t\t<\/div>\n\t\t\t\t\t<\/div>\n\t\t<\/div>\n\t\t\t\t\t<\/div>\n\t\t<\/section>\n\t\t\t\t<section class=\"elementor-section elementor-top-section elementor-element elementor-element-db55953 elementor-section-boxed elementor-section-height-default elementor-section-height-default\" data-id=\"db55953\" data-element_type=\"section\">\n\t\t\t\t\t\t<div class=\"elementor-container elementor-column-gap-default\">\n\t\t\t\t\t<div class=\"elementor-column elementor-col-100 elementor-top-column elementor-element elementor-element-73527368\" data-id=\"73527368\" data-element_type=\"column\">\n\t\t\t<div class=\"elementor-widget-wrap elementor-element-populated\">\n\t\t\t\t\t\t<div class=\"elementor-element elementor-element-4373f98b elementor-widget elementor-widget-text-editor\" data-id=\"4373f98b\" data-element_type=\"widget\" data-widget_type=\"text-editor.default\">\n\t\t\t\t<div class=\"elementor-widget-container\">\n\t\t\t\t\t\t\t\t\t<h3>Mehr als vier Millionen Kilometer legen die Mitarbeiterinnen und Mitarbeiter der AUVA Jahr f\u00fcr Jahr zur\u00fcck, um Unternehmen und Besch\u00e4ftigte in Fragen von Arbeitssicherheit und Pr\u00e4vention direkt vor Ort zu beraten. Somit ist die Stra\u00dfe teilweise auch ihr Arbeitsplatz.<\/h3><p>Jahr f\u00fcr Jahr passieren auf \u00d6sterreichs Stra\u00dfen an die 10.000 Arbeitsunf\u00e4lle im Berufsverkehr. Um die Anzahl der Arbeitsunf\u00e4lle auf \u00d6sterreichs Stra\u00dfen zu senken, f\u00fchrt die AUVA seit 1987 f\u00fcr ihre Versicherten die Aktion \u201eArbeitsplatz Stra\u00dfe\u201c in Kooperation mit Fahrsicherheitszentren durch. Und nat\u00fcrlich gilt der Pr\u00e4ventionsgedanke auch f\u00fcr die Mitarbeiterinnen und Mitarbeiter der AUVA. Daher absolvierten die F\u00fchrungskr\u00e4fte der AUVA k\u00fcrzlich im \u00d6AMTC-Fahrtechnikzentrum in Kalwang ein spezielles Fahrsicherheitstraining in Form eines Economy-Trainings. <br \/>Denn um dem Umweltgedanken Rechnung zu tragen, stellt die Allgemeine Unfallversicherungsanstalt AUVA Schritt f\u00fcr Schritt ihren Fuhrpark um. <br \/>Von 125 neu angeschafften Fahrzeugen sind 115 vollelektrisch unterwegs, zehn Autos verf\u00fcgen \u00fcber Plug-in-Hybrid-Antriebe. Damit reduziert die AUVA \u00fcber die geplante vierj\u00e4hrige Nutzungsdauer der Flotte den CO2-Aussto\u00df um mehr als 1.000 Tonnen.<br \/>\u201eUnsere Mitarbeiterinnen und Mitarbeiter sind nunmehr erkennbar als Partner der Unternehmen in ganz \u00d6sterreich unterwegs. Neben dem Sicherheitsgedanken standen bei der Konzeption eines eigenen Fuhrparks auch die Umweltfreundlichkeit und Nachhaltigkeit im Mittelpunkt. Gleichzeitig sinken auch die Mobilit\u00e4tskosten \u2013 wir schaffen also eine echte Win-Win-Situation f\u00fcr die Umwelt, unsere Mitarbeiterinnen und Mitarbeiter und senken dabei unseren Aufwand\u201c, so AUVA-Generaldirektor Mag. Alexander Bernart.<\/p><p>\u201eBei dem Economy-Training wird den Teilnehmern in Theorie und Praxis die wirtschaftliche Fahrweise in Bezug auf Verbrauch des Fahrzeuges, sowie Verschlei\u00dfminderung des Fahrzeuges n\u00e4hergebracht\u201c, so der Leiter des \u00d6AMTC Fahrtechnik Zentrums Kalwang, Rallye-Weltmeister Andreas Aigner. <br \/>\u201eDie AUVA zeigt mit ihrem neuen Fuhrpark exemplarisch vor, wie Umwelt und Wirtschaft gleichzeitig gewinnen k\u00f6nnen, nachdem auch 30 St\u00fcck sogenannter \u201eintelligenter Ladekabel\u201c mit einer Investition von 30.000 Euro bei einem steirischen Unternehmen in Auftrag gegeben wurden und somit die Wertsch\u00f6pfung in der Steiermark bleibt\u201c, so der Vorsitzende der AUVA-Landesstelle Graz, KommR G\u00fcnther Stangl.<\/p>\t\t\t\t\t\t\t\t<\/div>\n\t\t\t\t<\/div>\n\t\t\t\t\t<\/div>\n\t\t<\/div>\n\t\t\t\t\t<\/div>\n\t\t<\/section>\n\t\t\t\t<section class=\"elementor-section elementor-top-section elementor-element elementor-element-803db8b elementor-section-boxed elementor-section-height-default elementor-section-height-default\" data-id=\"803db8b\" data-element_type=\"section\">\n\t\t\t\t\t\t<div class=\"elementor-container elementor-column-gap-default\">\n\t\t\t\t\t<div class=\"elementor-column elementor-col-50 elementor-top-column elementor-element elementor-element-75cb0f7\" data-id=\"75cb0f7\" data-element_type=\"column\">\n\t\t\t<div class=\"elementor-widget-wrap elementor-element-populated\">\n\t\t\t\t\t\t<div class=\"elementor-element elementor-element-17f8000 elementor-widget elementor-widget-image\" data-id=\"17f8000\" data-element_type=\"widget\" data-widget_type=\"image.default\">\n\t\t\t\t<div class=\"elementor-widget-container\">\n\t\t\t\t\t\t\t\t\t\t\t\t<figure class=\"wp-caption\">\n\t\t\t\t\t\t\t\t\t\t<img decoding=\"async\" width=\"1024\" height=\"683\" src=\"https:\/\/www.sichere-steiermark.at\/wp-content\/uploads\/2021\/07\/04_auva-1024x683.jpg\" class=\"attachment-large size-large wp-image-1634\" alt=\"\" srcset=\"https:\/\/www.sichere-steiermark.at\/wp-content\/uploads\/2021\/07\/04_auva-1024x683.jpg 1024w, https:\/\/www.sichere-steiermark.at\/wp-content\/uploads\/2021\/07\/04_auva-300x200.jpg 300w, https:\/\/www.sichere-steiermark.at\/wp-content\/uploads\/2021\/07\/04_auva-768x512.jpg 768w, https:\/\/www.sichere-steiermark.at\/wp-content\/uploads\/2021\/07\/04_auva.jpg 1200w\" sizes=\"(max-width: 1024px) 100vw, 1024px\" \/>\t\t\t\t\t\t\t\t\t\t\t<figcaption class=\"widget-image-caption wp-caption-text\">Auch mit E-Autos wird \u201egeschleudert\u201c.<\/figcaption>\n\t\t\t\t\t\t\t\t\t\t<\/figure>\n\t\t\t\t\t\t\t\t\t<\/div>\n\t\t\t\t<\/div>\n\t\t\t\t\t<\/div>\n\t\t<\/div>\n\t\t\t\t<div class=\"elementor-column elementor-col-50 elementor-top-column elementor-element elementor-element-079b57e\" data-id=\"079b57e\" data-element_type=\"column\">\n\t\t\t<div class=\"elementor-widget-wrap elementor-element-populated\">\n\t\t\t\t\t\t<div class=\"elementor-element elementor-element-363d746 elementor-widget elementor-widget-image\" data-id=\"363d746\" data-element_type=\"widget\" data-widget_type=\"image.default\">\n\t\t\t\t<div class=\"elementor-widget-container\">\n\t\t\t\t\t\t\t\t\t\t\t\t<figure class=\"wp-caption\">\n\t\t\t\t\t\t\t\t\t\t<img decoding=\"async\" width=\"1024\" height=\"683\" src=\"https:\/\/www.sichere-steiermark.at\/wp-content\/uploads\/2021\/07\/04_auva_3-1024x683.jpg\" class=\"attachment-large size-large wp-image-1632\" alt=\"\" srcset=\"https:\/\/www.sichere-steiermark.at\/wp-content\/uploads\/2021\/07\/04_auva_3-1024x683.jpg 1024w, https:\/\/www.sichere-steiermark.at\/wp-content\/uploads\/2021\/07\/04_auva_3-300x200.jpg 300w, https:\/\/www.sichere-steiermark.at\/wp-content\/uploads\/2021\/07\/04_auva_3-768x512.jpg 768w, https:\/\/www.sichere-steiermark.at\/wp-content\/uploads\/2021\/07\/04_auva_3.jpg 1200w\" sizes=\"(max-width: 1024px) 100vw, 1024px\" \/>\t\t\t\t\t\t\t\t\t\t\t<figcaption class=\"widget-image-caption wp-caption-text\">(V.\u2009l.\u2009n.\u2009r.) Vorsitzender des Landesstellenausschusses Graz KommR G\u00fcnther Stangl, Leiter \u00d6AMTC Fahrtechnik Kalwang Andreas Aigner, Direktor der Landesstelle Graz DI Dr. Hannes Wei\u00dfenbacher, Direktor-Stv. der Landesstelle Graz Dr. Harald Fr\u00fchwirth<\/figcaption>\n\t\t\t\t\t\t\t\t\t\t<\/figure>\n\t\t\t\t\t\t\t\t\t<\/div>\n\t\t\t\t<\/div>\n\t\t\t\t\t<\/div>\n\t\t<\/div>\n\t\t\t\t\t<\/div>\n\t\t<\/section>\n\t\t\t\t<section class=\"elementor-section elementor-top-section elementor-element elementor-element-c1b7e3b elementor-section-boxed elementor-section-height-default elementor-section-height-default\" data-id=\"c1b7e3b\" data-element_type=\"section\">\n\t\t\t\t\t\t<div class=\"elementor-container elementor-column-gap-default\">\n\t\t\t\t\t<div class=\"elementor-column elementor-col-100 elementor-top-column elementor-element elementor-element-1e53076\" data-id=\"1e53076\" data-element_type=\"column\">\n\t\t\t<div class=\"elementor-widget-wrap elementor-element-populated\">\n\t\t\t\t\t\t<div class=\"elementor-element elementor-element-545f2717 elementor-widget-divider--view-line elementor-widget elementor-widget-divider\" data-id=\"545f2717\" data-element_type=\"widget\" data-widget_type=\"divider.default\">\n\t\t\t\t<div class=\"elementor-widget-container\">\n\t\t\t\t\t\t\t<div class=\"elementor-divider\">\n\t\t\t<span class=\"elementor-divider-separator\">\n\t\t\t\t\t\t<\/span>\n\t\t<\/div>\n\t\t\t\t\t\t<\/div>\n\t\t\t\t<\/div>\n\t\t\t\t\t<\/div>\n\t\t<\/div>\n\t\t\t\t\t<\/div>\n\t\t<\/section>\n\t\t\t\t<section class=\"elementor-section elementor-top-section elementor-element elementor-element-2b8dafd9 elementor-section-boxed elementor-section-height-default elementor-section-height-default\" data-id=\"2b8dafd9\" data-element_type=\"section\">\n\t\t\t\t\t\t<div class=\"elementor-container elementor-column-gap-default\">\n\t\t\t\t\t<div class=\"elementor-column elementor-col-100 elementor-top-column elementor-element elementor-element-735a098\" data-id=\"735a098\" data-element_type=\"column\">\n\t\t\t<div class=\"elementor-widget-wrap elementor-element-populated\">\n\t\t\t\t\t\t<div class=\"elementor-element elementor-element-da3121a elementor-align-center elementor-widget elementor-widget-button\" data-id=\"da3121a\" data-element_type=\"widget\" data-widget_type=\"button.default\">\n\t\t\t\t<div class=\"elementor-widget-container\">\n\t\t\t\t\t\t\t\t\t<div class=\"elementor-button-wrapper\">\n\t\t\t\t\t<a class=\"elementor-button elementor-button-link elementor-size-xs\" href=\"https:\/\/www.auva.at\/cdscontent\/?contentid=10007.670874&#038;portal=auvaportal\" target=\"_blank\">\n\t\t\t\t\t\t<span class=\"elementor-button-content-wrapper\">\n\t\t\t\t\t\t\t\t\t<span class=\"elementor-button-text\">AUVA<\/span>\n\t\t\t\t\t<\/span>\n\t\t\t\t\t<\/a>\n\t\t\t\t<\/div>\n\t\t\t\t\t\t\t\t<\/div>\n\t\t\t\t<\/div>\n\t\t\t\t\t<\/div>\n\t\t<\/div>\n\t\t\t\t\t<\/div>\n\t\t<\/section>\n\t\t\t\t<\/div>\n\t\t","protected":false},"excerpt":{"rendered":"<p>(V.\u2009l.\u2009n.\u2009r.) \u00d6AMTC Fahrtechnik Gesch\u00e4ftsf\u00fchrung Karl-Martin Studener, \u00c4rztlicher Direktor des UKH Steiermark Prof. Dr. Christian Kammerlander, Verwaltungsdirektor des UKH Steiermark Andreas Passl MBA MAS, Personaldirektor der AUVA Ass.jur. Holger Wagner, Generaldirektor der AUVA Mag. Alexander Bernart, Pflegedirektor des UKH Steiermark, Michael Pichler MSc, Leiter \u00d6AMTC Fahrtechnik Kalwang Andreas Aigner Mehr als vier Millionen Kilometer legen die [&hellip;]<\/p>\n","protected":false},"author":1,"featured_media":1633,"comment_status":"closed","ping_status":"open","sticky":false,"template":"","format":"standard","meta":{"ocean_post_layout":"","ocean_both_sidebars_style":"","ocean_both_sidebars_content_width":0,"ocean_both_sidebars_sidebars_width":0,"ocean_sidebar":"0","ocean_second_sidebar":"0","ocean_disable_margins":"enable","ocean_add_body_class":"","ocean_shortcode_before_top_bar":"","ocean_shortcode_after_top_bar":"","ocean_shortcode_before_header":"","ocean_shortcode_after_header":"","ocean_has_shortcode":"","ocean_shortcode_after_title":"","ocean_shortcode_before_footer_widgets":"","ocean_shortcode_after_footer_widgets":"","ocean_shortcode_before_footer_bottom":"","ocean_shortcode_after_footer_bottom":"","ocean_display_top_bar":"default","ocean_display_header":"default","ocean_header_style":"","ocean_center_header_left_menu":"0","ocean_custom_header_template":"0","ocean_custom_logo":0,"ocean_custom_retina_logo":0,"ocean_custom_logo_max_width":0,"ocean_custom_logo_tablet_max_width":0,"ocean_custom_logo_mobile_max_width":0,"ocean_custom_logo_max_height":0,"ocean_custom_logo_tablet_max_height":0,"ocean_custom_logo_mobile_max_height":0,"ocean_header_custom_menu":"0","ocean_menu_typo_font_family":"0","ocean_menu_typo_font_subset":"","ocean_menu_typo_font_size":0,"ocean_menu_typo_font_size_tablet":0,"ocean_menu_typo_font_size_mobile":0,"ocean_menu_typo_font_size_unit":"px","ocean_menu_typo_font_weight":"","ocean_menu_typo_font_weight_tablet":"","ocean_menu_typo_font_weight_mobile":"","ocean_menu_typo_transform":"","ocean_menu_typo_transform_tablet":"","ocean_menu_typo_transform_mobile":"","ocean_menu_typo_line_height":0,"ocean_menu_typo_line_height_tablet":0,"ocean_menu_typo_line_height_mobile":0,"ocean_menu_typo_line_height_unit":"","ocean_menu_typo_spacing":0,"ocean_menu_typo_spacing_tablet":0,"ocean_menu_typo_spacing_mobile":0,"ocean_menu_typo_spacing_unit":"","ocean_menu_link_color":"","ocean_menu_link_color_hover":"","ocean_menu_link_color_active":"","ocean_menu_link_background":"","ocean_menu_link_hover_background":"","ocean_menu_link_active_background":"","ocean_menu_social_links_bg":"","ocean_menu_social_hover_links_bg":"","ocean_menu_social_links_color":"","ocean_menu_social_hover_links_color":"","ocean_disable_title":"on","ocean_disable_heading":"default","ocean_post_title":"","ocean_post_subheading":"","ocean_post_title_style":"","ocean_post_title_background_color":"","ocean_post_title_background":0,"ocean_post_title_bg_image_position":"","ocean_post_title_bg_image_attachment":"","ocean_post_title_bg_image_repeat":"","ocean_post_title_bg_image_size":"","ocean_post_title_height":0,"ocean_post_title_bg_overlay":0.5,"ocean_post_title_bg_overlay_color":"","ocean_disable_breadcrumbs":"off","ocean_breadcrumbs_color":"","ocean_breadcrumbs_separator_color":"","ocean_breadcrumbs_links_color":"","ocean_breadcrumbs_links_hover_color":"","ocean_display_footer_widgets":"default","ocean_display_footer_bottom":"default","ocean_custom_footer_template":"0","osh_disable_topbar_sticky":"default","osh_disable_header_sticky":"default","osh_sticky_header_style":"default","osh_sticky_header_effect":"","osh_custom_sticky_logo":0,"osh_custom_retina_sticky_logo":0,"osh_custom_sticky_logo_height":0,"osh_background_color":"","osh_links_color":"","osh_links_hover_color":"","osh_links_active_color":"","osh_links_bg_color":"","osh_links_hover_bg_color":"","osh_links_active_bg_color":"","osh_menu_social_links_color":"","osh_menu_social_hover_links_color":"","ocean_post_oembed":"","ocean_post_self_hosted_media":"","ocean_post_video_embed":"","ocean_link_format":"","ocean_link_format_target":"self","ocean_quote_format":"","ocean_quote_format_link":"post","ocean_gallery_link_images":"off","ocean_gallery_id":[],"footnotes":""},"categories":[21],"tags":[131,167,27],"class_list":["post-1631","post","type-post","status-publish","format-standard","has-post-thumbnail","hentry","category-specials","tag-auva","tag-fahrtechnik","tag-sicherheit","entry","has-media"],"_links":{"self":[{"href":"https:\/\/www.sichere-steiermark.at\/index.php?rest_route=\/wp\/v2\/posts\/1631","targetHints":{"allow":["GET"]}}],"collection":[{"href":"https:\/\/www.sichere-steiermark.at\/index.php?rest_route=\/wp\/v2\/posts"}],"about":[{"href":"https:\/\/www.sichere-steiermark.at\/index.php?rest_route=\/wp\/v2\/types\/post"}],"author":[{"embeddable":true,"href":"https:\/\/www.sichere-steiermark.at\/index.php?rest_route=\/wp\/v2\/users\/1"}],"replies":[{"embeddable":true,"href":"https:\/\/www.sichere-steiermark.at\/index.php?rest_route=%2Fwp%2Fv2%2Fcomments&post=1631"}],"version-history":[{"count":7,"href":"https:\/\/www.sichere-steiermark.at\/index.php?rest_route=\/wp\/v2\/posts\/1631\/revisions"}],"predecessor-version":[{"id":1642,"href":"https:\/\/www.sichere-steiermark.at\/index.php?rest_route=\/wp\/v2\/posts\/1631\/revisions\/1642"}],"wp:featuredmedia":[{"embeddable":true,"href":"https:\/\/www.sichere-steiermark.at\/index.php?rest_route=\/wp\/v2\/media\/1633"}],"wp:attachment":[{"href":"https:\/\/www.sichere-steiermark.at\/index.php?rest_route=%2Fwp%2Fv2%2Fmedia&parent=1631"}],"wp:term":[{"taxonomy":"category","embeddable":true,"href":"https:\/\/www.sichere-steiermark.at\/index.php?rest_route=%2Fwp%2Fv2%2Fcategories&post=1631"},{"taxonomy":"post_tag","embeddable":true,"href":"https:\/\/www.sichere-steiermark.at\/index.php?rest_route=%2Fwp%2Fv2%2Ftags&post=1631"}],"curies":[{"name":"wp","href":"https:\/\/api.w.org\/{rel}","templated":true}]}}