{"id":1676,"date":"2021-07-05T18:11:23","date_gmt":"2021-07-05T16:11:23","guid":{"rendered":"https:\/\/www.sichere-steiermark.at\/?p=1676"},"modified":"2021-07-05T18:17:51","modified_gmt":"2021-07-05T16:17:51","slug":"sanfte-mobilitaet-in-bad-radkersburg","status":"publish","type":"post","link":"https:\/\/www.sichere-steiermark.at\/?p=1676","title":{"rendered":"Sanfte Mobilit\u00e4t in Bad Radkersburg"},"content":{"rendered":"\t\t<div data-elementor-type=\"wp-post\" data-elementor-id=\"1676\" class=\"elementor elementor-1676\" data-elementor-post-type=\"post\">\n\t\t\t\t\t\t<section class=\"elementor-section elementor-top-section elementor-element elementor-element-549cd760 elementor-section-boxed elementor-section-height-default elementor-section-height-default\" data-id=\"549cd760\" data-element_type=\"section\">\n\t\t\t\t\t\t<div class=\"elementor-container elementor-column-gap-default\">\n\t\t\t\t\t<div class=\"elementor-column elementor-col-100 elementor-top-column elementor-element elementor-element-43768d3d\" data-id=\"43768d3d\" data-element_type=\"column\">\n\t\t\t<div class=\"elementor-widget-wrap elementor-element-populated\">\n\t\t\t\t\t\t<div class=\"elementor-element elementor-element-681bc2f7 elementor-widget elementor-widget-theme-post-featured-image elementor-widget-image\" data-id=\"681bc2f7\" data-element_type=\"widget\" data-widget_type=\"theme-post-featured-image.default\">\n\t\t\t\t<div class=\"elementor-widget-container\">\n\t\t\t\t\t\t\t\t\t\t\t\t<figure class=\"wp-caption\">\n\t\t\t\t\t\t\t\t\t\t<img fetchpriority=\"high\" decoding=\"async\" width=\"1024\" height=\"683\" src=\"https:\/\/www.sichere-steiermark.at\/wp-content\/uploads\/2021\/07\/3738_radkersburg_citybus-1024x683.jpg\" class=\"attachment-large size-large wp-image-1677\" alt=\"\" srcset=\"https:\/\/www.sichere-steiermark.at\/wp-content\/uploads\/2021\/07\/3738_radkersburg_citybus-1024x683.jpg 1024w, https:\/\/www.sichere-steiermark.at\/wp-content\/uploads\/2021\/07\/3738_radkersburg_citybus-300x200.jpg 300w, https:\/\/www.sichere-steiermark.at\/wp-content\/uploads\/2021\/07\/3738_radkersburg_citybus-768x512.jpg 768w, https:\/\/www.sichere-steiermark.at\/wp-content\/uploads\/2021\/07\/3738_radkersburg_citybus.jpg 1200w\" sizes=\"(max-width: 1024px) 100vw, 1024px\" \/>\t\t\t\t\t\t\t\t\t\t\t<figcaption class=\"widget-image-caption wp-caption-text\">Fotos: \u00a9 Bad Radkersburg (3) | Wesentlicher Teil der umweltfreundlichen Mobilit\u00e4tsstrategie: der E-Bus mit Niederflurfunktion<\/figcaption>\n\t\t\t\t\t\t\t\t\t\t<\/figure>\n\t\t\t\t\t\t\t\t\t<\/div>\n\t\t\t\t<\/div>\n\t\t\t\t\t<\/div>\n\t\t<\/div>\n\t\t\t\t\t<\/div>\n\t\t<\/section>\n\t\t\t\t<section class=\"elementor-section elementor-top-section elementor-element elementor-element-40748c8e elementor-section-boxed elementor-section-height-default elementor-section-height-default\" data-id=\"40748c8e\" data-element_type=\"section\">\n\t\t\t\t\t\t<div class=\"elementor-container elementor-column-gap-default\">\n\t\t\t\t\t<div class=\"elementor-column elementor-col-100 elementor-top-column elementor-element elementor-element-75b1f71b\" data-id=\"75b1f71b\" data-element_type=\"column\">\n\t\t\t<div class=\"elementor-widget-wrap elementor-element-populated\">\n\t\t\t\t\t\t<div class=\"elementor-element elementor-element-4cd9b319 elementor-widget elementor-widget-theme-post-title elementor-page-title elementor-widget-heading\" data-id=\"4cd9b319\" data-element_type=\"widget\" data-widget_type=\"theme-post-title.default\">\n\t\t\t\t<div class=\"elementor-widget-container\">\n\t\t\t\t\t<h1 class=\"elementor-heading-title elementor-size-xl\">Sanfte Mobilit\u00e4t in Bad Radkersburg<\/h1>\t\t\t\t<\/div>\n\t\t\t\t<\/div>\n\t\t\t\t\t<\/div>\n\t\t<\/div>\n\t\t\t\t\t<\/div>\n\t\t<\/section>\n\t\t\t\t<section class=\"elementor-section elementor-top-section elementor-element elementor-element-3151dd99 elementor-section-boxed elementor-section-height-default elementor-section-height-default\" data-id=\"3151dd99\" data-element_type=\"section\">\n\t\t\t\t\t\t<div class=\"elementor-container elementor-column-gap-default\">\n\t\t\t\t\t<div class=\"elementor-column elementor-col-100 elementor-top-column elementor-element elementor-element-19861b86\" data-id=\"19861b86\" data-element_type=\"column\">\n\t\t\t<div class=\"elementor-widget-wrap elementor-element-populated\">\n\t\t\t\t\t\t<div class=\"elementor-element elementor-element-48189250 elementor-widget elementor-widget-text-editor\" data-id=\"48189250\" data-element_type=\"widget\" data-widget_type=\"text-editor.default\">\n\t\t\t\t<div class=\"elementor-widget-container\">\n\t\t\t\t\t\t\t\t\t<h4>Die Lebensqualit\u00e4t f\u00fcr die Bewohner und G\u00e4ste der Stadt Bad Radkersburg zu verbessern, liegt im Interesse der Stadtgemeinde und daher wurden mit der Erstellung eines Verkehrskonzeptes wichtige Meilensteine in puncto Verkehrsberuhigung gesetzt. Fu\u00dfg\u00e4nger und Radfahrer bekommen mehr Raum, f\u00fcr die Autofahrer werden gen\u00fcgend Parkm\u00f6glichkeiten zur Verf\u00fcgung gestellt und dadurch wird auch erm\u00f6glicht, dass die Wirtschaft in der Altstadt weiter pulsieren kann.<\/h4><p><strong>Mobilit\u00e4t \u2013 Fahrrad<\/strong><\/p><p>Ein Ziel des Gesamtkonzeptes ist, den Alltagsradverkehr in der Stadtgemeinde deutlich zu steigern. Dazu wurde die bestehende Radinfrastruktur konsequent zu einem hochwertigen Radwegenetz ausgebaut und weitere, vielf\u00e4ltige Aktivit\u00e4ten rund ums Radfahren werden gesetzt. Beispielsweise werden in der gesamten Altstadt zahlreiche Fahrradabstellanlagen errichtet, Radwegs\u00fcberfahrten und Markierungen werden speziell gekennzeichnet und damit sicherer gemacht.<\/p><p><strong>Zweite Fahrradstra\u00dfe<\/strong><br \/>Der Raiffeisenweg wird zur Fahrradstra\u00dfe. Die Radfahrer d\u00fcrfen hier nebeneinander fahren und das Besondere: F\u00fcr die Anrainer und Fu\u00dfg\u00e4nger \u00e4ndert sich dadurch nichts. Mit dieser Ma\u00dfnahme wird das erste Verbindungsst\u00fcck vom Bahnhof zur Altstadt aufgewertet und ein Schritt in Richtung \u201eRadkersburg, die Radhauptstadt\u201c gesetzt.<\/p><p><strong>Fahrr\u00e4der testen<\/strong><br \/>Die steirische Radhauptstadt baut nicht nur das Radwegenetz aus, sondern stellt ab sofort den Bewohnern, den Betrieben, Institutionen, \u00c4mtern, Kinderg\u00e4rten usw. etliche Sonderfahrr\u00e4der zum Testen zur Verf\u00fcgung. Mitarbeiter der Fahrradfachgesch\u00e4fte \u00fcbernehmen die Ausgabe der Fahrr\u00e4der (in der ehemaligen Laava-Lounge in der Kirchgasse 1\u20132) und \u00fcbernehmen auch das Service f\u00fcr diese. Das ist eine ganz tolle M\u00f6glichkeit, um Fahrr\u00e4der zu testen und einen Fahrradausflug in der Region rund um Bad Radkersburg auf den beschilderten Radwegen mit einem speziellen Leihfahrrad durchzuf\u00fchren.<\/p><p><strong>Begegnungszone in der Altstadt<\/strong><\/p><p>Mit dem geplanten Konzept wird im zentralen Bereich der Altstadt eine neue Einbahnregelung eingef\u00fchrt, die den Verkehr in der Innenstadt erheblich beruhigen und die Stra\u00dfen entlasten wird. Mit dem Rad kann weiterhin jedes Ziel ohne Umwege erreicht werden und in der Begegnungszone ist ein \u201eMiteinander\u201c aller Verkehrsteilnehmer bei einer reduzierten Geschwindigkeit auf bis zu 20 km\/h garantiert. \u201eGemeinsam gehen und erfahren wir in Bad Radkersburg eine neue zeitgem\u00e4\u00dfe Epoche der Verkehrsgestaltung\u201c, so Mag. Karl Lautner, B\u00fcrgermeister von Bad Radkersburg.<\/p><p><strong>E-Bus \u2013 eigene Linie<\/strong><\/p><p>Mit der Anschaffung eines Elektrobusses f\u00fcr B\u00fcrger und G\u00e4ste von Bad Radkersburg wurde eine nachhaltige gr\u00fcne F\u00e4hrte gelegt.<\/p><p>\u201eDer Bus steht f\u00fcr einen wesentlichen Teil unserer umweltfreundlichen Mobilit\u00e4tsstrategie und wird die innerst\u00e4dtische Anbindung ganz entscheidend bereichern\u201c, so Lautner. In der ersten Stufe f\u00e4hrt der Elektrobus an sechs Tagen in der Woche zwischen Bahnhof und Innenstadt sowie mehreren Stationen zwischen Friedhof, Neuhummersdorf, dem Zentrum, der Therme und dem LKH. Ein barrierefreies Zusteigen ist zudem gew\u00e4hrleistet.<\/p>\t\t\t\t\t\t\t\t<\/div>\n\t\t\t\t<\/div>\n\t\t\t\t\t<\/div>\n\t\t<\/div>\n\t\t\t\t\t<\/div>\n\t\t<\/section>\n\t\t\t\t<section class=\"elementor-section elementor-top-section elementor-element elementor-element-28c338b elementor-section-boxed elementor-section-height-default elementor-section-height-default\" data-id=\"28c338b\" data-element_type=\"section\">\n\t\t\t\t\t\t<div class=\"elementor-container elementor-column-gap-default\">\n\t\t\t\t\t<div class=\"elementor-column elementor-col-50 elementor-top-column elementor-element elementor-element-810c421\" data-id=\"810c421\" data-element_type=\"column\">\n\t\t\t<div class=\"elementor-widget-wrap elementor-element-populated\">\n\t\t\t\t\t\t<div class=\"elementor-element elementor-element-bfe224f elementor-widget elementor-widget-image\" data-id=\"bfe224f\" data-element_type=\"widget\" data-widget_type=\"image.default\">\n\t\t\t\t<div class=\"elementor-widget-container\">\n\t\t\t\t\t\t\t\t\t\t\t\t<figure class=\"wp-caption\">\n\t\t\t\t\t\t\t\t\t\t<img decoding=\"async\" width=\"1024\" height=\"683\" src=\"https:\/\/www.sichere-steiermark.at\/wp-content\/uploads\/2021\/07\/3738_radverleih_BadRadkersburg-1024x683.jpg\" class=\"attachment-large size-large wp-image-1678\" alt=\"\" srcset=\"https:\/\/www.sichere-steiermark.at\/wp-content\/uploads\/2021\/07\/3738_radverleih_BadRadkersburg-1024x683.jpg 1024w, https:\/\/www.sichere-steiermark.at\/wp-content\/uploads\/2021\/07\/3738_radverleih_BadRadkersburg-300x200.jpg 300w, https:\/\/www.sichere-steiermark.at\/wp-content\/uploads\/2021\/07\/3738_radverleih_BadRadkersburg-768x512.jpg 768w, https:\/\/www.sichere-steiermark.at\/wp-content\/uploads\/2021\/07\/3738_radverleih_BadRadkersburg.jpg 1200w\" sizes=\"(max-width: 1024px) 100vw, 1024px\" \/>\t\t\t\t\t\t\t\t\t\t\t<figcaption class=\"widget-image-caption wp-caption-text\">Bgm. Karl Lautner, Dominik Frankl, Stadtrat Walter Rauch, Vize-Bgm. Christian Duri\u010d, Vize-Bgm. Franz Trebitsch (v.\u2009l.\u2009n.\u2009r.)<\/figcaption>\n\t\t\t\t\t\t\t\t\t\t<\/figure>\n\t\t\t\t\t\t\t\t\t<\/div>\n\t\t\t\t<\/div>\n\t\t\t\t\t<\/div>\n\t\t<\/div>\n\t\t\t\t<div class=\"elementor-column elementor-col-50 elementor-top-column elementor-element elementor-element-464d9dd\" data-id=\"464d9dd\" data-element_type=\"column\">\n\t\t\t<div class=\"elementor-widget-wrap elementor-element-populated\">\n\t\t\t\t\t\t<div class=\"elementor-element elementor-element-0b741fe elementor-widget elementor-widget-image\" data-id=\"0b741fe\" data-element_type=\"widget\" data-widget_type=\"image.default\">\n\t\t\t\t<div class=\"elementor-widget-container\">\n\t\t\t\t\t\t\t\t\t\t\t\t<figure class=\"wp-caption\">\n\t\t\t\t\t\t\t\t\t\t<img decoding=\"async\" width=\"1024\" height=\"683\" src=\"https:\/\/www.sichere-steiermark.at\/wp-content\/uploads\/2021\/07\/3738_sonderfahrrad-Kinderbus-badradkersburg-1024x683.jpg\" class=\"attachment-large size-large wp-image-1679\" alt=\"\" srcset=\"https:\/\/www.sichere-steiermark.at\/wp-content\/uploads\/2021\/07\/3738_sonderfahrrad-Kinderbus-badradkersburg-1024x683.jpg 1024w, https:\/\/www.sichere-steiermark.at\/wp-content\/uploads\/2021\/07\/3738_sonderfahrrad-Kinderbus-badradkersburg-300x200.jpg 300w, https:\/\/www.sichere-steiermark.at\/wp-content\/uploads\/2021\/07\/3738_sonderfahrrad-Kinderbus-badradkersburg-768x512.jpg 768w, https:\/\/www.sichere-steiermark.at\/wp-content\/uploads\/2021\/07\/3738_sonderfahrrad-Kinderbus-badradkersburg.jpg 1200w\" sizes=\"(max-width: 1024px) 100vw, 1024px\" \/>\t\t\t\t\t\t\t\t\t\t\t<figcaption class=\"widget-image-caption wp-caption-text\">Begeistert lassen sich die Kinder des Kindergartens mit dem Sonderfahrrad chauffieren. B\u00fcrgermeister Karl Lautner freut sich mit ihnen.<\/figcaption>\n\t\t\t\t\t\t\t\t\t\t<\/figure>\n\t\t\t\t\t\t\t\t\t<\/div>\n\t\t\t\t<\/div>\n\t\t\t\t\t<\/div>\n\t\t<\/div>\n\t\t\t\t\t<\/div>\n\t\t<\/section>\n\t\t\t\t<section class=\"elementor-section elementor-top-section elementor-element elementor-element-194ea1a7 elementor-section-boxed elementor-section-height-default elementor-section-height-default\" data-id=\"194ea1a7\" data-element_type=\"section\">\n\t\t\t\t\t\t<div class=\"elementor-container elementor-column-gap-default\">\n\t\t\t\t\t<div class=\"elementor-column elementor-col-100 elementor-top-column elementor-element elementor-element-bdffccb\" data-id=\"bdffccb\" data-element_type=\"column\">\n\t\t\t<div class=\"elementor-widget-wrap elementor-element-populated\">\n\t\t\t\t\t\t<div class=\"elementor-element elementor-element-3dd70b34 elementor-widget-divider--view-line elementor-widget elementor-widget-divider\" data-id=\"3dd70b34\" data-element_type=\"widget\" data-widget_type=\"divider.default\">\n\t\t\t\t<div class=\"elementor-widget-container\">\n\t\t\t\t\t\t\t<div class=\"elementor-divider\">\n\t\t\t<span class=\"elementor-divider-separator\">\n\t\t\t\t\t\t<\/span>\n\t\t<\/div>\n\t\t\t\t\t\t<\/div>\n\t\t\t\t<\/div>\n\t\t\t\t\t<\/div>\n\t\t<\/div>\n\t\t\t\t\t<\/div>\n\t\t<\/section>\n\t\t\t\t<\/div>\n\t\t","protected":false},"excerpt":{"rendered":"<p>Die Lebensqualit\u00e4t f\u00fcr die Bewohner und G\u00e4ste der Stadt Bad Radkersburg zu verbessern, liegt im Interesse der Stadtgemeinde und daher wurden mit der Erstellung eines Verkehrskonzeptes wichtige Meilensteine in puncto Verkehrsberuhigung gesetzt. Fu\u00dfg\u00e4nger und Radfahrer bekommen mehr Raum, f\u00fcr die Autofahrer werden gen\u00fcgend Parkm\u00f6glichkeiten zur Verf\u00fcgung gestellt und dadurch wird auch erm\u00f6glicht, dass die Wirtschaft [&hellip;]<\/p>\n","protected":false},"author":1,"featured_media":1677,"comment_status":"closed","ping_status":"open","sticky":false,"template":"","format":"standard","meta":{"ocean_post_layout":"","ocean_both_sidebars_style":"","ocean_both_sidebars_content_width":0,"ocean_both_sidebars_sidebars_width":0,"ocean_sidebar":"0","ocean_second_sidebar":"0","ocean_disable_margins":"enable","ocean_add_body_class":"","ocean_shortcode_before_top_bar":"","ocean_shortcode_after_top_bar":"","ocean_shortcode_before_header":"","ocean_shortcode_after_header":"","ocean_has_shortcode":"","ocean_shortcode_after_title":"","ocean_shortcode_before_footer_widgets":"","ocean_shortcode_after_footer_widgets":"","ocean_shortcode_before_footer_bottom":"","ocean_shortcode_after_footer_bottom":"","ocean_display_top_bar":"default","ocean_display_header":"default","ocean_header_style":"","ocean_center_header_left_menu":"0","ocean_custom_header_template":"0","ocean_custom_logo":0,"ocean_custom_retina_logo":0,"ocean_custom_logo_max_width":0,"ocean_custom_logo_tablet_max_width":0,"ocean_custom_logo_mobile_max_width":0,"ocean_custom_logo_max_height":0,"ocean_custom_logo_tablet_max_height":0,"ocean_custom_logo_mobile_max_height":0,"ocean_header_custom_menu":"0","ocean_menu_typo_font_family":"0","ocean_menu_typo_font_subset":"","ocean_menu_typo_font_size":0,"ocean_menu_typo_font_size_tablet":0,"ocean_menu_typo_font_size_mobile":0,"ocean_menu_typo_font_size_unit":"px","ocean_menu_typo_font_weight":"","ocean_menu_typo_font_weight_tablet":"","ocean_menu_typo_font_weight_mobile":"","ocean_menu_typo_transform":"","ocean_menu_typo_transform_tablet":"","ocean_menu_typo_transform_mobile":"","ocean_menu_typo_line_height":0,"ocean_menu_typo_line_height_tablet":0,"ocean_menu_typo_line_height_mobile":0,"ocean_menu_typo_line_height_unit":"","ocean_menu_typo_spacing":0,"ocean_menu_typo_spacing_tablet":0,"ocean_menu_typo_spacing_mobile":0,"ocean_menu_typo_spacing_unit":"","ocean_menu_link_color":"","ocean_menu_link_color_hover":"","ocean_menu_link_color_active":"","ocean_menu_link_background":"","ocean_menu_link_hover_background":"","ocean_menu_link_active_background":"","ocean_menu_social_links_bg":"","ocean_menu_social_hover_links_bg":"","ocean_menu_social_links_color":"","ocean_menu_social_hover_links_color":"","ocean_disable_title":"on","ocean_disable_heading":"default","ocean_post_title":"","ocean_post_subheading":"","ocean_post_title_style":"","ocean_post_title_background_color":"","ocean_post_title_background":0,"ocean_post_title_bg_image_position":"","ocean_post_title_bg_image_attachment":"","ocean_post_title_bg_image_repeat":"","ocean_post_title_bg_image_size":"","ocean_post_title_height":0,"ocean_post_title_bg_overlay":0.5,"ocean_post_title_bg_overlay_color":"","ocean_disable_breadcrumbs":"off","ocean_breadcrumbs_color":"","ocean_breadcrumbs_separator_color":"","ocean_breadcrumbs_links_color":"","ocean_breadcrumbs_links_hover_color":"","ocean_display_footer_widgets":"default","ocean_display_footer_bottom":"default","ocean_custom_footer_template":"0","osh_disable_topbar_sticky":"default","osh_disable_header_sticky":"default","osh_sticky_header_style":"default","osh_sticky_header_effect":"","osh_custom_sticky_logo":0,"osh_custom_retina_sticky_logo":0,"osh_custom_sticky_logo_height":0,"osh_background_color":"","osh_links_color":"","osh_links_hover_color":"","osh_links_active_color":"","osh_links_bg_color":"","osh_links_hover_bg_color":"","osh_links_active_bg_color":"","osh_menu_social_links_color":"","osh_menu_social_hover_links_color":"","ocean_post_oembed":"","ocean_post_self_hosted_media":"","ocean_post_video_embed":"","ocean_link_format":"","ocean_link_format_target":"self","ocean_quote_format":"","ocean_quote_format_link":"post","ocean_gallery_link_images":"off","ocean_gallery_id":[],"footnotes":""},"categories":[21],"tags":[169],"class_list":["post-1676","post","type-post","status-publish","format-standard","has-post-thumbnail","hentry","category-specials","tag-e-mobilitaet","entry","has-media"],"_links":{"self":[{"href":"https:\/\/www.sichere-steiermark.at\/index.php?rest_route=\/wp\/v2\/posts\/1676","targetHints":{"allow":["GET"]}}],"collection":[{"href":"https:\/\/www.sichere-steiermark.at\/index.php?rest_route=\/wp\/v2\/posts"}],"about":[{"href":"https:\/\/www.sichere-steiermark.at\/index.php?rest_route=\/wp\/v2\/types\/post"}],"author":[{"embeddable":true,"href":"https:\/\/www.sichere-steiermark.at\/index.php?rest_route=\/wp\/v2\/users\/1"}],"replies":[{"embeddable":true,"href":"https:\/\/www.sichere-steiermark.at\/index.php?rest_route=%2Fwp%2Fv2%2Fcomments&post=1676"}],"version-history":[{"count":4,"href":"https:\/\/www.sichere-steiermark.at\/index.php?rest_route=\/wp\/v2\/posts\/1676\/revisions"}],"predecessor-version":[{"id":1684,"href":"https:\/\/www.sichere-steiermark.at\/index.php?rest_route=\/wp\/v2\/posts\/1676\/revisions\/1684"}],"wp:featuredmedia":[{"embeddable":true,"href":"https:\/\/www.sichere-steiermark.at\/index.php?rest_route=\/wp\/v2\/media\/1677"}],"wp:attachment":[{"href":"https:\/\/www.sichere-steiermark.at\/index.php?rest_route=%2Fwp%2Fv2%2Fmedia&parent=1676"}],"wp:term":[{"taxonomy":"category","embeddable":true,"href":"https:\/\/www.sichere-steiermark.at\/index.php?rest_route=%2Fwp%2Fv2%2Fcategories&post=1676"},{"taxonomy":"post_tag","embeddable":true,"href":"https:\/\/www.sichere-steiermark.at\/index.php?rest_route=%2Fwp%2Fv2%2Ftags&post=1676"}],"curies":[{"name":"wp","href":"https:\/\/api.w.org\/{rel}","templated":true}]}}