{"id":1699,"date":"2021-07-05T18:28:31","date_gmt":"2021-07-05T16:28:31","guid":{"rendered":"https:\/\/www.sichere-steiermark.at\/?p=1699"},"modified":"2021-07-05T18:32:06","modified_gmt":"2021-07-05T16:32:06","slug":"bmw-i3-der-vorreiter","status":"publish","type":"post","link":"https:\/\/www.sichere-steiermark.at\/?p=1699","title":{"rendered":"BMW i3 &#8211; der Vorreiter"},"content":{"rendered":"\t\t<div data-elementor-type=\"wp-post\" data-elementor-id=\"1699\" class=\"elementor elementor-1699\" data-elementor-post-type=\"post\">\n\t\t\t\t\t\t<section class=\"elementor-section elementor-top-section elementor-element elementor-element-662de7ea elementor-section-boxed elementor-section-height-default elementor-section-height-default\" data-id=\"662de7ea\" data-element_type=\"section\">\n\t\t\t\t\t\t<div class=\"elementor-container elementor-column-gap-default\">\n\t\t\t\t\t<div class=\"elementor-column elementor-col-100 elementor-top-column elementor-element elementor-element-2d804893\" data-id=\"2d804893\" data-element_type=\"column\">\n\t\t\t<div class=\"elementor-widget-wrap elementor-element-populated\">\n\t\t\t\t\t\t<div class=\"elementor-element elementor-element-2e47d195 elementor-widget elementor-widget-theme-post-featured-image elementor-widget-image\" data-id=\"2e47d195\" data-element_type=\"widget\" data-widget_type=\"theme-post-featured-image.default\">\n\t\t\t\t<div class=\"elementor-widget-container\">\n\t\t\t\t\t\t\t\t\t\t\t\t<figure class=\"wp-caption\">\n\t\t\t\t\t\t\t\t\t\t<img fetchpriority=\"high\" decoding=\"async\" width=\"1024\" height=\"683\" src=\"https:\/\/www.sichere-steiermark.at\/wp-content\/uploads\/2021\/07\/3740_gady_bmw_i3_vorne-1024x683.jpg\" class=\"attachment-large size-large wp-image-1700\" alt=\"\" srcset=\"https:\/\/www.sichere-steiermark.at\/wp-content\/uploads\/2021\/07\/3740_gady_bmw_i3_vorne-1024x683.jpg 1024w, https:\/\/www.sichere-steiermark.at\/wp-content\/uploads\/2021\/07\/3740_gady_bmw_i3_vorne-300x200.jpg 300w, https:\/\/www.sichere-steiermark.at\/wp-content\/uploads\/2021\/07\/3740_gady_bmw_i3_vorne-768x512.jpg 768w, https:\/\/www.sichere-steiermark.at\/wp-content\/uploads\/2021\/07\/3740_gady_bmw_i3_vorne.jpg 1200w\" sizes=\"(max-width: 1024px) 100vw, 1024px\" \/>\t\t\t\t\t\t\t\t\t\t\t<figcaption class=\"widget-image-caption wp-caption-text\">Foto: \u00a9 printverlag (2)<\/figcaption>\n\t\t\t\t\t\t\t\t\t\t<\/figure>\n\t\t\t\t\t\t\t\t\t<\/div>\n\t\t\t\t<\/div>\n\t\t\t\t\t<\/div>\n\t\t<\/div>\n\t\t\t\t\t<\/div>\n\t\t<\/section>\n\t\t\t\t<section class=\"elementor-section elementor-top-section elementor-element elementor-element-707468e7 elementor-section-boxed elementor-section-height-default elementor-section-height-default\" data-id=\"707468e7\" data-element_type=\"section\">\n\t\t\t\t\t\t<div class=\"elementor-container elementor-column-gap-default\">\n\t\t\t\t\t<div class=\"elementor-column elementor-col-100 elementor-top-column elementor-element elementor-element-43ba1e57\" data-id=\"43ba1e57\" data-element_type=\"column\">\n\t\t\t<div class=\"elementor-widget-wrap elementor-element-populated\">\n\t\t\t\t\t\t<div class=\"elementor-element elementor-element-24417461 elementor-widget elementor-widget-theme-post-title elementor-page-title elementor-widget-heading\" data-id=\"24417461\" data-element_type=\"widget\" data-widget_type=\"theme-post-title.default\">\n\t\t\t\t<div class=\"elementor-widget-container\">\n\t\t\t\t\t<h1 class=\"elementor-heading-title elementor-size-xl\">BMW i3 &#8211; der Vorreiter<\/h1>\t\t\t\t<\/div>\n\t\t\t\t<\/div>\n\t\t\t\t\t<\/div>\n\t\t<\/div>\n\t\t\t\t\t<\/div>\n\t\t<\/section>\n\t\t\t\t<section class=\"elementor-section elementor-top-section elementor-element elementor-element-5eeb38a elementor-section-boxed elementor-section-height-default elementor-section-height-default\" data-id=\"5eeb38a\" data-element_type=\"section\">\n\t\t\t\t\t\t<div class=\"elementor-container elementor-column-gap-default\">\n\t\t\t\t\t<div class=\"elementor-column elementor-col-100 elementor-top-column elementor-element elementor-element-1e970472\" data-id=\"1e970472\" data-element_type=\"column\">\n\t\t\t<div class=\"elementor-widget-wrap elementor-element-populated\">\n\t\t\t\t\t\t<div class=\"elementor-element elementor-element-7a128552 elementor-widget elementor-widget-text-editor\" data-id=\"7a128552\" data-element_type=\"widget\" data-widget_type=\"text-editor.default\">\n\t\t\t\t<div class=\"elementor-widget-container\">\n\t\t\t\t\t\t\t\t\t<h3>Der BMW i3 ist f\u00fcr viele Symbol f\u00fcr elektrisches Fahren. Der wendige Pionier erregt noch immer viel Aufmerksamkeit auf der Stra\u00dfe.<\/h3><p>Der BMW i3 ist seit seiner Markteinf\u00fchrung das meistverkaufte Elektrofahrzeug im Premium-Kompaktsegment.<br \/>Im Alltagsverkehr \u00fcberzeugt der BMW i3 mit vielseitigen Qualit\u00e4ten, die weit \u00fcber den Einsatz auf Kurzstrecken in urbanen Ballungsgebieten hinausreichen. <br \/>Dank seiner Rolle als vision\u00e4rer Technologietr\u00e4ger und eines ungebrochenen Verkaufserfolgs hat der BMW i3 seit seinem Marktstart 2013 bereits den Status einer Ikone erreicht. Die BMW Group wird das Fahrzeug daher nochmals weiterentwickeln und plant zum jetzigen Zeitpunkt, die Produktion bis 2024 zu verl\u00e4ngern. Die Bilanz aus Kundensicht hebt vor allem die Zuverl\u00e4ssigkeit und Langlebigkeit, die Wirtschaftlichkeit und die \u00fcberaus praxistaugliche Reichweite des BMW i3 hervor.<\/p><p><strong>Unschlagbares Design<\/strong><br \/>Der Erfolg des Elektropioniers k\u00f6nnte auch darin liegen, dass er keinen Trends folgt, sondern diese setzt. Denn die progressive Formensprache der Karosserie ist Ausdruck eines selbstbewussten Lifestyles. Klare Linien und kurze \u00dcberg\u00e4nge dominieren und die zweifarbig lackierte Oberfl\u00e4che unterstreicht die Sportlichkeit des BMW i3 zus\u00e4tzlich.<br \/>Im Innenraum kommen nachhaltige Materialien zum Einsatz und funktionale Details verleihen dem Fahrzeug Lounge-Charakter.<br \/>Die offene T\u00fcr-Konstruktion macht Einsteigen und Beladen so einfach wie nie zuvor. Sind die T\u00fcren geschlossen, \u00fcbernehmen sie die Schutzfunktion der B-S\u00e4ule.<\/p><p><strong>Mehr Reichweite<\/strong><br \/>Mit einer neuesten Batteriegeneration im BMW i3 (120 Ah) (Kraftstoffverbrauch kombiniert: 0,0 l\/100 km; Stromverbrauch kombiniert: 13,1 kWh\/100 km; CO2-Emissionen kombiniert: 0 g\/km), deren Brutto-Energiegehalt nunmehr auf 42,2 kWh gesteigert wurde, konnte die Reichweite inzwischen auf\u2009\u2009\u2009Werte von 285 bis 310 Kilometer im Testzyklus WLTP beziehungsweise 260 Kilometer im Alltagsbetrieb erh\u00f6ht werden. Dies entspricht einer Steigerung um rund 50 Prozent gegen\u00fcber dem BMW i3 mit einem Hochvoltspeicher der ersten Generation.<\/p><p><strong>Nachhaltige Fahrfreude \u2013 charakteristisches Merkmal des BMW i3<\/strong><br \/>Eine nachhaltige Wirkung erzielt zudem die Fahrfreude, die der BMW i3 vermittelt. Auch nach vielen Jahren des rein elektrischen Fahrens begeistern sich die Kunden noch immer f\u00fcr die spontane Kraftentfaltung des Elektromotors und das One-Pedal-Feeling, mit dem sich ihr Fahrzeug mittels Rekuperation verz\u00f6gern l\u00e4sst.<\/p><p><strong>Nachhaltiger Einsatz der Batterien<\/strong><br \/>Die Zweitnutzung von Hochvoltbatterien, die f\u00fcr den anspruchsvollen Einsatz im Automobil nicht mehr geeignet sind, dienen beispielsweise auf dem Gel\u00e4nde des BMW Werks Leipzig als Speicher f\u00fcr den dort mithilfe von Windkraftanlagen erzeugten \u00d6kostrom.<\/p><p>Mehr \u00fcber den BMW i3 sowie tolle Angebote erhalten Sie in allen GADY-Autoh\u00e4usern oder unter www.gady.at.<\/p>\t\t\t\t\t\t\t\t<\/div>\n\t\t\t\t<\/div>\n\t\t\t\t<div class=\"elementor-element elementor-element-b2805fd elementor-widget elementor-widget-image\" data-id=\"b2805fd\" data-element_type=\"widget\" data-widget_type=\"image.default\">\n\t\t\t\t<div class=\"elementor-widget-container\">\n\t\t\t\t\t\t\t\t\t\t\t\t\t\t\t<img decoding=\"async\" width=\"1024\" height=\"683\" src=\"https:\/\/www.sichere-steiermark.at\/wp-content\/uploads\/2021\/07\/3740_gady_bmw_i3_seitlich-1024x683.jpg\" class=\"attachment-large size-large wp-image-1701\" alt=\"\" srcset=\"https:\/\/www.sichere-steiermark.at\/wp-content\/uploads\/2021\/07\/3740_gady_bmw_i3_seitlich-1024x683.jpg 1024w, https:\/\/www.sichere-steiermark.at\/wp-content\/uploads\/2021\/07\/3740_gady_bmw_i3_seitlich-300x200.jpg 300w, https:\/\/www.sichere-steiermark.at\/wp-content\/uploads\/2021\/07\/3740_gady_bmw_i3_seitlich-768x512.jpg 768w, https:\/\/www.sichere-steiermark.at\/wp-content\/uploads\/2021\/07\/3740_gady_bmw_i3_seitlich.jpg 1200w\" sizes=\"(max-width: 1024px) 100vw, 1024px\" \/>\t\t\t\t\t\t\t\t\t\t\t\t\t\t\t<\/div>\n\t\t\t\t<\/div>\n\t\t\t\t\t<\/div>\n\t\t<\/div>\n\t\t\t\t\t<\/div>\n\t\t<\/section>\n\t\t\t\t<section class=\"elementor-section elementor-top-section elementor-element elementor-element-33febe85 elementor-section-boxed elementor-section-height-default elementor-section-height-default\" data-id=\"33febe85\" data-element_type=\"section\">\n\t\t\t\t\t\t<div class=\"elementor-container elementor-column-gap-default\">\n\t\t\t\t\t<div class=\"elementor-column elementor-col-100 elementor-top-column elementor-element elementor-element-28e17558\" data-id=\"28e17558\" data-element_type=\"column\">\n\t\t\t<div class=\"elementor-widget-wrap elementor-element-populated\">\n\t\t\t\t\t\t<div class=\"elementor-element elementor-element-394ad523 elementor-widget-divider--view-line elementor-widget elementor-widget-divider\" data-id=\"394ad523\" data-element_type=\"widget\" data-widget_type=\"divider.default\">\n\t\t\t\t<div class=\"elementor-widget-container\">\n\t\t\t\t\t\t\t<div class=\"elementor-divider\">\n\t\t\t<span class=\"elementor-divider-separator\">\n\t\t\t\t\t\t<\/span>\n\t\t<\/div>\n\t\t\t\t\t\t<\/div>\n\t\t\t\t<\/div>\n\t\t\t\t\t<\/div>\n\t\t<\/div>\n\t\t\t\t\t<\/div>\n\t\t<\/section>\n\t\t\t\t<section class=\"elementor-section elementor-top-section elementor-element elementor-element-418ec267 elementor-section-boxed elementor-section-height-default elementor-section-height-default\" data-id=\"418ec267\" data-element_type=\"section\">\n\t\t\t\t\t\t<div class=\"elementor-container elementor-column-gap-default\">\n\t\t\t\t\t<div class=\"elementor-column elementor-col-100 elementor-top-column elementor-element elementor-element-17705638\" data-id=\"17705638\" data-element_type=\"column\">\n\t\t\t<div class=\"elementor-widget-wrap elementor-element-populated\">\n\t\t\t\t\t\t<div class=\"elementor-element elementor-element-44c5ce1d elementor-align-center elementor-widget elementor-widget-button\" data-id=\"44c5ce1d\" data-element_type=\"widget\" data-widget_type=\"button.default\">\n\t\t\t\t<div class=\"elementor-widget-container\">\n\t\t\t\t\t\t\t\t\t<div class=\"elementor-button-wrapper\">\n\t\t\t\t\t<a class=\"elementor-button elementor-button-link elementor-size-xs\" href=\"https:\/\/www.gady.at\/\" target=\"_blank\">\n\t\t\t\t\t\t<span class=\"elementor-button-content-wrapper\">\n\t\t\t\t\t\t\t\t\t<span class=\"elementor-button-text\">GADY<\/span>\n\t\t\t\t\t<\/span>\n\t\t\t\t\t<\/a>\n\t\t\t\t<\/div>\n\t\t\t\t\t\t\t\t<\/div>\n\t\t\t\t<\/div>\n\t\t\t\t\t<\/div>\n\t\t<\/div>\n\t\t\t\t\t<\/div>\n\t\t<\/section>\n\t\t\t\t<\/div>\n\t\t","protected":false},"excerpt":{"rendered":"<p>Der BMW i3 ist f\u00fcr viele Symbol f\u00fcr elektrisches Fahren. Der wendige Pionier erregt noch immer viel Aufmerksamkeit auf der Stra\u00dfe. Der BMW i3 ist seit seiner Markteinf\u00fchrung das meistverkaufte Elektrofahrzeug im Premium-Kompaktsegment.Im Alltagsverkehr \u00fcberzeugt der BMW i3 mit vielseitigen Qualit\u00e4ten, die weit \u00fcber den Einsatz auf Kurzstrecken in urbanen Ballungsgebieten hinausreichen. Dank seiner Rolle [&hellip;]<\/p>\n","protected":false},"author":1,"featured_media":1700,"comment_status":"closed","ping_status":"open","sticky":false,"template":"","format":"standard","meta":{"ocean_post_layout":"","ocean_both_sidebars_style":"","ocean_both_sidebars_content_width":0,"ocean_both_sidebars_sidebars_width":0,"ocean_sidebar":"0","ocean_second_sidebar":"0","ocean_disable_margins":"enable","ocean_add_body_class":"","ocean_shortcode_before_top_bar":"","ocean_shortcode_after_top_bar":"","ocean_shortcode_before_header":"","ocean_shortcode_after_header":"","ocean_has_shortcode":"","ocean_shortcode_after_title":"","ocean_shortcode_before_footer_widgets":"","ocean_shortcode_after_footer_widgets":"","ocean_shortcode_before_footer_bottom":"","ocean_shortcode_after_footer_bottom":"","ocean_display_top_bar":"default","ocean_display_header":"default","ocean_header_style":"","ocean_center_header_left_menu":"0","ocean_custom_header_template":"0","ocean_custom_logo":0,"ocean_custom_retina_logo":0,"ocean_custom_logo_max_width":0,"ocean_custom_logo_tablet_max_width":0,"ocean_custom_logo_mobile_max_width":0,"ocean_custom_logo_max_height":0,"ocean_custom_logo_tablet_max_height":0,"ocean_custom_logo_mobile_max_height":0,"ocean_header_custom_menu":"0","ocean_menu_typo_font_family":"0","ocean_menu_typo_font_subset":"","ocean_menu_typo_font_size":0,"ocean_menu_typo_font_size_tablet":0,"ocean_menu_typo_font_size_mobile":0,"ocean_menu_typo_font_size_unit":"px","ocean_menu_typo_font_weight":"","ocean_menu_typo_font_weight_tablet":"","ocean_menu_typo_font_weight_mobile":"","ocean_menu_typo_transform":"","ocean_menu_typo_transform_tablet":"","ocean_menu_typo_transform_mobile":"","ocean_menu_typo_line_height":0,"ocean_menu_typo_line_height_tablet":0,"ocean_menu_typo_line_height_mobile":0,"ocean_menu_typo_line_height_unit":"","ocean_menu_typo_spacing":0,"ocean_menu_typo_spacing_tablet":0,"ocean_menu_typo_spacing_mobile":0,"ocean_menu_typo_spacing_unit":"","ocean_menu_link_color":"","ocean_menu_link_color_hover":"","ocean_menu_link_color_active":"","ocean_menu_link_background":"","ocean_menu_link_hover_background":"","ocean_menu_link_active_background":"","ocean_menu_social_links_bg":"","ocean_menu_social_hover_links_bg":"","ocean_menu_social_links_color":"","ocean_menu_social_hover_links_color":"","ocean_disable_title":"on","ocean_disable_heading":"default","ocean_post_title":"","ocean_post_subheading":"","ocean_post_title_style":"","ocean_post_title_background_color":"","ocean_post_title_background":0,"ocean_post_title_bg_image_position":"","ocean_post_title_bg_image_attachment":"","ocean_post_title_bg_image_repeat":"","ocean_post_title_bg_image_size":"","ocean_post_title_height":0,"ocean_post_title_bg_overlay":0.5,"ocean_post_title_bg_overlay_color":"","ocean_disable_breadcrumbs":"off","ocean_breadcrumbs_color":"","ocean_breadcrumbs_separator_color":"","ocean_breadcrumbs_links_color":"","ocean_breadcrumbs_links_hover_color":"","ocean_display_footer_widgets":"default","ocean_display_footer_bottom":"default","ocean_custom_footer_template":"0","osh_disable_topbar_sticky":"default","osh_disable_header_sticky":"default","osh_sticky_header_style":"default","osh_sticky_header_effect":"","osh_custom_sticky_logo":0,"osh_custom_retina_sticky_logo":0,"osh_custom_sticky_logo_height":0,"osh_background_color":"","osh_links_color":"","osh_links_hover_color":"","osh_links_active_color":"","osh_links_bg_color":"","osh_links_hover_bg_color":"","osh_links_active_bg_color":"","osh_menu_social_links_color":"","osh_menu_social_hover_links_color":"","ocean_post_oembed":"","ocean_post_self_hosted_media":"","ocean_post_video_embed":"","ocean_link_format":"","ocean_link_format_target":"self","ocean_quote_format":"","ocean_quote_format_link":"post","ocean_gallery_link_images":"off","ocean_gallery_id":[],"footnotes":""},"categories":[7],"tags":[45,58],"class_list":["post-1699","post","type-post","status-publish","format-standard","has-post-thumbnail","hentry","category-autos","tag-bmw","tag-e-auto","entry","has-media"],"_links":{"self":[{"href":"https:\/\/www.sichere-steiermark.at\/index.php?rest_route=\/wp\/v2\/posts\/1699","targetHints":{"allow":["GET"]}}],"collection":[{"href":"https:\/\/www.sichere-steiermark.at\/index.php?rest_route=\/wp\/v2\/posts"}],"about":[{"href":"https:\/\/www.sichere-steiermark.at\/index.php?rest_route=\/wp\/v2\/types\/post"}],"author":[{"embeddable":true,"href":"https:\/\/www.sichere-steiermark.at\/index.php?rest_route=\/wp\/v2\/users\/1"}],"replies":[{"embeddable":true,"href":"https:\/\/www.sichere-steiermark.at\/index.php?rest_route=%2Fwp%2Fv2%2Fcomments&post=1699"}],"version-history":[{"count":4,"href":"https:\/\/www.sichere-steiermark.at\/index.php?rest_route=\/wp\/v2\/posts\/1699\/revisions"}],"predecessor-version":[{"id":1706,"href":"https:\/\/www.sichere-steiermark.at\/index.php?rest_route=\/wp\/v2\/posts\/1699\/revisions\/1706"}],"wp:featuredmedia":[{"embeddable":true,"href":"https:\/\/www.sichere-steiermark.at\/index.php?rest_route=\/wp\/v2\/media\/1700"}],"wp:attachment":[{"href":"https:\/\/www.sichere-steiermark.at\/index.php?rest_route=%2Fwp%2Fv2%2Fmedia&parent=1699"}],"wp:term":[{"taxonomy":"category","embeddable":true,"href":"https:\/\/www.sichere-steiermark.at\/index.php?rest_route=%2Fwp%2Fv2%2Fcategories&post=1699"},{"taxonomy":"post_tag","embeddable":true,"href":"https:\/\/www.sichere-steiermark.at\/index.php?rest_route=%2Fwp%2Fv2%2Ftags&post=1699"}],"curies":[{"name":"wp","href":"https:\/\/api.w.org\/{rel}","templated":true}]}}