{"id":1739,"date":"2021-10-07T10:54:48","date_gmt":"2021-10-07T08:54:48","guid":{"rendered":"https:\/\/www.sichere-steiermark.at\/?p=1739"},"modified":"2021-10-07T11:09:18","modified_gmt":"2021-10-07T09:09:18","slug":"der-franz-der-kanns","status":"publish","type":"post","link":"https:\/\/www.sichere-steiermark.at\/?p=1739","title":{"rendered":"Der Franz &#8211; Der Kann\u00b4s!"},"content":{"rendered":"\t\t<div data-elementor-type=\"wp-post\" data-elementor-id=\"1739\" class=\"elementor elementor-1739\" data-elementor-post-type=\"post\">\n\t\t\t\t\t\t<section class=\"elementor-section elementor-top-section elementor-element elementor-element-122247b0 elementor-section-boxed elementor-section-height-default elementor-section-height-default\" data-id=\"122247b0\" data-element_type=\"section\">\n\t\t\t\t\t\t<div class=\"elementor-container elementor-column-gap-default\">\n\t\t\t\t\t<div class=\"elementor-column elementor-col-100 elementor-top-column elementor-element elementor-element-1e8bc3f8\" data-id=\"1e8bc3f8\" data-element_type=\"column\">\n\t\t\t<div class=\"elementor-widget-wrap elementor-element-populated\">\n\t\t\t\t\t\t<div class=\"elementor-element elementor-element-31208e02 elementor-widget elementor-widget-theme-post-featured-image elementor-widget-image\" data-id=\"31208e02\" data-element_type=\"widget\" data-widget_type=\"theme-post-featured-image.default\">\n\t\t\t\t<div class=\"elementor-widget-container\">\n\t\t\t\t\t\t\t\t\t\t\t\t<figure class=\"wp-caption\">\n\t\t\t\t\t\t\t\t\t\t<img fetchpriority=\"high\" decoding=\"async\" width=\"1024\" height=\"683\" src=\"https:\/\/www.sichere-steiermark.at\/wp-content\/uploads\/2021\/10\/franz_strom_emobilitaet-1024x683.jpg\" class=\"attachment-large size-large wp-image-1740\" alt=\"\" srcset=\"https:\/\/www.sichere-steiermark.at\/wp-content\/uploads\/2021\/10\/franz_strom_emobilitaet-1024x683.jpg 1024w, https:\/\/www.sichere-steiermark.at\/wp-content\/uploads\/2021\/10\/franz_strom_emobilitaet-300x200.jpg 300w, https:\/\/www.sichere-steiermark.at\/wp-content\/uploads\/2021\/10\/franz_strom_emobilitaet-768x512.jpg 768w, https:\/\/www.sichere-steiermark.at\/wp-content\/uploads\/2021\/10\/franz_strom_emobilitaet.jpg 1200w\" sizes=\"(max-width: 1024px) 100vw, 1024px\" \/>\t\t\t\t\t\t\t\t\t\t\t<figcaption class=\"widget-image-caption wp-caption-text\">Die Ladekarte gibt\u2019s unter https:\/\/www.ewg.at\/themen\/e-mobility\/franz-e-ladekarte\/. Mit der Ladekarte vom E-Werk Franz kann auch bei allen Ladestellen von e-Lugitsch, der Bad Gleichenberger Energie und Steiner Bau geladen werden. |  Foto: \u00a9 Lugitsch <\/figcaption>\n\t\t\t\t\t\t\t\t\t\t<\/figure>\n\t\t\t\t\t\t\t\t\t<\/div>\n\t\t\t\t<\/div>\n\t\t\t\t\t<\/div>\n\t\t<\/div>\n\t\t\t\t\t<\/div>\n\t\t<\/section>\n\t\t\t\t<section class=\"elementor-section elementor-top-section elementor-element elementor-element-4fec01d2 elementor-section-boxed elementor-section-height-default elementor-section-height-default\" data-id=\"4fec01d2\" data-element_type=\"section\">\n\t\t\t\t\t\t<div class=\"elementor-container elementor-column-gap-default\">\n\t\t\t\t\t<div class=\"elementor-column elementor-col-100 elementor-top-column elementor-element elementor-element-2fc33608\" data-id=\"2fc33608\" data-element_type=\"column\">\n\t\t\t<div class=\"elementor-widget-wrap elementor-element-populated\">\n\t\t\t\t\t\t<div class=\"elementor-element elementor-element-4d1c49d3 elementor-widget elementor-widget-theme-post-title elementor-page-title elementor-widget-heading\" data-id=\"4d1c49d3\" data-element_type=\"widget\" data-widget_type=\"theme-post-title.default\">\n\t\t\t\t<div class=\"elementor-widget-container\">\n\t\t\t\t\t<h1 class=\"elementor-heading-title elementor-size-xl\">Der Franz &#8211; Der Kann\u00b4s!<\/h1>\t\t\t\t<\/div>\n\t\t\t\t<\/div>\n\t\t\t\t\t<\/div>\n\t\t<\/div>\n\t\t\t\t\t<\/div>\n\t\t<\/section>\n\t\t\t\t<section class=\"elementor-section elementor-top-section elementor-element elementor-element-65cdcafa elementor-section-boxed elementor-section-height-default elementor-section-height-default\" data-id=\"65cdcafa\" data-element_type=\"section\">\n\t\t\t\t\t\t<div class=\"elementor-container elementor-column-gap-default\">\n\t\t\t\t\t<div class=\"elementor-column elementor-col-100 elementor-top-column elementor-element elementor-element-3b0e5c8d\" data-id=\"3b0e5c8d\" data-element_type=\"column\">\n\t\t\t<div class=\"elementor-widget-wrap elementor-element-populated\">\n\t\t\t\t\t\t<div class=\"elementor-element elementor-element-391d3523 elementor-widget elementor-widget-text-editor\" data-id=\"391d3523\" data-element_type=\"widget\" data-widget_type=\"text-editor.default\">\n\t\t\t\t<div class=\"elementor-widget-container\">\n\t\t\t\t\t\t\t\t\t<h3>Das E-Werk Franz gibt Vollgas f\u00fcr die Elektromobilit\u00e4t und startete heuer mit dem Betrieb von Schnellladestationen im Grazer Norden voll durch. Das traditionelle Familien-unternehmen strebt seit der Gr\u00fcndung 1903 nach Innovation und Nachhaltigkeit.<\/h3><p>Das e-Ladenetz von e-Lugitsch, der Bad Gleichenberger Energie und Steiner Bau hat sich um einen neuen Partner in Sachen E-Mobility erweitert, n\u00e4mlich um das E-Werk Franz in Graz-G\u00f6sting. Bereits die ersten drei Franz-Ladestationen in Graz-G\u00f6sting und in der Grazer Umland-Gemeinde Stattegg gingen ans Netz. Die rund um die Uhr verf\u00fcgbaren Schnelllader erm\u00f6glichen einen Ladevorgang mit bis zu 150 kW. <br \/>Der Fokus liegt klar auf Schnellladestationen. E-Mobilit\u00e4tsexpertin beim E-Werk G\u00f6sting, Marina Opferkuch, erkl\u00e4rt: \u201eWir m\u00f6chten den E-Auto-Fahrer*innen eine faire und schnelle Ladem\u00f6glichkeit bieten. Im \u00f6ffentlichen Raum braucht es mehr Schnellladestationen, damit das Laden unterwegs attraktiv bleibt und zu keinem nervigen Zeit- und Geldfresser wird.\u201c<br \/>Abgerechnet wird nach geladenen Kilowattstunden zum Top-Tarif: AC-Ladungen bis 22\u2009kW um 25\u2009ct\/kWh und DC-Ladungen \u00fcber 120\u2009kW mit 0,39\u2009ct\/kWh. Die Abrechnung gibt\u00b4s monatlich \u00fcbersichtlich per Mail zugesendet \u2013 ohne fixe Grundgeb\u00fchren oder Kartenentgelte.<br \/>Das Ladenetzwerk w\u00e4chst kontinuierlich und so werden den Kund*innen durch die Kooperation unz\u00e4hlige Ladepunkte fl\u00e4chendeckend in ganz \u00d6sterreich zug\u00e4nglich gemacht. Dadurch kann mit der E-Ladekarte vom E-Werk Franz auch bei den Lades\u00e4ulen vom \u00d6AMTC, Vulkanlandstrom (e-Lugitsch), da-emobil, der Energie Steiermark, Steiner Bau und der Bad Gleichenberger Energie \u201egetankt\u201c werden.<\/p><h4>Ein Leben voll guter Energie<\/h4><p>Das E-Werk Franz versorgt als Netzbetreiber nicht nur den Grazer Norden und Umlandgemeinden von Graz mit Strom- Glasfaserinfrastruktur, sondern betreibt auch zwei Wasserkraftwerke, ist \u00f6sterreichweiter Stromversorger aus erneuerbaren Energietr\u00e4gern und Komplettanbieter f\u00fcr Energiedienstleistungen.<\/p><p>Auch der anhaltende PV-Boom geht nicht spurlos am Grazer Energieversorgungsunternehmen vorbei: \u201eDie Anfragen nach Photovoltaikanlagen und Speichersystemen sind enorm gestiegen. \u2009Als fairer Partner unterst\u00fctzen unsere Expert*innen unsere Kund*innen seit Jahren von der ersten Beratung, \u00fcber die fachm\u00e4nnische Umsetzung bis hin zur F\u00f6rderabrechnung und dem nachfolgenden Monitoring\u201c, betont E-Werk-Franz-Gesch\u00e4ftsf\u00fchrerin Ingrid Seidl.<\/p><p>Die Ladestellen im Partnernetzwerk werden zudem ausschlie\u00dflich mit erneuerbarer Energie versorgt. So sind es zwei Wasserkraftwerke des E-Werks Franz, sowie Strom aus Wasserkraft und Photovoltaik aus dem Vulkanland bei e-Lugitsch, welche Energie f\u00fcr die Ladestellen liefern. Nat\u00fcrlich sind diese Energieversorger auch die richtigen Ansprechpartner, wenn es ums Laden zuhause geht. Fast schon selbstverst\u00e4ndlich ist f\u00fcr viele Kunden die Installation einer Wallbox. Seidl: \u201eDer Trend ist eindeutig und alles geht in diese Richtung. Wer noch kein E-Auto hat, bereitet alles f\u00fcr die Anschaffung in den n\u00e4chsten 1 bis 3 Jahren vor.\u201c<\/p>\t\t\t\t\t\t\t\t<\/div>\n\t\t\t\t<\/div>\n\t\t\t\t\t<\/div>\n\t\t<\/div>\n\t\t\t\t\t<\/div>\n\t\t<\/section>\n\t\t\t\t<section class=\"elementor-section elementor-top-section elementor-element elementor-element-7931294a elementor-section-boxed elementor-section-height-default elementor-section-height-default\" data-id=\"7931294a\" data-element_type=\"section\">\n\t\t\t\t\t\t<div class=\"elementor-container elementor-column-gap-default\">\n\t\t\t\t\t<div class=\"elementor-column elementor-col-100 elementor-top-column elementor-element elementor-element-645356a4\" data-id=\"645356a4\" data-element_type=\"column\">\n\t\t\t<div class=\"elementor-widget-wrap elementor-element-populated\">\n\t\t\t\t\t\t<div class=\"elementor-element elementor-element-68ee04e1 elementor-widget-divider--view-line elementor-widget elementor-widget-divider\" data-id=\"68ee04e1\" data-element_type=\"widget\" data-widget_type=\"divider.default\">\n\t\t\t\t<div class=\"elementor-widget-container\">\n\t\t\t\t\t\t\t<div class=\"elementor-divider\">\n\t\t\t<span class=\"elementor-divider-separator\">\n\t\t\t\t\t\t<\/span>\n\t\t<\/div>\n\t\t\t\t\t\t<\/div>\n\t\t\t\t<\/div>\n\t\t\t\t\t<\/div>\n\t\t<\/div>\n\t\t\t\t\t<\/div>\n\t\t<\/section>\n\t\t\t\t<section class=\"elementor-section elementor-top-section elementor-element elementor-element-e5c6285 elementor-section-boxed elementor-section-height-default elementor-section-height-default\" data-id=\"e5c6285\" data-element_type=\"section\">\n\t\t\t\t\t\t<div class=\"elementor-container elementor-column-gap-default\">\n\t\t\t\t\t<div class=\"elementor-column elementor-col-33 elementor-top-column elementor-element elementor-element-b3ca3d9\" data-id=\"b3ca3d9\" data-element_type=\"column\">\n\t\t\t<div class=\"elementor-widget-wrap elementor-element-populated\">\n\t\t\t\t\t\t<div class=\"elementor-element elementor-element-336cf2c elementor-align-center elementor-widget elementor-widget-button\" data-id=\"336cf2c\" data-element_type=\"widget\" data-widget_type=\"button.default\">\n\t\t\t\t<div class=\"elementor-widget-container\">\n\t\t\t\t\t\t\t\t\t<div class=\"elementor-button-wrapper\">\n\t\t\t\t\t<a class=\"elementor-button elementor-button-link elementor-size-xs\" href=\"http:\/\/www.vulkanlandstrom.at\" target=\"_blank\">\n\t\t\t\t\t\t<span class=\"elementor-button-content-wrapper\">\n\t\t\t\t\t\t\t\t\t<span class=\"elementor-button-text\">Vulkanlandstrom<\/span>\n\t\t\t\t\t<\/span>\n\t\t\t\t\t<\/a>\n\t\t\t\t<\/div>\n\t\t\t\t\t\t\t\t<\/div>\n\t\t\t\t<\/div>\n\t\t\t\t\t<\/div>\n\t\t<\/div>\n\t\t\t\t<div class=\"elementor-column elementor-col-33 elementor-top-column elementor-element elementor-element-7391bde\" data-id=\"7391bde\" data-element_type=\"column\">\n\t\t\t<div class=\"elementor-widget-wrap elementor-element-populated\">\n\t\t\t\t\t\t<div class=\"elementor-element elementor-element-8093358 elementor-align-center elementor-widget elementor-widget-button\" data-id=\"8093358\" data-element_type=\"widget\" data-widget_type=\"button.default\">\n\t\t\t\t<div class=\"elementor-widget-container\">\n\t\t\t\t\t\t\t\t\t<div class=\"elementor-button-wrapper\">\n\t\t\t\t\t<a class=\"elementor-button elementor-button-link elementor-size-xs\" href=\"https:\/\/www.e-lugitsch.at\/\" target=\"_blank\">\n\t\t\t\t\t\t<span class=\"elementor-button-content-wrapper\">\n\t\t\t\t\t\t\t\t\t<span class=\"elementor-button-text\">E-Lugitsch<\/span>\n\t\t\t\t\t<\/span>\n\t\t\t\t\t<\/a>\n\t\t\t\t<\/div>\n\t\t\t\t\t\t\t\t<\/div>\n\t\t\t\t<\/div>\n\t\t\t\t\t<\/div>\n\t\t<\/div>\n\t\t\t\t<div class=\"elementor-column elementor-col-33 elementor-top-column elementor-element elementor-element-a3f70ea\" data-id=\"a3f70ea\" data-element_type=\"column\">\n\t\t\t<div class=\"elementor-widget-wrap elementor-element-populated\">\n\t\t\t\t\t\t<div class=\"elementor-element elementor-element-3b7d003 elementor-align-center elementor-widget elementor-widget-button\" data-id=\"3b7d003\" data-element_type=\"widget\" data-widget_type=\"button.default\">\n\t\t\t\t<div class=\"elementor-widget-container\">\n\t\t\t\t\t\t\t\t\t<div class=\"elementor-button-wrapper\">\n\t\t\t\t\t<a class=\"elementor-button elementor-button-link elementor-size-xs\" href=\"http:\/\/www.ewg.at\" target=\"_blank\">\n\t\t\t\t\t\t<span class=\"elementor-button-content-wrapper\">\n\t\t\t\t\t\t\t\t\t<span class=\"elementor-button-text\">ewg<\/span>\n\t\t\t\t\t<\/span>\n\t\t\t\t\t<\/a>\n\t\t\t\t<\/div>\n\t\t\t\t\t\t\t\t<\/div>\n\t\t\t\t<\/div>\n\t\t\t\t\t<\/div>\n\t\t<\/div>\n\t\t\t\t\t<\/div>\n\t\t<\/section>\n\t\t\t\t<\/div>\n\t\t","protected":false},"excerpt":{"rendered":"<p>Das E-Werk Franz gibt Vollgas f\u00fcr die Elektromobilit\u00e4t und startete heuer mit dem Betrieb von Schnellladestationen im Grazer Norden voll durch. Das traditionelle Familien-unternehmen strebt seit der Gr\u00fcndung 1903 nach Innovation und Nachhaltigkeit. Das e-Ladenetz von e-Lugitsch, der Bad Gleichenberger Energie und Steiner Bau hat sich um einen neuen Partner in Sachen E-Mobility erweitert, n\u00e4mlich [&hellip;]<\/p>\n","protected":false},"author":1,"featured_media":1740,"comment_status":"open","ping_status":"open","sticky":false,"template":"","format":"standard","meta":{"ocean_post_layout":"","ocean_both_sidebars_style":"","ocean_both_sidebars_content_width":0,"ocean_both_sidebars_sidebars_width":0,"ocean_sidebar":"0","ocean_second_sidebar":"0","ocean_disable_margins":"enable","ocean_add_body_class":"","ocean_shortcode_before_top_bar":"","ocean_shortcode_after_top_bar":"","ocean_shortcode_before_header":"","ocean_shortcode_after_header":"","ocean_has_shortcode":"","ocean_shortcode_after_title":"","ocean_shortcode_before_footer_widgets":"","ocean_shortcode_after_footer_widgets":"","ocean_shortcode_before_footer_bottom":"","ocean_shortcode_after_footer_bottom":"","ocean_display_top_bar":"default","ocean_display_header":"default","ocean_header_style":"","ocean_center_header_left_menu":"0","ocean_custom_header_template":"0","ocean_custom_logo":0,"ocean_custom_retina_logo":0,"ocean_custom_logo_max_width":0,"ocean_custom_logo_tablet_max_width":0,"ocean_custom_logo_mobile_max_width":0,"ocean_custom_logo_max_height":0,"ocean_custom_logo_tablet_max_height":0,"ocean_custom_logo_mobile_max_height":0,"ocean_header_custom_menu":"0","ocean_menu_typo_font_family":"0","ocean_menu_typo_font_subset":"","ocean_menu_typo_font_size":0,"ocean_menu_typo_font_size_tablet":0,"ocean_menu_typo_font_size_mobile":0,"ocean_menu_typo_font_size_unit":"px","ocean_menu_typo_font_weight":"","ocean_menu_typo_font_weight_tablet":"","ocean_menu_typo_font_weight_mobile":"","ocean_menu_typo_transform":"","ocean_menu_typo_transform_tablet":"","ocean_menu_typo_transform_mobile":"","ocean_menu_typo_line_height":0,"ocean_menu_typo_line_height_tablet":0,"ocean_menu_typo_line_height_mobile":0,"ocean_menu_typo_line_height_unit":"","ocean_menu_typo_spacing":0,"ocean_menu_typo_spacing_tablet":0,"ocean_menu_typo_spacing_mobile":0,"ocean_menu_typo_spacing_unit":"","ocean_menu_link_color":"","ocean_menu_link_color_hover":"","ocean_menu_link_color_active":"","ocean_menu_link_background":"","ocean_menu_link_hover_background":"","ocean_menu_link_active_background":"","ocean_menu_social_links_bg":"","ocean_menu_social_hover_links_bg":"","ocean_menu_social_links_color":"","ocean_menu_social_hover_links_color":"","ocean_disable_title":"on","ocean_disable_heading":"default","ocean_post_title":"","ocean_post_subheading":"","ocean_post_title_style":"","ocean_post_title_background_color":"","ocean_post_title_background":0,"ocean_post_title_bg_image_position":"","ocean_post_title_bg_image_attachment":"","ocean_post_title_bg_image_repeat":"","ocean_post_title_bg_image_size":"","ocean_post_title_height":0,"ocean_post_title_bg_overlay":0.5,"ocean_post_title_bg_overlay_color":"","ocean_disable_breadcrumbs":"off","ocean_breadcrumbs_color":"","ocean_breadcrumbs_separator_color":"","ocean_breadcrumbs_links_color":"","ocean_breadcrumbs_links_hover_color":"","ocean_display_footer_widgets":"default","ocean_display_footer_bottom":"default","ocean_custom_footer_template":"0","osh_disable_topbar_sticky":"default","osh_disable_header_sticky":"default","osh_sticky_header_style":"default","osh_sticky_header_effect":"","osh_custom_sticky_logo":0,"osh_custom_retina_sticky_logo":0,"osh_custom_sticky_logo_height":0,"osh_background_color":"","osh_links_color":"","osh_links_hover_color":"","osh_links_active_color":"","osh_links_bg_color":"","osh_links_hover_bg_color":"","osh_links_active_bg_color":"","osh_menu_social_links_color":"","osh_menu_social_hover_links_color":"","ocean_post_oembed":"","ocean_post_self_hosted_media":"","ocean_post_video_embed":"","ocean_link_format":"","ocean_link_format_target":"self","ocean_quote_format":"","ocean_quote_format_link":"post","ocean_gallery_link_images":"off","ocean_gallery_id":[],"footnotes":""},"categories":[21],"tags":[59,170],"class_list":["post-1739","post","type-post","status-publish","format-standard","has-post-thumbnail","hentry","category-specials","tag-e-tankstelle","tag-elektro","entry","has-media"],"_links":{"self":[{"href":"https:\/\/www.sichere-steiermark.at\/index.php?rest_route=\/wp\/v2\/posts\/1739","targetHints":{"allow":["GET"]}}],"collection":[{"href":"https:\/\/www.sichere-steiermark.at\/index.php?rest_route=\/wp\/v2\/posts"}],"about":[{"href":"https:\/\/www.sichere-steiermark.at\/index.php?rest_route=\/wp\/v2\/types\/post"}],"author":[{"embeddable":true,"href":"https:\/\/www.sichere-steiermark.at\/index.php?rest_route=\/wp\/v2\/users\/1"}],"replies":[{"embeddable":true,"href":"https:\/\/www.sichere-steiermark.at\/index.php?rest_route=%2Fwp%2Fv2%2Fcomments&post=1739"}],"version-history":[{"count":7,"href":"https:\/\/www.sichere-steiermark.at\/index.php?rest_route=\/wp\/v2\/posts\/1739\/revisions"}],"predecessor-version":[{"id":1750,"href":"https:\/\/www.sichere-steiermark.at\/index.php?rest_route=\/wp\/v2\/posts\/1739\/revisions\/1750"}],"wp:featuredmedia":[{"embeddable":true,"href":"https:\/\/www.sichere-steiermark.at\/index.php?rest_route=\/wp\/v2\/media\/1740"}],"wp:attachment":[{"href":"https:\/\/www.sichere-steiermark.at\/index.php?rest_route=%2Fwp%2Fv2%2Fmedia&parent=1739"}],"wp:term":[{"taxonomy":"category","embeddable":true,"href":"https:\/\/www.sichere-steiermark.at\/index.php?rest_route=%2Fwp%2Fv2%2Fcategories&post=1739"},{"taxonomy":"post_tag","embeddable":true,"href":"https:\/\/www.sichere-steiermark.at\/index.php?rest_route=%2Fwp%2Fv2%2Ftags&post=1739"}],"curies":[{"name":"wp","href":"https:\/\/api.w.org\/{rel}","templated":true}]}}