{"id":1752,"date":"2021-10-11T08:57:59","date_gmt":"2021-10-11T06:57:59","guid":{"rendered":"https:\/\/www.sichere-steiermark.at\/?p=1752"},"modified":"2021-10-11T09:01:43","modified_gmt":"2021-10-11T07:01:43","slug":"sorge-vor-moeglichem-e-auto-brand","status":"publish","type":"post","link":"https:\/\/www.sichere-steiermark.at\/?p=1752","title":{"rendered":"Sorge vor m\u00f6glichem E-Auto-Brand"},"content":{"rendered":"\t\t<div data-elementor-type=\"wp-post\" data-elementor-id=\"1752\" class=\"elementor elementor-1752\" data-elementor-post-type=\"post\">\n\t\t\t\t\t\t<section class=\"elementor-section elementor-top-section elementor-element elementor-element-759cf592 elementor-section-boxed elementor-section-height-default elementor-section-height-default\" data-id=\"759cf592\" data-element_type=\"section\">\n\t\t\t\t\t\t<div class=\"elementor-container elementor-column-gap-default\">\n\t\t\t\t\t<div class=\"elementor-column elementor-col-100 elementor-top-column elementor-element elementor-element-474e2f15\" data-id=\"474e2f15\" data-element_type=\"column\">\n\t\t\t<div class=\"elementor-widget-wrap elementor-element-populated\">\n\t\t\t\t\t\t<div class=\"elementor-element elementor-element-56ed247 elementor-widget elementor-widget-theme-post-featured-image elementor-widget-image\" data-id=\"56ed247\" data-element_type=\"widget\" data-widget_type=\"theme-post-featured-image.default\">\n\t\t\t\t<div class=\"elementor-widget-container\">\n\t\t\t\t\t\t\t\t\t\t\t\t<figure class=\"wp-caption\">\n\t\t\t\t\t\t\t\t\t\t<img fetchpriority=\"high\" decoding=\"async\" width=\"1024\" height=\"683\" src=\"https:\/\/www.sichere-steiermark.at\/wp-content\/uploads\/2021\/10\/e_auto_brand-1024x683.jpg\" class=\"attachment-large size-large wp-image-1753\" alt=\"\" srcset=\"https:\/\/www.sichere-steiermark.at\/wp-content\/uploads\/2021\/10\/e_auto_brand-1024x683.jpg 1024w, https:\/\/www.sichere-steiermark.at\/wp-content\/uploads\/2021\/10\/e_auto_brand-300x200.jpg 300w, https:\/\/www.sichere-steiermark.at\/wp-content\/uploads\/2021\/10\/e_auto_brand-768x512.jpg 768w, https:\/\/www.sichere-steiermark.at\/wp-content\/uploads\/2021\/10\/e_auto_brand.jpg 1200w\" sizes=\"(max-width: 1024px) 100vw, 1024px\" \/>\t\t\t\t\t\t\t\t\t\t\t<figcaption class=\"widget-image-caption wp-caption-text\">Text: KFV \u00a9; Foto: \u00a9 ICIM\/stock.adobe.com<\/figcaption>\n\t\t\t\t\t\t\t\t\t\t<\/figure>\n\t\t\t\t\t\t\t\t\t<\/div>\n\t\t\t\t<\/div>\n\t\t\t\t\t<\/div>\n\t\t<\/div>\n\t\t\t\t\t<\/div>\n\t\t<\/section>\n\t\t\t\t<section class=\"elementor-section elementor-top-section elementor-element elementor-element-56668c46 elementor-section-boxed elementor-section-height-default elementor-section-height-default\" data-id=\"56668c46\" data-element_type=\"section\">\n\t\t\t\t\t\t<div class=\"elementor-container elementor-column-gap-default\">\n\t\t\t\t\t<div class=\"elementor-column elementor-col-100 elementor-top-column elementor-element elementor-element-7216b0cc\" data-id=\"7216b0cc\" data-element_type=\"column\">\n\t\t\t<div class=\"elementor-widget-wrap elementor-element-populated\">\n\t\t\t\t\t\t<div class=\"elementor-element elementor-element-fc98282 elementor-widget elementor-widget-theme-post-title elementor-page-title elementor-widget-heading\" data-id=\"fc98282\" data-element_type=\"widget\" data-widget_type=\"theme-post-title.default\">\n\t\t\t\t<div class=\"elementor-widget-container\">\n\t\t\t\t\t<h1 class=\"elementor-heading-title elementor-size-xl\">Sorge vor m\u00f6glichem E-Auto-Brand<\/h1>\t\t\t\t<\/div>\n\t\t\t\t<\/div>\n\t\t\t\t\t<\/div>\n\t\t<\/div>\n\t\t\t\t\t<\/div>\n\t\t<\/section>\n\t\t\t\t<section class=\"elementor-section elementor-top-section elementor-element elementor-element-3f817f3f elementor-section-boxed elementor-section-height-default elementor-section-height-default\" data-id=\"3f817f3f\" data-element_type=\"section\">\n\t\t\t\t\t\t<div class=\"elementor-container elementor-column-gap-default\">\n\t\t\t\t\t<div class=\"elementor-column elementor-col-100 elementor-top-column elementor-element elementor-element-7c1eeefd\" data-id=\"7c1eeefd\" data-element_type=\"column\">\n\t\t\t<div class=\"elementor-widget-wrap elementor-element-populated\">\n\t\t\t\t\t\t<div class=\"elementor-element elementor-element-1a2d576f elementor-widget elementor-widget-text-editor\" data-id=\"1a2d576f\" data-element_type=\"widget\" data-widget_type=\"text-editor.default\">\n\t\t\t\t<div class=\"elementor-widget-container\">\n\t\t\t\t\t\t\t\t\t<h3>Eine aktuelle KFV-Erhebung unter 1.000 \u00d6sterreichern zeigt: Die Angst vor einem Akkubrand in E-Autos ist gr\u00f6\u00dfer als dessen Wahrscheinlichkeit. Umfassendes Wissen im Umgang mit brennenden Elektrofahrzeugen und die St\u00e4rkung des Gefahrenbewusstseins k\u00f6nnen sicherstellen, dass im Ernstfall die einzelnen Schritte der optimalen Brandbek\u00e4mpfung befolgt und keine unn\u00f6tigen Risiken eingegangen werden.<\/h3><p>E-Mobilit\u00e4t wird immer beliebter: Die Nutzung von E-Autos stieg in \u00d6sterreich in den letzten Jahren rasant an, im Jahr 2020 waren rund 130.000 Elektro- bzw. Hybrid-Fahrzeuge auf \u00d6sterreichs Stra\u00dfen unterwegs \u2013 doppelt so viele wie im Jahr davor. \u201eMit der wachsenden Anzahl dieser alternativ angetriebenen Fahrzeuge h\u00e4ufen sich auch Berichte \u00fcber fahrzeugtechnisch bedingte Vorf\u00e4lle, vor allem das Thema Akkubrand steht im Fokus des allgemeinen Interesses\u201c, betont Dr. Armin Kaltenegger, Leiter des Bereichs Eigentumsschutz im KFV.<\/p><h4>E-Autos versus fossil betriebene Pkw: vergleichbare Feuergefahr<\/h4><p>Um herauszufinden wie das Gefahrenpotenzial im Hinblick auf das Brandrisiko von E-Autos von der \u00f6sterreichischen Bev\u00f6lkerung eingesch\u00e4tzt wird, hat das KFV im Juni 2021 eine repr\u00e4sentative Befragung von 1.000 \u00d6sterreichern durchgef\u00fchrt. Dabei zeigte sich, dass in der Bev\u00f6lkerung die Gefahr eines Akkubrandes in E-Autos h\u00f6her eingesch\u00e4tzt wird als dessen tats\u00e4chliche Wahrscheinlichkeit. Mehr als ein Drittel (35\u2009%) der vom KFV befragten Bev\u00f6lkerung macht sich gro\u00dfe Sorgen wegen m\u00f6glicher Sch\u00e4den durch E-Auto-Br\u00e4nde. Und auch wenn \u00fcber zwei Drittel der Befragten (68\u2009%) die hohen Anschaffungskosten und die geringe Reichweite als Argumente gegen den Kauf eines E-Autos anf\u00fchren, nennt immerhin ein F\u00fcnftel (22\u2009%) der Befragten Angst vor einem Autobrand als Beweggrund gegen die Kaufentscheidung. \u201eTats\u00e4chlich zerstreut ein Blick auf die E-Auto-Brandstatistik die Bedenken rund um die Brandgefahr von E-Autos: Die statistischen Daten reflektieren keine gr\u00f6\u00dfere Brandgefahr bei E-Autos als bei Pkws mit fossilem Antrieb\u201c, erl\u00e4utert Kaltenegger.<\/p><h4>Demoliert, \u00fcberladen, \u00fcberhitzt: Ausl\u00f6ser von Akkubr\u00e4nden<\/h4><p>Grunds\u00e4tzlich geht die gr\u00f6\u00dfte Brandgefahr bei allen Arten von Autos von ihren Energiespeichern aus \u2013 Tanks, Batterien und Akkus. Je gr\u00f6\u00dfer das Fahrzeug und je mehr Kunststoff verbaut wurde, desto gr\u00f6\u00dfer die Brandlast im seltenen Fall des Falles \u2013 dies gilt f\u00fcr alle Arten von Fahrzeugen. Autos werden tendenziell immer gr\u00f6\u00dfer gebaut, an und in ihnen finden sich zudem immer mehr Kunststoff und andere synthetische Materialien. Somit erh\u00f6hen sich die Brandlasten \u2013 unabh\u00e4ngig vom Antrieb. Die h\u00e4ufigsten Auto-Akku-Brandursachen sind mit der zunehmenden Gr\u00f6\u00dfe, Kompaktheit, Leistungsdichte und Hitzeanf\u00e4lligkeit moderner Batterien verbunden. Ausl\u00f6ser f\u00fcr Akkubr\u00e4nde sind z.\u2009\u2009B. mechanische Besch\u00e4digungen, etwa durch einen Unfall, die Kurzschl\u00fcsse im Inneren des Akkus bewirken. Auch elektrische \u00dcberladung kann zu einem Akkubrand f\u00fchren. Thermische Belastungen, also starke Temperaturerh\u00f6hung, etwa durch einen Brand im Nahbereich des Akkus, k\u00f6nnen ebenfalls Feuer entfachen. Besonders problematisch wirken sich Akkubr\u00e4nde vor allem dann aus, wenn diese in der N\u00e4he brennbarer Stoffe oder in (Tief-)Garagen stattfinden.<\/p><h4>E-Auto-Brand: komplexere L\u00f6schman\u00f6ver<\/h4><p>Eine brennende Hochvoltbatterie stellt f\u00fcr Einsatzkr\u00e4fte eine besondere Herausforderung dar. Einerseits verf\u00fcgt die Batterie \u00fcber ein sehr hohes elektrisches Potenzial, andererseits kann sie durch chemische Reaktionen giftige und brennbare Gase sowie giftige und korrosive Fl\u00fcssigkeiten abgeben. Zudem besteht neben akuter Explosionsgefahr auch die Gefahr der verz\u00f6gerten Wiederentz\u00fcndung. Ein brennender Akku kann extreme Temperaturen erreichen. Bei der Brandbek\u00e4mpfung muss Wasser in das Innere der Hochvoltbatterie eingebracht werden, um den Akku zu k\u00fchlen und den Brandherd zu ersticken. Erreicht das L\u00f6schwasser das Batterieinnere nicht, muss die Batterie von au\u00dfen gek\u00fchlt werden. Beim Brand eines E-Autos ist daher mit erh\u00f6htem L\u00f6schmittelbedarf und l\u00e4ngerer L\u00f6schzeit zu rechnen, was vor allem in (Tief-)Garagen zu schwierigen L\u00f6scheins\u00e4tzen f\u00fchren kann.<\/p>\t\t\t\t\t\t\t\t<\/div>\n\t\t\t\t<\/div>\n\t\t\t\t\t<\/div>\n\t\t<\/div>\n\t\t\t\t\t<\/div>\n\t\t<\/section>\n\t\t\t\t<section class=\"elementor-section elementor-top-section elementor-element elementor-element-52158965 elementor-section-boxed elementor-section-height-default elementor-section-height-default\" data-id=\"52158965\" data-element_type=\"section\">\n\t\t\t\t\t\t<div class=\"elementor-container elementor-column-gap-default\">\n\t\t\t\t\t<div class=\"elementor-column elementor-col-100 elementor-top-column elementor-element elementor-element-4e3381bb\" data-id=\"4e3381bb\" data-element_type=\"column\">\n\t\t\t<div class=\"elementor-widget-wrap elementor-element-populated\">\n\t\t\t\t\t\t<div class=\"elementor-element elementor-element-19f34155 elementor-widget-divider--view-line elementor-widget elementor-widget-divider\" data-id=\"19f34155\" data-element_type=\"widget\" data-widget_type=\"divider.default\">\n\t\t\t\t<div class=\"elementor-widget-container\">\n\t\t\t\t\t\t\t<div class=\"elementor-divider\">\n\t\t\t<span class=\"elementor-divider-separator\">\n\t\t\t\t\t\t<\/span>\n\t\t<\/div>\n\t\t\t\t\t\t<\/div>\n\t\t\t\t<\/div>\n\t\t\t\t\t<\/div>\n\t\t<\/div>\n\t\t\t\t\t<\/div>\n\t\t<\/section>\n\t\t\t\t<\/div>\n\t\t","protected":false},"excerpt":{"rendered":"<p>Eine aktuelle KFV-Erhebung unter 1.000 \u00d6sterreichern zeigt: Die Angst vor einem Akkubrand in E-Autos ist gr\u00f6\u00dfer als dessen Wahrscheinlichkeit. Umfassendes Wissen im Umgang mit brennenden Elektrofahrzeugen und die St\u00e4rkung des Gefahrenbewusstseins k\u00f6nnen sicherstellen, dass im Ernstfall die einzelnen Schritte der optimalen Brandbek\u00e4mpfung befolgt und keine unn\u00f6tigen Risiken eingegangen werden. E-Mobilit\u00e4t wird immer beliebter: Die Nutzung [&hellip;]<\/p>\n","protected":false},"author":1,"featured_media":1753,"comment_status":"open","ping_status":"open","sticky":false,"template":"","format":"standard","meta":{"ocean_post_layout":"","ocean_both_sidebars_style":"","ocean_both_sidebars_content_width":0,"ocean_both_sidebars_sidebars_width":0,"ocean_sidebar":"0","ocean_second_sidebar":"0","ocean_disable_margins":"enable","ocean_add_body_class":"","ocean_shortcode_before_top_bar":"","ocean_shortcode_after_top_bar":"","ocean_shortcode_before_header":"","ocean_shortcode_after_header":"","ocean_has_shortcode":"","ocean_shortcode_after_title":"","ocean_shortcode_before_footer_widgets":"","ocean_shortcode_after_footer_widgets":"","ocean_shortcode_before_footer_bottom":"","ocean_shortcode_after_footer_bottom":"","ocean_display_top_bar":"default","ocean_display_header":"default","ocean_header_style":"","ocean_center_header_left_menu":"0","ocean_custom_header_template":"0","ocean_custom_logo":0,"ocean_custom_retina_logo":0,"ocean_custom_logo_max_width":0,"ocean_custom_logo_tablet_max_width":0,"ocean_custom_logo_mobile_max_width":0,"ocean_custom_logo_max_height":0,"ocean_custom_logo_tablet_max_height":0,"ocean_custom_logo_mobile_max_height":0,"ocean_header_custom_menu":"0","ocean_menu_typo_font_family":"0","ocean_menu_typo_font_subset":"","ocean_menu_typo_font_size":0,"ocean_menu_typo_font_size_tablet":0,"ocean_menu_typo_font_size_mobile":0,"ocean_menu_typo_font_size_unit":"px","ocean_menu_typo_font_weight":"","ocean_menu_typo_font_weight_tablet":"","ocean_menu_typo_font_weight_mobile":"","ocean_menu_typo_transform":"","ocean_menu_typo_transform_tablet":"","ocean_menu_typo_transform_mobile":"","ocean_menu_typo_line_height":0,"ocean_menu_typo_line_height_tablet":0,"ocean_menu_typo_line_height_mobile":0,"ocean_menu_typo_line_height_unit":"","ocean_menu_typo_spacing":0,"ocean_menu_typo_spacing_tablet":0,"ocean_menu_typo_spacing_mobile":0,"ocean_menu_typo_spacing_unit":"","ocean_menu_link_color":"","ocean_menu_link_color_hover":"","ocean_menu_link_color_active":"","ocean_menu_link_background":"","ocean_menu_link_hover_background":"","ocean_menu_link_active_background":"","ocean_menu_social_links_bg":"","ocean_menu_social_hover_links_bg":"","ocean_menu_social_links_color":"","ocean_menu_social_hover_links_color":"","ocean_disable_title":"on","ocean_disable_heading":"default","ocean_post_title":"","ocean_post_subheading":"","ocean_post_title_style":"","ocean_post_title_background_color":"","ocean_post_title_background":0,"ocean_post_title_bg_image_position":"","ocean_post_title_bg_image_attachment":"","ocean_post_title_bg_image_repeat":"","ocean_post_title_bg_image_size":"","ocean_post_title_height":0,"ocean_post_title_bg_overlay":0.5,"ocean_post_title_bg_overlay_color":"","ocean_disable_breadcrumbs":"off","ocean_breadcrumbs_color":"","ocean_breadcrumbs_separator_color":"","ocean_breadcrumbs_links_color":"","ocean_breadcrumbs_links_hover_color":"","ocean_display_footer_widgets":"default","ocean_display_footer_bottom":"default","ocean_custom_footer_template":"0","osh_disable_topbar_sticky":"default","osh_disable_header_sticky":"default","osh_sticky_header_style":"default","osh_sticky_header_effect":"","osh_custom_sticky_logo":0,"osh_custom_retina_sticky_logo":0,"osh_custom_sticky_logo_height":0,"osh_background_color":"","osh_links_color":"","osh_links_hover_color":"","osh_links_active_color":"","osh_links_bg_color":"","osh_links_hover_bg_color":"","osh_links_active_bg_color":"","osh_menu_social_links_color":"","osh_menu_social_hover_links_color":"","ocean_post_oembed":"","ocean_post_self_hosted_media":"","ocean_post_video_embed":"","ocean_link_format":"","ocean_link_format_target":"self","ocean_quote_format":"","ocean_quote_format_link":"post","ocean_gallery_link_images":"off","ocean_gallery_id":[],"footnotes":""},"categories":[21],"tags":[58,27,136],"class_list":["post-1752","post","type-post","status-publish","format-standard","has-post-thumbnail","hentry","category-specials","tag-e-auto","tag-sicherheit","tag-specials","entry","has-media"],"_links":{"self":[{"href":"https:\/\/www.sichere-steiermark.at\/index.php?rest_route=\/wp\/v2\/posts\/1752","targetHints":{"allow":["GET"]}}],"collection":[{"href":"https:\/\/www.sichere-steiermark.at\/index.php?rest_route=\/wp\/v2\/posts"}],"about":[{"href":"https:\/\/www.sichere-steiermark.at\/index.php?rest_route=\/wp\/v2\/types\/post"}],"author":[{"embeddable":true,"href":"https:\/\/www.sichere-steiermark.at\/index.php?rest_route=\/wp\/v2\/users\/1"}],"replies":[{"embeddable":true,"href":"https:\/\/www.sichere-steiermark.at\/index.php?rest_route=%2Fwp%2Fv2%2Fcomments&post=1752"}],"version-history":[{"count":7,"href":"https:\/\/www.sichere-steiermark.at\/index.php?rest_route=\/wp\/v2\/posts\/1752\/revisions"}],"predecessor-version":[{"id":1761,"href":"https:\/\/www.sichere-steiermark.at\/index.php?rest_route=\/wp\/v2\/posts\/1752\/revisions\/1761"}],"wp:featuredmedia":[{"embeddable":true,"href":"https:\/\/www.sichere-steiermark.at\/index.php?rest_route=\/wp\/v2\/media\/1753"}],"wp:attachment":[{"href":"https:\/\/www.sichere-steiermark.at\/index.php?rest_route=%2Fwp%2Fv2%2Fmedia&parent=1752"}],"wp:term":[{"taxonomy":"category","embeddable":true,"href":"https:\/\/www.sichere-steiermark.at\/index.php?rest_route=%2Fwp%2Fv2%2Fcategories&post=1752"},{"taxonomy":"post_tag","embeddable":true,"href":"https:\/\/www.sichere-steiermark.at\/index.php?rest_route=%2Fwp%2Fv2%2Ftags&post=1752"}],"curies":[{"name":"wp","href":"https:\/\/api.w.org\/{rel}","templated":true}]}}