{"id":1802,"date":"2021-10-11T09:50:02","date_gmt":"2021-10-11T07:50:02","guid":{"rendered":"https:\/\/www.sichere-steiermark.at\/?p=1802"},"modified":"2021-10-11T10:01:13","modified_gmt":"2021-10-11T08:01:13","slug":"der-neue-ds-9-e-tense","status":"publish","type":"post","link":"https:\/\/www.sichere-steiermark.at\/?p=1802","title":{"rendered":"Der neue DS 9 E-TENSE"},"content":{"rendered":"\t\t<div data-elementor-type=\"wp-post\" data-elementor-id=\"1802\" class=\"elementor elementor-1802\" data-elementor-post-type=\"post\">\n\t\t\t\t\t\t<section class=\"elementor-section elementor-top-section elementor-element elementor-element-59013d4 elementor-section-boxed elementor-section-height-default elementor-section-height-default\" data-id=\"59013d4\" data-element_type=\"section\">\n\t\t\t\t\t\t<div class=\"elementor-container elementor-column-gap-default\">\n\t\t\t\t\t<div class=\"elementor-column elementor-col-100 elementor-top-column elementor-element elementor-element-18f266ba\" data-id=\"18f266ba\" data-element_type=\"column\">\n\t\t\t<div class=\"elementor-widget-wrap elementor-element-populated\">\n\t\t\t\t\t\t<div class=\"elementor-element elementor-element-2b1afc4c elementor-widget elementor-widget-theme-post-featured-image elementor-widget-image\" data-id=\"2b1afc4c\" data-element_type=\"widget\" data-widget_type=\"theme-post-featured-image.default\">\n\t\t\t\t<div class=\"elementor-widget-container\">\n\t\t\t\t\t\t\t\t\t\t\t\t<figure class=\"wp-caption\">\n\t\t\t\t\t\t\t\t\t\t<img fetchpriority=\"high\" decoding=\"async\" width=\"1024\" height=\"683\" src=\"https:\/\/www.sichere-steiermark.at\/wp-content\/uploads\/2021\/10\/ds_9_e_tense_hinten-1024x683.jpg\" class=\"attachment-large size-large wp-image-1800\" alt=\"\" srcset=\"https:\/\/www.sichere-steiermark.at\/wp-content\/uploads\/2021\/10\/ds_9_e_tense_hinten-1024x683.jpg 1024w, https:\/\/www.sichere-steiermark.at\/wp-content\/uploads\/2021\/10\/ds_9_e_tense_hinten-300x200.jpg 300w, https:\/\/www.sichere-steiermark.at\/wp-content\/uploads\/2021\/10\/ds_9_e_tense_hinten-768x512.jpg 768w, https:\/\/www.sichere-steiermark.at\/wp-content\/uploads\/2021\/10\/ds_9_e_tense_hinten.jpg 1200w\" sizes=\"(max-width: 1024px) 100vw, 1024px\" \/>\t\t\t\t\t\t\t\t\t\t\t<figcaption class=\"widget-image-caption wp-caption-text\">Fotos: \u00a9 Hersteller DS (2)<\/figcaption>\n\t\t\t\t\t\t\t\t\t\t<\/figure>\n\t\t\t\t\t\t\t\t\t<\/div>\n\t\t\t\t<\/div>\n\t\t\t\t\t<\/div>\n\t\t<\/div>\n\t\t\t\t\t<\/div>\n\t\t<\/section>\n\t\t\t\t<section class=\"elementor-section elementor-top-section elementor-element elementor-element-317192de elementor-section-boxed elementor-section-height-default elementor-section-height-default\" data-id=\"317192de\" data-element_type=\"section\">\n\t\t\t\t\t\t<div class=\"elementor-container elementor-column-gap-default\">\n\t\t\t\t\t<div class=\"elementor-column elementor-col-100 elementor-top-column elementor-element elementor-element-19cb3af7\" data-id=\"19cb3af7\" data-element_type=\"column\">\n\t\t\t<div class=\"elementor-widget-wrap elementor-element-populated\">\n\t\t\t\t\t\t<div class=\"elementor-element elementor-element-7c681840 elementor-widget elementor-widget-theme-post-title elementor-page-title elementor-widget-heading\" data-id=\"7c681840\" data-element_type=\"widget\" data-widget_type=\"theme-post-title.default\">\n\t\t\t\t<div class=\"elementor-widget-container\">\n\t\t\t\t\t<h1 class=\"elementor-heading-title elementor-size-xl\">Der neue DS 9 E-TENSE<\/h1>\t\t\t\t<\/div>\n\t\t\t\t<\/div>\n\t\t\t\t\t<\/div>\n\t\t<\/div>\n\t\t\t\t\t<\/div>\n\t\t<\/section>\n\t\t\t\t<section class=\"elementor-section elementor-top-section elementor-element elementor-element-28e9bb05 elementor-section-boxed elementor-section-height-default elementor-section-height-default\" data-id=\"28e9bb05\" data-element_type=\"section\">\n\t\t\t\t\t\t<div class=\"elementor-container elementor-column-gap-default\">\n\t\t\t\t\t<div class=\"elementor-column elementor-col-100 elementor-top-column elementor-element elementor-element-6ffd08e\" data-id=\"6ffd08e\" data-element_type=\"column\">\n\t\t\t<div class=\"elementor-widget-wrap elementor-element-populated\">\n\t\t\t\t\t\t<div class=\"elementor-element elementor-element-3d858f3c elementor-widget elementor-widget-text-editor\" data-id=\"3d858f3c\" data-element_type=\"widget\" data-widget_type=\"text-editor.default\">\n\t\t\t\t<div class=\"elementor-widget-container\">\n\t\t\t\t\t\t\t\t\t<p>Wer das Besondere, das Elegante, das Au\u00dfergew\u00f6hnliche liebt, f\u00fcr den ist der DS 9 wie geschaffen. <br \/>Doch er ist nicht nur optisch ein Highlight, sondern beeindruckt auch mit technischen Feinheiten und hervorragenden Fahreigenschaften.<br \/>Der neue DS 9 E-TENSE tritt mit einer L\u00e4nge von 4,93 und einer Breite von 2,08 Metern auf. Mit der Kombination aus schlanker Linienf\u00fchrung und innovativ gestaltetem Flie\u00dfheck im Stile eines Fastback geht der DS 9 neue Wege.<\/p><p>Das Innenambiente ist gekennzeichnet von edlen Materialien. Die Liebe zum Detail wird beispielsweise durch das mit Nappa-Leder bezogene Armaturenbrett oder die Sitze mit Bracelet-Finish unterstrichen. Dekorelemente in Kristallglas, der Dachhimmel und die Sonnenblenden aus Alcantara und die Haltegriffe aus Leder setzen das hochwertige Interieur perfekt in Szene.<br \/>Der DS 9 steht f\u00fcr hohen Sitzkomfort auf Vorder- und R\u00fccksitzen. Die klimatisierten Sitze mit Massage-Funktion setzen in puncto Komfort Ma\u00dfst\u00e4be.<br \/>Zwei Ausstattungsniveaus, die beide \u00fcber eine umfangreiche Serienausstattung verf\u00fcgen, stehen zur Auswahl. Sowohl die Version RIVOLI+ als auch die Version PERFORMANCE LINE+ beinhalten unter anderem eine Zweizonen-Klimaautomatik, ein digitales Kombiinstrument mit 12-Zoll-Touchscreen, beheizbare Fahrer- und Beifahrersitze sowie zahlreiche Fahrassistenzsysteme der neuesten Generation, die Sicherheit gro\u00df schreiben. Der Innenraum der Version PERFORMANCE LINE+ ist mit dem Ambiente Alcantara\u00ae Schwarz ausgestattet, die RIVOLI+ Version serienm\u00e4\u00dfig mit dem Ambiente Basalt-Schwarz.<\/p><p>Der 165 kW\/225 PS Plug-in-Hybrid kombiniert einen Benzin-Turbomotor mit einem Elektroantrieb und einer Batterie mit einer Kapazit\u00e4t von 11,9 kWh, die eine rein elektrische Reichweite zwischen 55\u201356 Kilometern (WLTP-Zyklus) erm\u00f6glicht. Die H\u00f6chstgeschwindigkeit betr\u00e4gt im Elektromodus 135 km\/h.<br \/>Der Elektroantrieb mit 81 kW\/110 PS und 320 Nm ist an ein Achtgang-Automatikgetriebe gekoppelt. Er unterst\u00fctzt den Benzinmotor w\u00e4hrend der \u00dcberholman\u00f6ver und beim Anfahren aus dem Stand. Der Elektromodus wird beim Start immer automatisch gew\u00e4hlt, um die Effizienz zu maximieren. Er wird durch einen Hybrid-Modus erg\u00e4nzt, der die verschiedenen Antriebsarten automatisch ausw\u00e4hlt, indem er je nach Anforderung den Elektromotor, den Benzinmotor oder die Kombination aus beiden nutzt. F\u00fcr die Passagiere ist der Wechsel zwischen den Modi nicht wahrnehmbar. Im Sport-Modus E-TENSE steht die kumulierte Leistung zur Verf\u00fcgung. Das Gaspedal, das Getriebe, die Lenkung und die Federung werden sportlich ausgelegt. Das Ergebnis ist ein intensives Fahrgef\u00fchl und eine herausragende Fahrdynamik bei v\u00f6lliger Laufruhe.<br \/>Das serienm\u00e4\u00dfige 7,4 kW-Bordladeger\u00e4t erm\u00f6glicht das vollst\u00e4ndige Nachladen an der Wall Box zu Hause oder an einer \u00f6ffentlichen Ladestation innerhalb von einer Stunde und 45 Minuten.<\/p>\t\t\t\t\t\t\t\t<\/div>\n\t\t\t\t<\/div>\n\t\t\t\t\t<\/div>\n\t\t<\/div>\n\t\t\t\t\t<\/div>\n\t\t<\/section>\n\t\t\t\t<section class=\"elementor-section elementor-top-section elementor-element elementor-element-aa88597 elementor-section-boxed elementor-section-height-default elementor-section-height-default\" data-id=\"aa88597\" data-element_type=\"section\">\n\t\t\t\t\t\t<div class=\"elementor-container elementor-column-gap-default\">\n\t\t\t\t\t<div class=\"elementor-column elementor-col-50 elementor-top-column elementor-element elementor-element-5ff0f77\" data-id=\"5ff0f77\" data-element_type=\"column\">\n\t\t\t<div class=\"elementor-widget-wrap elementor-element-populated\">\n\t\t\t\t\t\t<div class=\"elementor-element elementor-element-cf5ef38 elementor-widget elementor-widget-text-editor\" data-id=\"cf5ef38\" data-element_type=\"widget\" data-widget_type=\"text-editor.default\">\n\t\t\t\t<div class=\"elementor-widget-container\">\n\t\t\t\t\t\t\t\t\t<ul><li><strong>Innovative Technologien vereint mit franz\u00f6sischer Handwerkskunst<\/strong><\/li><li><strong>Einstieg mit dem 225 PS Plug-in-Hybrid E-TENSE<\/strong><br \/><strong>Die Version 360 PS 4&#215;4 Plug-in-Hybrid-Version kommt Anfang 2022<\/strong><\/li><li><strong>5 Au\u00dfenfarben: Nacr\u00e9-Wei\u00df, Mitternachts-Blau, Artense-Grau, Kristall-Silber und Perla-Nera-Schwarz<\/strong><\/li><li><strong>Ausstattungsvarianten: PERFORMANCE LINE+ und RIVOLI+<\/strong><\/li><\/ul>\t\t\t\t\t\t\t\t<\/div>\n\t\t\t\t<\/div>\n\t\t\t\t\t<\/div>\n\t\t<\/div>\n\t\t\t\t<div class=\"elementor-column elementor-col-50 elementor-top-column elementor-element elementor-element-56ac374\" data-id=\"56ac374\" data-element_type=\"column\">\n\t\t\t<div class=\"elementor-widget-wrap elementor-element-populated\">\n\t\t\t\t\t\t<div class=\"elementor-element elementor-element-f313c2d elementor-widget elementor-widget-image\" data-id=\"f313c2d\" data-element_type=\"widget\" data-widget_type=\"image.default\">\n\t\t\t\t<div class=\"elementor-widget-container\">\n\t\t\t\t\t\t\t\t\t\t\t\t\t\t\t<img decoding=\"async\" width=\"1024\" height=\"683\" src=\"https:\/\/www.sichere-steiermark.at\/wp-content\/uploads\/2021\/10\/ds_9_e_tense_innen-1024x683.jpg\" class=\"attachment-large size-large wp-image-1801\" alt=\"\" srcset=\"https:\/\/www.sichere-steiermark.at\/wp-content\/uploads\/2021\/10\/ds_9_e_tense_innen-1024x683.jpg 1024w, https:\/\/www.sichere-steiermark.at\/wp-content\/uploads\/2021\/10\/ds_9_e_tense_innen-300x200.jpg 300w, https:\/\/www.sichere-steiermark.at\/wp-content\/uploads\/2021\/10\/ds_9_e_tense_innen-768x512.jpg 768w, https:\/\/www.sichere-steiermark.at\/wp-content\/uploads\/2021\/10\/ds_9_e_tense_innen.jpg 1200w\" sizes=\"(max-width: 1024px) 100vw, 1024px\" \/>\t\t\t\t\t\t\t\t\t\t\t\t\t\t\t<\/div>\n\t\t\t\t<\/div>\n\t\t\t\t\t<\/div>\n\t\t<\/div>\n\t\t\t\t\t<\/div>\n\t\t<\/section>\n\t\t\t\t<section class=\"elementor-section elementor-top-section elementor-element elementor-element-63408a6 elementor-section-boxed elementor-section-height-default elementor-section-height-default\" data-id=\"63408a6\" data-element_type=\"section\">\n\t\t\t\t\t\t<div class=\"elementor-container elementor-column-gap-default\">\n\t\t\t\t\t<div class=\"elementor-column elementor-col-100 elementor-top-column elementor-element elementor-element-1689a41\" data-id=\"1689a41\" data-element_type=\"column\">\n\t\t\t<div class=\"elementor-widget-wrap elementor-element-populated\">\n\t\t\t\t\t\t<div class=\"elementor-element elementor-element-ff521f1 elementor-widget elementor-widget-text-editor\" data-id=\"ff521f1\" data-element_type=\"widget\" data-widget_type=\"text-editor.default\">\n\t\t\t\t<div class=\"elementor-widget-container\">\n\t\t\t\t\t\t\t\t\t<p style=\"text-align: center;\"><strong>Autohaus Fior GmbH | <\/strong><strong>K\u00e4rntner Stra\u00dfe 69\u201371, 8020 Graz | <\/strong><strong>office@fior.at, www.fior.at<\/strong><\/p>\t\t\t\t\t\t\t\t<\/div>\n\t\t\t\t<\/div>\n\t\t\t\t\t<\/div>\n\t\t<\/div>\n\t\t\t\t\t<\/div>\n\t\t<\/section>\n\t\t\t\t<section class=\"elementor-section elementor-top-section elementor-element elementor-element-1029fb44 elementor-section-boxed elementor-section-height-default elementor-section-height-default\" data-id=\"1029fb44\" data-element_type=\"section\">\n\t\t\t\t\t\t<div class=\"elementor-container elementor-column-gap-default\">\n\t\t\t\t\t<div class=\"elementor-column elementor-col-100 elementor-top-column elementor-element elementor-element-5c0cff68\" data-id=\"5c0cff68\" data-element_type=\"column\">\n\t\t\t<div class=\"elementor-widget-wrap elementor-element-populated\">\n\t\t\t\t\t\t<div class=\"elementor-element elementor-element-7d3e10b8 elementor-widget-divider--view-line elementor-widget elementor-widget-divider\" data-id=\"7d3e10b8\" data-element_type=\"widget\" data-widget_type=\"divider.default\">\n\t\t\t\t<div class=\"elementor-widget-container\">\n\t\t\t\t\t\t\t<div class=\"elementor-divider\">\n\t\t\t<span class=\"elementor-divider-separator\">\n\t\t\t\t\t\t<\/span>\n\t\t<\/div>\n\t\t\t\t\t\t<\/div>\n\t\t\t\t<\/div>\n\t\t\t\t\t<\/div>\n\t\t<\/div>\n\t\t\t\t\t<\/div>\n\t\t<\/section>\n\t\t\t\t<section class=\"elementor-section elementor-top-section elementor-element elementor-element-515ead2e elementor-section-boxed elementor-section-height-default elementor-section-height-default\" data-id=\"515ead2e\" data-element_type=\"section\">\n\t\t\t\t\t\t<div class=\"elementor-container elementor-column-gap-default\">\n\t\t\t\t\t<div class=\"elementor-column elementor-col-100 elementor-top-column elementor-element elementor-element-1a5fc61b\" data-id=\"1a5fc61b\" data-element_type=\"column\">\n\t\t\t<div class=\"elementor-widget-wrap elementor-element-populated\">\n\t\t\t\t\t\t<div class=\"elementor-element elementor-element-753e772a elementor-align-center elementor-widget elementor-widget-button\" data-id=\"753e772a\" data-element_type=\"widget\" data-widget_type=\"button.default\">\n\t\t\t\t<div class=\"elementor-widget-container\">\n\t\t\t\t\t\t\t\t\t<div class=\"elementor-button-wrapper\">\n\t\t\t\t\t<a class=\"elementor-button elementor-button-link elementor-size-xs\" href=\"https:\/\/www.fior.at\/\" target=\"_blank\">\n\t\t\t\t\t\t<span class=\"elementor-button-content-wrapper\">\n\t\t\t\t\t\t\t\t\t<span class=\"elementor-button-text\">Fior<\/span>\n\t\t\t\t\t<\/span>\n\t\t\t\t\t<\/a>\n\t\t\t\t<\/div>\n\t\t\t\t\t\t\t\t<\/div>\n\t\t\t\t<\/div>\n\t\t\t\t\t<\/div>\n\t\t<\/div>\n\t\t\t\t\t<\/div>\n\t\t<\/section>\n\t\t\t\t<\/div>\n\t\t","protected":false},"excerpt":{"rendered":"<p>Wer das Besondere, das Elegante, das Au\u00dfergew\u00f6hnliche liebt, f\u00fcr den ist der DS 9 wie geschaffen. Doch er ist nicht nur optisch ein Highlight, sondern beeindruckt auch mit technischen Feinheiten und hervorragenden Fahreigenschaften.Der neue DS 9 E-TENSE tritt mit einer L\u00e4nge von 4,93 und einer Breite von 2,08 Metern auf. Mit der Kombination aus schlanker [&hellip;]<\/p>\n","protected":false},"author":1,"featured_media":1800,"comment_status":"open","ping_status":"open","sticky":false,"template":"","format":"standard","meta":{"ocean_post_layout":"","ocean_both_sidebars_style":"","ocean_both_sidebars_content_width":0,"ocean_both_sidebars_sidebars_width":0,"ocean_sidebar":"0","ocean_second_sidebar":"0","ocean_disable_margins":"enable","ocean_add_body_class":"","ocean_shortcode_before_top_bar":"","ocean_shortcode_after_top_bar":"","ocean_shortcode_before_header":"","ocean_shortcode_after_header":"","ocean_has_shortcode":"","ocean_shortcode_after_title":"","ocean_shortcode_before_footer_widgets":"","ocean_shortcode_after_footer_widgets":"","ocean_shortcode_before_footer_bottom":"","ocean_shortcode_after_footer_bottom":"","ocean_display_top_bar":"default","ocean_display_header":"default","ocean_header_style":"","ocean_center_header_left_menu":"0","ocean_custom_header_template":"0","ocean_custom_logo":0,"ocean_custom_retina_logo":0,"ocean_custom_logo_max_width":0,"ocean_custom_logo_tablet_max_width":0,"ocean_custom_logo_mobile_max_width":0,"ocean_custom_logo_max_height":0,"ocean_custom_logo_tablet_max_height":0,"ocean_custom_logo_mobile_max_height":0,"ocean_header_custom_menu":"0","ocean_menu_typo_font_family":"0","ocean_menu_typo_font_subset":"","ocean_menu_typo_font_size":0,"ocean_menu_typo_font_size_tablet":0,"ocean_menu_typo_font_size_mobile":0,"ocean_menu_typo_font_size_unit":"px","ocean_menu_typo_font_weight":"","ocean_menu_typo_font_weight_tablet":"","ocean_menu_typo_font_weight_mobile":"","ocean_menu_typo_transform":"","ocean_menu_typo_transform_tablet":"","ocean_menu_typo_transform_mobile":"","ocean_menu_typo_line_height":0,"ocean_menu_typo_line_height_tablet":0,"ocean_menu_typo_line_height_mobile":0,"ocean_menu_typo_line_height_unit":"","ocean_menu_typo_spacing":0,"ocean_menu_typo_spacing_tablet":0,"ocean_menu_typo_spacing_mobile":0,"ocean_menu_typo_spacing_unit":"","ocean_menu_link_color":"","ocean_menu_link_color_hover":"","ocean_menu_link_color_active":"","ocean_menu_link_background":"","ocean_menu_link_hover_background":"","ocean_menu_link_active_background":"","ocean_menu_social_links_bg":"","ocean_menu_social_hover_links_bg":"","ocean_menu_social_links_color":"","ocean_menu_social_hover_links_color":"","ocean_disable_title":"on","ocean_disable_heading":"default","ocean_post_title":"","ocean_post_subheading":"","ocean_post_title_style":"","ocean_post_title_background_color":"","ocean_post_title_background":0,"ocean_post_title_bg_image_position":"","ocean_post_title_bg_image_attachment":"","ocean_post_title_bg_image_repeat":"","ocean_post_title_bg_image_size":"","ocean_post_title_height":0,"ocean_post_title_bg_overlay":0.5,"ocean_post_title_bg_overlay_color":"","ocean_disable_breadcrumbs":"off","ocean_breadcrumbs_color":"","ocean_breadcrumbs_separator_color":"","ocean_breadcrumbs_links_color":"","ocean_breadcrumbs_links_hover_color":"","ocean_display_footer_widgets":"default","ocean_display_footer_bottom":"default","ocean_custom_footer_template":"0","osh_disable_topbar_sticky":"default","osh_disable_header_sticky":"default","osh_sticky_header_style":"default","osh_sticky_header_effect":"","osh_custom_sticky_logo":0,"osh_custom_retina_sticky_logo":0,"osh_custom_sticky_logo_height":0,"osh_background_color":"","osh_links_color":"","osh_links_hover_color":"","osh_links_active_color":"","osh_links_bg_color":"","osh_links_hover_bg_color":"","osh_links_active_bg_color":"","osh_menu_social_links_color":"","osh_menu_social_hover_links_color":"","ocean_post_oembed":"","ocean_post_self_hosted_media":"","ocean_post_video_embed":"","ocean_link_format":"","ocean_link_format_target":"self","ocean_quote_format":"","ocean_quote_format_link":"post","ocean_gallery_link_images":"off","ocean_gallery_id":[],"footnotes":""},"categories":[7],"tags":[150,163,37],"class_list":["post-1802","post","type-post","status-publish","format-standard","has-post-thumbnail","hentry","category-autos","tag-autos","tag-citroen-2","tag-hybrid","entry","has-media"],"_links":{"self":[{"href":"https:\/\/www.sichere-steiermark.at\/index.php?rest_route=\/wp\/v2\/posts\/1802","targetHints":{"allow":["GET"]}}],"collection":[{"href":"https:\/\/www.sichere-steiermark.at\/index.php?rest_route=\/wp\/v2\/posts"}],"about":[{"href":"https:\/\/www.sichere-steiermark.at\/index.php?rest_route=\/wp\/v2\/types\/post"}],"author":[{"embeddable":true,"href":"https:\/\/www.sichere-steiermark.at\/index.php?rest_route=\/wp\/v2\/users\/1"}],"replies":[{"embeddable":true,"href":"https:\/\/www.sichere-steiermark.at\/index.php?rest_route=%2Fwp%2Fv2%2Fcomments&post=1802"}],"version-history":[{"count":10,"href":"https:\/\/www.sichere-steiermark.at\/index.php?rest_route=\/wp\/v2\/posts\/1802\/revisions"}],"predecessor-version":[{"id":1813,"href":"https:\/\/www.sichere-steiermark.at\/index.php?rest_route=\/wp\/v2\/posts\/1802\/revisions\/1813"}],"wp:featuredmedia":[{"embeddable":true,"href":"https:\/\/www.sichere-steiermark.at\/index.php?rest_route=\/wp\/v2\/media\/1800"}],"wp:attachment":[{"href":"https:\/\/www.sichere-steiermark.at\/index.php?rest_route=%2Fwp%2Fv2%2Fmedia&parent=1802"}],"wp:term":[{"taxonomy":"category","embeddable":true,"href":"https:\/\/www.sichere-steiermark.at\/index.php?rest_route=%2Fwp%2Fv2%2Fcategories&post=1802"},{"taxonomy":"post_tag","embeddable":true,"href":"https:\/\/www.sichere-steiermark.at\/index.php?rest_route=%2Fwp%2Fv2%2Ftags&post=1802"}],"curies":[{"name":"wp","href":"https:\/\/api.w.org\/{rel}","templated":true}]}}