{"id":1816,"date":"2021-10-11T10:04:44","date_gmt":"2021-10-11T08:04:44","guid":{"rendered":"https:\/\/www.sichere-steiermark.at\/?p=1816"},"modified":"2021-10-11T10:08:39","modified_gmt":"2021-10-11T08:08:39","slug":"neuer-ds-4-setzt-massstaebe-in-nachhaltigkeit","status":"publish","type":"post","link":"https:\/\/www.sichere-steiermark.at\/?p=1816","title":{"rendered":"Neuer DS 4 setzt Ma\u00dfst\u00e4be in Nachhaltigkeit"},"content":{"rendered":"\t\t<div data-elementor-type=\"wp-post\" data-elementor-id=\"1816\" class=\"elementor elementor-1816\" data-elementor-post-type=\"post\">\n\t\t\t\t\t\t<section class=\"elementor-section elementor-top-section elementor-element elementor-element-27e6fcf9 elementor-section-boxed elementor-section-height-default elementor-section-height-default\" data-id=\"27e6fcf9\" data-element_type=\"section\">\n\t\t\t\t\t\t<div class=\"elementor-container elementor-column-gap-default\">\n\t\t\t\t\t<div class=\"elementor-column elementor-col-100 elementor-top-column elementor-element elementor-element-723b41be\" data-id=\"723b41be\" data-element_type=\"column\">\n\t\t\t<div class=\"elementor-widget-wrap elementor-element-populated\">\n\t\t\t\t\t\t<div class=\"elementor-element elementor-element-508e9533 elementor-widget elementor-widget-theme-post-featured-image elementor-widget-image\" data-id=\"508e9533\" data-element_type=\"widget\" data-widget_type=\"theme-post-featured-image.default\">\n\t\t\t\t<div class=\"elementor-widget-container\">\n\t\t\t\t\t\t\t\t\t\t\t\t<figure class=\"wp-caption\">\n\t\t\t\t\t\t\t\t\t\t<img fetchpriority=\"high\" decoding=\"async\" width=\"1024\" height=\"683\" src=\"https:\/\/www.sichere-steiermark.at\/wp-content\/uploads\/2021\/10\/ds_4_hinten-1024x683.jpg\" class=\"attachment-large size-large wp-image-1814\" alt=\"\" srcset=\"https:\/\/www.sichere-steiermark.at\/wp-content\/uploads\/2021\/10\/ds_4_hinten-1024x683.jpg 1024w, https:\/\/www.sichere-steiermark.at\/wp-content\/uploads\/2021\/10\/ds_4_hinten-300x200.jpg 300w, https:\/\/www.sichere-steiermark.at\/wp-content\/uploads\/2021\/10\/ds_4_hinten-768x512.jpg 768w, https:\/\/www.sichere-steiermark.at\/wp-content\/uploads\/2021\/10\/ds_4_hinten.jpg 1200w\" sizes=\"(max-width: 1024px) 100vw, 1024px\" \/>\t\t\t\t\t\t\t\t\t\t\t<figcaption class=\"widget-image-caption wp-caption-text\">Fotos: \u00a9 Hersteller DS (2)<\/figcaption>\n\t\t\t\t\t\t\t\t\t\t<\/figure>\n\t\t\t\t\t\t\t\t\t<\/div>\n\t\t\t\t<\/div>\n\t\t\t\t\t<\/div>\n\t\t<\/div>\n\t\t\t\t\t<\/div>\n\t\t<\/section>\n\t\t\t\t<section class=\"elementor-section elementor-top-section elementor-element elementor-element-146ac142 elementor-section-boxed elementor-section-height-default elementor-section-height-default\" data-id=\"146ac142\" data-element_type=\"section\">\n\t\t\t\t\t\t<div class=\"elementor-container elementor-column-gap-default\">\n\t\t\t\t\t<div class=\"elementor-column elementor-col-100 elementor-top-column elementor-element elementor-element-3ad7fc2c\" data-id=\"3ad7fc2c\" data-element_type=\"column\">\n\t\t\t<div class=\"elementor-widget-wrap elementor-element-populated\">\n\t\t\t\t\t\t<div class=\"elementor-element elementor-element-1cf5b43d elementor-widget elementor-widget-theme-post-title elementor-page-title elementor-widget-heading\" data-id=\"1cf5b43d\" data-element_type=\"widget\" data-widget_type=\"theme-post-title.default\">\n\t\t\t\t<div class=\"elementor-widget-container\">\n\t\t\t\t\t<h1 class=\"elementor-heading-title elementor-size-xl\">Neuer DS 4 setzt Ma\u00dfst\u00e4be in Nachhaltigkeit<\/h1>\t\t\t\t<\/div>\n\t\t\t\t<\/div>\n\t\t\t\t\t<\/div>\n\t\t<\/div>\n\t\t\t\t\t<\/div>\n\t\t<\/section>\n\t\t\t\t<section class=\"elementor-section elementor-top-section elementor-element elementor-element-cc19203 elementor-section-boxed elementor-section-height-default elementor-section-height-default\" data-id=\"cc19203\" data-element_type=\"section\">\n\t\t\t\t\t\t<div class=\"elementor-container elementor-column-gap-default\">\n\t\t\t\t\t<div class=\"elementor-column elementor-col-100 elementor-top-column elementor-element elementor-element-4e6c181c\" data-id=\"4e6c181c\" data-element_type=\"column\">\n\t\t\t<div class=\"elementor-widget-wrap elementor-element-populated\">\n\t\t\t\t\t\t<div class=\"elementor-element elementor-element-8da32b2 elementor-widget elementor-widget-text-editor\" data-id=\"8da32b2\" data-element_type=\"widget\" data-widget_type=\"text-editor.default\">\n\t\t\t\t<div class=\"elementor-widget-container\">\n\t\t\t\t\t\t\t\t\t<p>Der neue DS 4 f\u00e4llt sofort auf und sorgt mit seiner kompakten L\u00e4nge von 4,40 Metern sowie seiner Breite von 1,866 Meter f\u00fcr einen avantgardistischen und sportlichen Auftritt. Die markante Front ist durch die neue Lichtsignatur gekennzeichnet: DS Matrix LED Vision Scheinwerfer, LED-Tagfahrleuchten und die DS Wings sind ein echter Eye-Catcher. Das Rautenmuster und der dreidimensional wirkende K\u00fchlergrill passen perfekt zu der langgezogenen Motorhaube und lassen die Silhouette noch dynamischer wirken.<\/p><p>Das Innenraumkonzept des DS 4 basiert auf zwei S\u00e4ulen: Komfort und Funktion. Im Bereich Komfort wird auf qualitative Materialien und besondere Haptik Wert gelegt. Der funktionale Bereich wurde vor allem auf das perfekte Zusammenspiel von Details und kognitiver Interaktion ausgelegt. <br \/>So kombiniert das Interieur des DS 4 Raffinesse und Technologie mit verschiedenen Lederarten, Clous de Paris Guillochierungen, Alcantara\u00ae, geschmiedetem Karbon, Holz und neuartigen Fertigungstechniken. Das puristische Design ist zugleich elegant und praktisch; die Funktionen sind intuitiv bedienbar.<\/p><h4>Fortschrittlichste Technologien <\/h4><p>Der neue DS 4 zeichnet sich durch im C-Premium-Segment noch nie dagewesene Fahrhilfen aus. Insbesondere das v\u00f6llig neu konzipierte Infotainment-System DS Iris und das innovative DS Extended Head-up-Display, das alle wichtigen Fahrinformationen mittels Augmented-Reality auf die Stra\u00dfe projiziert, heben den DS 4 von den Mitbewerbern ab. Auch die Gestensteuerung DS Smart Touch, die in der Mittelkonsole platziert ist, und DS Drive Assist 2.0. (verf\u00fcgbar ab Januar 2022) f\u00fcr halbautomatisches \u00dcberholen setzen Ma\u00dfst\u00e4be. Zus\u00e4tzlich sind die weiterentwickelte kameragesteuerte aktive Federung DS Active Scan Suspension und die Infrarottechnologie DS Night Vision mit an Bord.<\/p><p>Mit dem Begriff \u201eSustaiNobility\u201c hat DS eine Wortneusch\u00f6pfung kreiert, die die Kombination aus Nachhaltigkeit (Sustainability) und noblen bzw. edlen Materialien (Nobility) beschreibt. Ziel ist es, ein nachhaltiges Fahrzeugkonzept zu entwickeln, ohne Kompromisse bei der Qualit\u00e4t der Materialien einzugehen. Der DS 4 dient als perfektes Beispiel dieses Engagements: 95\u2009% der verwendeten Materialien sind wiederverwendbar und 85\u2009% der Bauteile sind recyclebar. Das Modell besteht zu 30\u2009% aus \u201egr\u00fcnen\u201c \u2013 also erneuerbaren oder recycelten \u2013 Materialien, aufgeteilt auf Metalle und Polymere.<\/p><p>Mit den drei Versionen DS 4, DS 4 Cross und DS 4 Performance Line richtet sich das neue Modell sowohl an Fans klassischer Kompaktlimousinen als auch an Liebhaber attraktiver SUV-Coup\u00e9s. Zus\u00e4tzlich k\u00f6nnen Kunden aus vier verschiedenen Ausstattungsniveaus w\u00e4hlen. Sieben feine Lackierungen schm\u00fccken die neue Kreation.<\/p>\t\t\t\t\t\t\t\t<\/div>\n\t\t\t\t<\/div>\n\t\t\t\t\t<\/div>\n\t\t<\/div>\n\t\t\t\t\t<\/div>\n\t\t<\/section>\n\t\t\t\t<section class=\"elementor-section elementor-top-section elementor-element elementor-element-6d98ad0 elementor-section-boxed elementor-section-height-default elementor-section-height-default\" data-id=\"6d98ad0\" data-element_type=\"section\">\n\t\t\t\t\t\t<div class=\"elementor-container elementor-column-gap-default\">\n\t\t\t\t\t<div class=\"elementor-column elementor-col-50 elementor-top-column elementor-element elementor-element-8ca9152\" data-id=\"8ca9152\" data-element_type=\"column\">\n\t\t\t<div class=\"elementor-widget-wrap elementor-element-populated\">\n\t\t\t\t\t\t<div class=\"elementor-element elementor-element-84965ec elementor-widget elementor-widget-text-editor\" data-id=\"84965ec\" data-element_type=\"widget\" data-widget_type=\"text-editor.default\">\n\t\t\t\t<div class=\"elementor-widget-container\">\n\t\t\t\t\t\t\t\t\t<ul><li><strong>3 Versionen DS 4, DS 4 Cross, DS 4 Performance Line sowie der Limited Edition DS 4 LA PREMIERE <\/strong><\/li><li><strong>Erh\u00e4ltlich ausschlie\u00dflich mit Automatikgetriebe mit Benzin- oder <\/strong><\/li><li><strong>Dieselmotorisierung sowie als Plug-in-Hybrid <\/strong><br \/><strong>Motorisierungen: 130 PS bis 225 PS <\/strong><\/li><li><strong>4 verschiedene Ausstattungsniveaus und <\/strong><\/li><li><strong>5 unterschiedliche Antriebe<\/strong><\/li><li><strong>ab sofort bestellbar<\/strong><\/li><\/ul>\t\t\t\t\t\t\t\t<\/div>\n\t\t\t\t<\/div>\n\t\t\t\t\t<\/div>\n\t\t<\/div>\n\t\t\t\t<div class=\"elementor-column elementor-col-50 elementor-top-column elementor-element elementor-element-787fece\" data-id=\"787fece\" data-element_type=\"column\">\n\t\t\t<div class=\"elementor-widget-wrap elementor-element-populated\">\n\t\t\t\t\t\t<div class=\"elementor-element elementor-element-851fd4f elementor-widget elementor-widget-image\" data-id=\"851fd4f\" data-element_type=\"widget\" data-widget_type=\"image.default\">\n\t\t\t\t<div class=\"elementor-widget-container\">\n\t\t\t\t\t\t\t\t\t\t\t\t\t\t\t<img decoding=\"async\" width=\"1024\" height=\"683\" src=\"https:\/\/www.sichere-steiermark.at\/wp-content\/uploads\/2021\/10\/ds_9_e_tense_innen-1024x683.jpg\" class=\"attachment-large size-large wp-image-1801\" alt=\"\" srcset=\"https:\/\/www.sichere-steiermark.at\/wp-content\/uploads\/2021\/10\/ds_9_e_tense_innen-1024x683.jpg 1024w, https:\/\/www.sichere-steiermark.at\/wp-content\/uploads\/2021\/10\/ds_9_e_tense_innen-300x200.jpg 300w, https:\/\/www.sichere-steiermark.at\/wp-content\/uploads\/2021\/10\/ds_9_e_tense_innen-768x512.jpg 768w, https:\/\/www.sichere-steiermark.at\/wp-content\/uploads\/2021\/10\/ds_9_e_tense_innen.jpg 1200w\" sizes=\"(max-width: 1024px) 100vw, 1024px\" \/>\t\t\t\t\t\t\t\t\t\t\t\t\t\t\t<\/div>\n\t\t\t\t<\/div>\n\t\t\t\t\t<\/div>\n\t\t<\/div>\n\t\t\t\t\t<\/div>\n\t\t<\/section>\n\t\t\t\t<section class=\"elementor-section elementor-top-section elementor-element elementor-element-4523c09 elementor-section-boxed elementor-section-height-default elementor-section-height-default\" data-id=\"4523c09\" data-element_type=\"section\">\n\t\t\t\t\t\t<div class=\"elementor-container elementor-column-gap-default\">\n\t\t\t\t\t<div class=\"elementor-column elementor-col-100 elementor-top-column elementor-element elementor-element-2fdf0e3\" data-id=\"2fdf0e3\" data-element_type=\"column\">\n\t\t\t<div class=\"elementor-widget-wrap elementor-element-populated\">\n\t\t\t\t\t\t<div class=\"elementor-element elementor-element-fb496d2 elementor-widget elementor-widget-text-editor\" data-id=\"fb496d2\" data-element_type=\"widget\" data-widget_type=\"text-editor.default\">\n\t\t\t\t<div class=\"elementor-widget-container\">\n\t\t\t\t\t\t\t\t\t<p style=\"text-align: center;\"><strong>Autohaus Fior GmbH | <\/strong><strong>K\u00e4rntner Stra\u00dfe 69\u201371, 8020 Graz | <\/strong><strong>office@fior.at, www.fior.at<\/strong><\/p>\t\t\t\t\t\t\t\t<\/div>\n\t\t\t\t<\/div>\n\t\t\t\t\t<\/div>\n\t\t<\/div>\n\t\t\t\t\t<\/div>\n\t\t<\/section>\n\t\t\t\t<section class=\"elementor-section elementor-top-section elementor-element elementor-element-262cbe57 elementor-section-boxed elementor-section-height-default elementor-section-height-default\" data-id=\"262cbe57\" data-element_type=\"section\">\n\t\t\t\t\t\t<div class=\"elementor-container elementor-column-gap-default\">\n\t\t\t\t\t<div class=\"elementor-column elementor-col-100 elementor-top-column elementor-element elementor-element-54c8efd6\" data-id=\"54c8efd6\" data-element_type=\"column\">\n\t\t\t<div class=\"elementor-widget-wrap elementor-element-populated\">\n\t\t\t\t\t\t<div class=\"elementor-element elementor-element-2aadc06b elementor-widget-divider--view-line elementor-widget elementor-widget-divider\" data-id=\"2aadc06b\" data-element_type=\"widget\" data-widget_type=\"divider.default\">\n\t\t\t\t<div class=\"elementor-widget-container\">\n\t\t\t\t\t\t\t<div class=\"elementor-divider\">\n\t\t\t<span class=\"elementor-divider-separator\">\n\t\t\t\t\t\t<\/span>\n\t\t<\/div>\n\t\t\t\t\t\t<\/div>\n\t\t\t\t<\/div>\n\t\t\t\t\t<\/div>\n\t\t<\/div>\n\t\t\t\t\t<\/div>\n\t\t<\/section>\n\t\t\t\t<section class=\"elementor-section elementor-top-section elementor-element elementor-element-eef1bdb elementor-section-boxed elementor-section-height-default elementor-section-height-default\" data-id=\"eef1bdb\" data-element_type=\"section\">\n\t\t\t\t\t\t<div class=\"elementor-container elementor-column-gap-default\">\n\t\t\t\t\t<div class=\"elementor-column elementor-col-100 elementor-top-column elementor-element elementor-element-1f65c76\" data-id=\"1f65c76\" data-element_type=\"column\">\n\t\t\t<div class=\"elementor-widget-wrap elementor-element-populated\">\n\t\t\t\t\t\t<div class=\"elementor-element elementor-element-7b89111 elementor-align-center elementor-widget elementor-widget-button\" data-id=\"7b89111\" data-element_type=\"widget\" data-widget_type=\"button.default\">\n\t\t\t\t<div class=\"elementor-widget-container\">\n\t\t\t\t\t\t\t\t\t<div class=\"elementor-button-wrapper\">\n\t\t\t\t\t<a class=\"elementor-button elementor-button-link elementor-size-xs\" href=\"https:\/\/www.fior.at\/\" target=\"_blank\">\n\t\t\t\t\t\t<span class=\"elementor-button-content-wrapper\">\n\t\t\t\t\t\t\t\t\t<span class=\"elementor-button-text\">Fior<\/span>\n\t\t\t\t\t<\/span>\n\t\t\t\t\t<\/a>\n\t\t\t\t<\/div>\n\t\t\t\t\t\t\t\t<\/div>\n\t\t\t\t<\/div>\n\t\t\t\t\t<\/div>\n\t\t<\/div>\n\t\t\t\t\t<\/div>\n\t\t<\/section>\n\t\t\t\t<\/div>\n\t\t","protected":false},"excerpt":{"rendered":"<p>Der neue DS 4 f\u00e4llt sofort auf und sorgt mit seiner kompakten L\u00e4nge von 4,40 Metern sowie seiner Breite von 1,866 Meter f\u00fcr einen avantgardistischen und sportlichen Auftritt. Die markante Front ist durch die neue Lichtsignatur gekennzeichnet: DS Matrix LED Vision Scheinwerfer, LED-Tagfahrleuchten und die DS Wings sind ein echter Eye-Catcher. Das Rautenmuster und der [&hellip;]<\/p>\n","protected":false},"author":1,"featured_media":1814,"comment_status":"open","ping_status":"open","sticky":false,"template":"","format":"standard","meta":{"ocean_post_layout":"","ocean_both_sidebars_style":"","ocean_both_sidebars_content_width":0,"ocean_both_sidebars_sidebars_width":0,"ocean_sidebar":"0","ocean_second_sidebar":"0","ocean_disable_margins":"enable","ocean_add_body_class":"","ocean_shortcode_before_top_bar":"","ocean_shortcode_after_top_bar":"","ocean_shortcode_before_header":"","ocean_shortcode_after_header":"","ocean_has_shortcode":"","ocean_shortcode_after_title":"","ocean_shortcode_before_footer_widgets":"","ocean_shortcode_after_footer_widgets":"","ocean_shortcode_before_footer_bottom":"","ocean_shortcode_after_footer_bottom":"","ocean_display_top_bar":"default","ocean_display_header":"default","ocean_header_style":"","ocean_center_header_left_menu":"0","ocean_custom_header_template":"0","ocean_custom_logo":0,"ocean_custom_retina_logo":0,"ocean_custom_logo_max_width":0,"ocean_custom_logo_tablet_max_width":0,"ocean_custom_logo_mobile_max_width":0,"ocean_custom_logo_max_height":0,"ocean_custom_logo_tablet_max_height":0,"ocean_custom_logo_mobile_max_height":0,"ocean_header_custom_menu":"0","ocean_menu_typo_font_family":"0","ocean_menu_typo_font_subset":"","ocean_menu_typo_font_size":0,"ocean_menu_typo_font_size_tablet":0,"ocean_menu_typo_font_size_mobile":0,"ocean_menu_typo_font_size_unit":"px","ocean_menu_typo_font_weight":"","ocean_menu_typo_font_weight_tablet":"","ocean_menu_typo_font_weight_mobile":"","ocean_menu_typo_transform":"","ocean_menu_typo_transform_tablet":"","ocean_menu_typo_transform_mobile":"","ocean_menu_typo_line_height":0,"ocean_menu_typo_line_height_tablet":0,"ocean_menu_typo_line_height_mobile":0,"ocean_menu_typo_line_height_unit":"","ocean_menu_typo_spacing":0,"ocean_menu_typo_spacing_tablet":0,"ocean_menu_typo_spacing_mobile":0,"ocean_menu_typo_spacing_unit":"","ocean_menu_link_color":"","ocean_menu_link_color_hover":"","ocean_menu_link_color_active":"","ocean_menu_link_background":"","ocean_menu_link_hover_background":"","ocean_menu_link_active_background":"","ocean_menu_social_links_bg":"","ocean_menu_social_hover_links_bg":"","ocean_menu_social_links_color":"","ocean_menu_social_hover_links_color":"","ocean_disable_title":"on","ocean_disable_heading":"default","ocean_post_title":"","ocean_post_subheading":"","ocean_post_title_style":"","ocean_post_title_background_color":"","ocean_post_title_background":0,"ocean_post_title_bg_image_position":"","ocean_post_title_bg_image_attachment":"","ocean_post_title_bg_image_repeat":"","ocean_post_title_bg_image_size":"","ocean_post_title_height":0,"ocean_post_title_bg_overlay":0.5,"ocean_post_title_bg_overlay_color":"","ocean_disable_breadcrumbs":"off","ocean_breadcrumbs_color":"","ocean_breadcrumbs_separator_color":"","ocean_breadcrumbs_links_color":"","ocean_breadcrumbs_links_hover_color":"","ocean_display_footer_widgets":"default","ocean_display_footer_bottom":"default","ocean_custom_footer_template":"0","osh_disable_topbar_sticky":"default","osh_disable_header_sticky":"default","osh_sticky_header_style":"default","osh_sticky_header_effect":"","osh_custom_sticky_logo":0,"osh_custom_retina_sticky_logo":0,"osh_custom_sticky_logo_height":0,"osh_background_color":"","osh_links_color":"","osh_links_hover_color":"","osh_links_active_color":"","osh_links_bg_color":"","osh_links_hover_bg_color":"","osh_links_active_bg_color":"","osh_menu_social_links_color":"","osh_menu_social_hover_links_color":"","ocean_post_oembed":"","ocean_post_self_hosted_media":"","ocean_post_video_embed":"","ocean_link_format":"","ocean_link_format_target":"self","ocean_quote_format":"","ocean_quote_format_link":"post","ocean_gallery_link_images":"off","ocean_gallery_id":[],"footnotes":""},"categories":[7],"tags":[29,163],"class_list":["post-1816","post","type-post","status-publish","format-standard","has-post-thumbnail","hentry","category-autos","tag-auto","tag-citroen-2","entry","has-media"],"_links":{"self":[{"href":"https:\/\/www.sichere-steiermark.at\/index.php?rest_route=\/wp\/v2\/posts\/1816","targetHints":{"allow":["GET"]}}],"collection":[{"href":"https:\/\/www.sichere-steiermark.at\/index.php?rest_route=\/wp\/v2\/posts"}],"about":[{"href":"https:\/\/www.sichere-steiermark.at\/index.php?rest_route=\/wp\/v2\/types\/post"}],"author":[{"embeddable":true,"href":"https:\/\/www.sichere-steiermark.at\/index.php?rest_route=\/wp\/v2\/users\/1"}],"replies":[{"embeddable":true,"href":"https:\/\/www.sichere-steiermark.at\/index.php?rest_route=%2Fwp%2Fv2%2Fcomments&post=1816"}],"version-history":[{"count":4,"href":"https:\/\/www.sichere-steiermark.at\/index.php?rest_route=\/wp\/v2\/posts\/1816\/revisions"}],"predecessor-version":[{"id":1821,"href":"https:\/\/www.sichere-steiermark.at\/index.php?rest_route=\/wp\/v2\/posts\/1816\/revisions\/1821"}],"wp:featuredmedia":[{"embeddable":true,"href":"https:\/\/www.sichere-steiermark.at\/index.php?rest_route=\/wp\/v2\/media\/1814"}],"wp:attachment":[{"href":"https:\/\/www.sichere-steiermark.at\/index.php?rest_route=%2Fwp%2Fv2%2Fmedia&parent=1816"}],"wp:term":[{"taxonomy":"category","embeddable":true,"href":"https:\/\/www.sichere-steiermark.at\/index.php?rest_route=%2Fwp%2Fv2%2Fcategories&post=1816"},{"taxonomy":"post_tag","embeddable":true,"href":"https:\/\/www.sichere-steiermark.at\/index.php?rest_route=%2Fwp%2Fv2%2Ftags&post=1816"}],"curies":[{"name":"wp","href":"https:\/\/api.w.org\/{rel}","templated":true}]}}