{"id":1893,"date":"2021-10-13T11:33:31","date_gmt":"2021-10-13T09:33:31","guid":{"rendered":"https:\/\/www.sichere-steiermark.at\/?p=1893"},"modified":"2021-10-13T11:39:31","modified_gmt":"2021-10-13T09:39:31","slug":"steirische-seilbahnen","status":"publish","type":"post","link":"https:\/\/www.sichere-steiermark.at\/?p=1893","title":{"rendered":"Steirische Seilbahnen"},"content":{"rendered":"\t\t<div data-elementor-type=\"wp-post\" data-elementor-id=\"1893\" class=\"elementor elementor-1893\" data-elementor-post-type=\"post\">\n\t\t\t\t\t\t<section class=\"elementor-section elementor-top-section elementor-element elementor-element-66b2463f elementor-section-boxed elementor-section-height-default elementor-section-height-default\" data-id=\"66b2463f\" data-element_type=\"section\">\n\t\t\t\t\t\t<div class=\"elementor-container elementor-column-gap-default\">\n\t\t\t\t\t<div class=\"elementor-column elementor-col-100 elementor-top-column elementor-element elementor-element-62814bce\" data-id=\"62814bce\" data-element_type=\"column\">\n\t\t\t<div class=\"elementor-widget-wrap elementor-element-populated\">\n\t\t\t\t\t\t<div class=\"elementor-element elementor-element-3dd9058d elementor-widget elementor-widget-theme-post-featured-image elementor-widget-image\" data-id=\"3dd9058d\" data-element_type=\"widget\" data-widget_type=\"theme-post-featured-image.default\">\n\t\t\t\t<div class=\"elementor-widget-container\">\n\t\t\t\t\t\t\t\t\t\t\t\t<figure class=\"wp-caption\">\n\t\t\t\t\t\t\t\t\t\t<img fetchpriority=\"high\" decoding=\"async\" width=\"1024\" height=\"683\" src=\"https:\/\/www.sichere-steiermark.at\/wp-content\/uploads\/2021\/10\/seilbahnen-1024x683.jpg\" class=\"attachment-large size-large wp-image-1894\" alt=\"\" srcset=\"https:\/\/www.sichere-steiermark.at\/wp-content\/uploads\/2021\/10\/seilbahnen-1024x683.jpg 1024w, https:\/\/www.sichere-steiermark.at\/wp-content\/uploads\/2021\/10\/seilbahnen-300x200.jpg 300w, https:\/\/www.sichere-steiermark.at\/wp-content\/uploads\/2021\/10\/seilbahnen-768x512.jpg 768w, https:\/\/www.sichere-steiermark.at\/wp-content\/uploads\/2021\/10\/seilbahnen.jpg 1200w\" sizes=\"(max-width: 1024px) 100vw, 1024px\" \/>\t\t\t\t\t\t\t\t\t\t\t<figcaption class=\"widget-image-caption wp-caption-text\">Fachgruppengesch\u00e4ftsf\u00fchrer Oliver K\u00e4fer und Seilbahn-Obmann Fabrice Girardoni, eingekleidet vom Wintersportmuseum M\u00fcrzzuschlag, mit Superior Pater Michael Staberl, der am Berg feierlich eine Andacht mit den steirischen Seilbahnen zelebrierte (v.l.) |  Foto: \u00a9 WKO Seilbahnen\/Kuss \u2013 Mariazell<\/figcaption>\n\t\t\t\t\t\t\t\t\t\t<\/figure>\n\t\t\t\t\t\t\t\t\t<\/div>\n\t\t\t\t<\/div>\n\t\t\t\t\t<\/div>\n\t\t<\/div>\n\t\t\t\t\t<\/div>\n\t\t<\/section>\n\t\t\t\t<section class=\"elementor-section elementor-top-section elementor-element elementor-element-4db0f4c2 elementor-section-boxed elementor-section-height-default elementor-section-height-default\" data-id=\"4db0f4c2\" data-element_type=\"section\">\n\t\t\t\t\t\t<div class=\"elementor-container elementor-column-gap-default\">\n\t\t\t\t\t<div class=\"elementor-column elementor-col-100 elementor-top-column elementor-element elementor-element-66b1876f\" data-id=\"66b1876f\" data-element_type=\"column\">\n\t\t\t<div class=\"elementor-widget-wrap elementor-element-populated\">\n\t\t\t\t\t\t<div class=\"elementor-element elementor-element-1a04c4ae elementor-widget elementor-widget-theme-post-title elementor-page-title elementor-widget-heading\" data-id=\"1a04c4ae\" data-element_type=\"widget\" data-widget_type=\"theme-post-title.default\">\n\t\t\t\t<div class=\"elementor-widget-container\">\n\t\t\t\t\t<h1 class=\"elementor-heading-title elementor-size-xl\">Steirische Seilbahnen<\/h1>\t\t\t\t<\/div>\n\t\t\t\t<\/div>\n\t\t\t\t\t<\/div>\n\t\t<\/div>\n\t\t\t\t\t<\/div>\n\t\t<\/section>\n\t\t\t\t<section class=\"elementor-section elementor-top-section elementor-element elementor-element-20818b5 elementor-section-boxed elementor-section-height-default elementor-section-height-default\" data-id=\"20818b5\" data-element_type=\"section\">\n\t\t\t\t\t\t<div class=\"elementor-container elementor-column-gap-default\">\n\t\t\t\t\t<div class=\"elementor-column elementor-col-100 elementor-top-column elementor-element elementor-element-298d9fd8\" data-id=\"298d9fd8\" data-element_type=\"column\">\n\t\t\t<div class=\"elementor-widget-wrap elementor-element-populated\">\n\t\t\t\t\t\t<div class=\"elementor-element elementor-element-14f44f43 elementor-widget elementor-widget-text-editor\" data-id=\"14f44f43\" data-element_type=\"widget\" data-widget_type=\"text-editor.default\">\n\t\t\t\t<div class=\"elementor-widget-container\">\n\t\t\t\t\t\t\t\t\t<h3 style=\"text-align: center;\">F\u00fcr die Wintersaison ger\u00fcstet: die steirischen Seilbahnen<br \/>Trotz Corona haben steirische Seilbahnen 55 Millionen Euro investiert<\/h3><p><strong>Die Corona-Saison 2020\/2021 war f\u00fcr die steirischen Seilbahnen eine enorme Belastungsprobe: Obwohl die Pandemie die Ums\u00e4tze um \u00fcber 80 Prozent einbrechen lie\u00df, haben die Bahnen den Betrieb f\u00fcr die Wintersportler die ganze Saison aufrecht erhalten. Trotz dieser schwierigen Ausgangslage wurde dennoch kr\u00e4ftig investiert: F\u00fcr 2021\/22 flossen insgesamt 55 Millionen Euro in den Erhalt und den weiteren Ausbau von Qualit\u00e4t, Sicherheit und Komfort der Anlagen, alleine 40 davon in die Zehnergondelbahn Kreischberg. Nicht nur in Sachen Infrastruktur ist man f\u00fcr die n\u00e4chste Saison gut ger\u00fcstet, sondern auch was die Corona-Sicherheit betrifft. Wie angek\u00fcndigt, soll in den Seilbahnen die 3-G-Regel und in Gondeln zus\u00e4tzlich eine FFP-2-Maskenpflicht gelten, Kapazit\u00e4tsbeschr\u00e4nkungen wie im Vorjahr sind nicht mehr geplant. Gefragt sei jetzt die Politik, so Fabrice Girardoni, Obmann der steirischen Seilbahnen: Die Branche pocht auf eine rasche Verordnung mit den genauen Details.<\/strong><\/p><p>Mit St\u00e4rke, Gelassenheit und wirtschaftlichem Vorausblick haben die steirischen Seilbahnen die Katastrophen-Saison 2020\/21 durchtaucht. Die Umsatzzahlen im Corona-Jahr waren in der Tat d\u00fcster im Vergleich zu den vorangegangenen Jahren: Nach einem Rekord von 114,1 Millionen Euro in der Saison 2019 waren es im Corona-Winter nur noch 21,6 Millionen \u2013 das ist ein Minus von \u00fcber 80 Prozent. \u201eCorona war f\u00fcr uns ein Schreckensszenario\u201c, res\u00fcmiert Fabrice Girardoni, Fachgruppenobmann der steirischen Seilbahnen. \u201eAls \u00f6ffentliches Verkehrsmittel mussten wir permanent offen halten, trotz weniger G\u00e4ste und nur mit einem Bruchteil des Umsatzes.\u201c Dass die Branche diesen Schlag gut \u00fcberstanden hat, ist dem wirtschaftlichen Geschick zu verdanken, mit dem in den Jahren zuvor gearbeitet wurde: \u201eWir blicken auf viele erfolgreiche Jahre vor Corona zur\u00fcck, haben gut gearbeitet und vorausschauend investiert. Nur so konnten wir die Krise \u00fcberstehen und sind f\u00fcr die heurige Saison bestens ger\u00fcstet\u201c, so Girardoni.<\/p><p><strong>Trotz Krisenjahr mussten Seilbahnen 55 Millionen investieren<\/strong><\/p><p>Umfassende Investitionen in den Ausbau von Qualit\u00e4t, Sicherheit und Komfort sowie in den Neubau von Seilbahnanlagen waren auch in der Krisensituation notwendig: Insgesamt flossen 55 Millionen Euro in den Erhalt und Bau von Seilbahnanlagen und Infrastruktur. \u201eDie wirtschaftliche Planung l\u00e4uft \u00fcber viele Jahre, Corona hin oder her \u2013 unsere Branche musste da irgendwie durch\u201c, beschreibt Girardoni die Hartn\u00e4ckigkeit und Entschlossenheit der Betriebe. Allein 40 Millionen Euro flossen in das Skigebiet Kreischberg. \u201eDiese Investitionen sichern die Zukunft der steirischen Skigebiete, machen sie krisenfest und sorgen f\u00fcr Arbeitspl\u00e4tze und Wertsch\u00f6pfung in den Regionen\u201c, so Girardoni.<\/p><p><strong>371,6 Millionen Euro Wertsch\u00f6pfung \u2013 vor der Krise<\/strong><\/p><p>Die Seilbahnbetriebe mit ihren etwa 1.300 Arbeitspl\u00e4tzen bilden lediglich den Gipfel des Berges an Wertsch\u00f6pfung, den sie generieren: Auf Vorkrisenniveau waren das 371,1 Millionen Euro. Von der Beherbergung \u00fcber den Transport bis zur Gastronomie und dem Sporthandel h\u00e4ngt die gesamte Wertsch\u00f6pfungskette an der Fahrt auf den Berg. Die steirischen Seilbahnen sichern damit insgesamt 6.740 Jobs in den Regionen. Das bedeutet auch gute Einnahmen f\u00fcr die Staatskassen: Allein 104,1 Millionen Euro an Umsatzsteuer wurden vor der Krise abgef\u00fchrt.<\/p><p><strong>Wirtschaftsmotor Seilbahnen tr\u00e4gt Regionen<\/strong><\/p><p>Mit einem Wertsch\u00f6pfungsfaktor von 7,4 erweisen sich die steirischen Seilbahnen als starker Wirtschaftsmotor in den Regionen. Girardoni: \u201eDas bedeutet, dass pro 1.000 Euro an ausgezahlten L\u00f6hnen, Geh\u00e4ltern und Gewinnen 7.400 Euro an Wertsch\u00f6pfung bei anderen Betrieben in der Region entstehen.\u201c Von den Ausgaben, die ein durchschnittlicher Wintersportgast pro Tag t\u00e4tigt, entfallen 30 Prozent auf die Beherbergung, 18 Prozent auf Liftkarten und 16 Prozent auf die Gastronomie.<\/p><p><strong>Corona-Sicherheit: perfekt aufgestellt f\u00fcr den Winter<\/strong><\/p><p>Mit Zuversicht blicken die Seilbahnbetriebe auf den kommenden Winter. \u201eWir begr\u00fc\u00dfen, dass es in der kommenden Saison laut den angek\u00fcndigten Pl\u00e4nen keine Kapazit\u00e4tsbeschr\u00e4nkungen in den Seilbahnen mehr geben soll\u201c, so Girardoni. Im letzten Jahr war nur eine Belegung von maximal 50 Prozent erlaubt. In Sachen Corona-Sicherheit sei man gut aufgestellt, so der Branchenvertreter: Die Erfahrungen der letzten Saison h\u00e4tten gezeigt, dass die steirischen Seilbahnen die Sicherheit der G\u00e4ste garantieren k\u00f6nnen \u2013 es gab in den Skigebieten keinen einzigen Corona-Cluster. Sein Appell gilt jetzt der Politik: \u201eWir brauchen konkrete Ansagen zu geplanten Ma\u00dfnahmen und eine rasche Verordnung, damit unsere Betriebe Planungssicherheit haben.\u201c<\/p><p style=\"text-align: center;\"><strong>Mehr unter: <a href=\"http:\/\/www.wko.at\/branchen\/stmk\/transport-verkehr\/seilbahnen\/start.html\" target=\"_blank\" rel=\"noopener\">www.wko.at\/branchen\/stmk\/transport-verkehr\/seilbahnen\/start.html<\/a><\/strong><\/p>\t\t\t\t\t\t\t\t<\/div>\n\t\t\t\t<\/div>\n\t\t\t\t\t<\/div>\n\t\t<\/div>\n\t\t\t\t\t<\/div>\n\t\t<\/section>\n\t\t\t\t<section class=\"elementor-section elementor-top-section elementor-element elementor-element-b9f1f40 elementor-section-boxed elementor-section-height-default elementor-section-height-default\" data-id=\"b9f1f40\" data-element_type=\"section\">\n\t\t\t\t\t\t<div class=\"elementor-container elementor-column-gap-default\">\n\t\t\t\t\t<div class=\"elementor-column elementor-col-100 elementor-top-column elementor-element elementor-element-16661c3e\" data-id=\"16661c3e\" data-element_type=\"column\">\n\t\t\t<div class=\"elementor-widget-wrap elementor-element-populated\">\n\t\t\t\t\t\t<div class=\"elementor-element elementor-element-6b2918e8 elementor-widget-divider--view-line elementor-widget elementor-widget-divider\" data-id=\"6b2918e8\" data-element_type=\"widget\" data-widget_type=\"divider.default\">\n\t\t\t\t<div class=\"elementor-widget-container\">\n\t\t\t\t\t\t\t<div class=\"elementor-divider\">\n\t\t\t<span class=\"elementor-divider-separator\">\n\t\t\t\t\t\t<\/span>\n\t\t<\/div>\n\t\t\t\t\t\t<\/div>\n\t\t\t\t<\/div>\n\t\t\t\t\t<\/div>\n\t\t<\/div>\n\t\t\t\t\t<\/div>\n\t\t<\/section>\n\t\t\t\t<\/div>\n\t\t","protected":false},"excerpt":{"rendered":"<p>F\u00fcr die Wintersaison ger\u00fcstet: die steirischen SeilbahnenTrotz Corona haben steirische Seilbahnen 55 Millionen Euro investiert Die Corona-Saison 2020\/2021 war f\u00fcr die steirischen Seilbahnen eine enorme Belastungsprobe: Obwohl die Pandemie die Ums\u00e4tze um \u00fcber 80 Prozent einbrechen lie\u00df, haben die Bahnen den Betrieb f\u00fcr die Wintersportler die ganze Saison aufrecht erhalten. Trotz dieser schwierigen Ausgangslage wurde [&hellip;]<\/p>\n","protected":false},"author":1,"featured_media":1894,"comment_status":"open","ping_status":"open","sticky":false,"template":"","format":"standard","meta":{"ocean_post_layout":"","ocean_both_sidebars_style":"","ocean_both_sidebars_content_width":0,"ocean_both_sidebars_sidebars_width":0,"ocean_sidebar":"0","ocean_second_sidebar":"0","ocean_disable_margins":"enable","ocean_add_body_class":"","ocean_shortcode_before_top_bar":"","ocean_shortcode_after_top_bar":"","ocean_shortcode_before_header":"","ocean_shortcode_after_header":"","ocean_has_shortcode":"","ocean_shortcode_after_title":"","ocean_shortcode_before_footer_widgets":"","ocean_shortcode_after_footer_widgets":"","ocean_shortcode_before_footer_bottom":"","ocean_shortcode_after_footer_bottom":"","ocean_display_top_bar":"default","ocean_display_header":"default","ocean_header_style":"","ocean_center_header_left_menu":"0","ocean_custom_header_template":"0","ocean_custom_logo":0,"ocean_custom_retina_logo":0,"ocean_custom_logo_max_width":0,"ocean_custom_logo_tablet_max_width":0,"ocean_custom_logo_mobile_max_width":0,"ocean_custom_logo_max_height":0,"ocean_custom_logo_tablet_max_height":0,"ocean_custom_logo_mobile_max_height":0,"ocean_header_custom_menu":"0","ocean_menu_typo_font_family":"0","ocean_menu_typo_font_subset":"","ocean_menu_typo_font_size":0,"ocean_menu_typo_font_size_tablet":0,"ocean_menu_typo_font_size_mobile":0,"ocean_menu_typo_font_size_unit":"px","ocean_menu_typo_font_weight":"","ocean_menu_typo_font_weight_tablet":"","ocean_menu_typo_font_weight_mobile":"","ocean_menu_typo_transform":"","ocean_menu_typo_transform_tablet":"","ocean_menu_typo_transform_mobile":"","ocean_menu_typo_line_height":0,"ocean_menu_typo_line_height_tablet":0,"ocean_menu_typo_line_height_mobile":0,"ocean_menu_typo_line_height_unit":"","ocean_menu_typo_spacing":0,"ocean_menu_typo_spacing_tablet":0,"ocean_menu_typo_spacing_mobile":0,"ocean_menu_typo_spacing_unit":"","ocean_menu_link_color":"","ocean_menu_link_color_hover":"","ocean_menu_link_color_active":"","ocean_menu_link_background":"","ocean_menu_link_hover_background":"","ocean_menu_link_active_background":"","ocean_menu_social_links_bg":"","ocean_menu_social_hover_links_bg":"","ocean_menu_social_links_color":"","ocean_menu_social_hover_links_color":"","ocean_disable_title":"on","ocean_disable_heading":"default","ocean_post_title":"","ocean_post_subheading":"","ocean_post_title_style":"","ocean_post_title_background_color":"","ocean_post_title_background":0,"ocean_post_title_bg_image_position":"","ocean_post_title_bg_image_attachment":"","ocean_post_title_bg_image_repeat":"","ocean_post_title_bg_image_size":"","ocean_post_title_height":0,"ocean_post_title_bg_overlay":0.5,"ocean_post_title_bg_overlay_color":"","ocean_disable_breadcrumbs":"off","ocean_breadcrumbs_color":"","ocean_breadcrumbs_separator_color":"","ocean_breadcrumbs_links_color":"","ocean_breadcrumbs_links_hover_color":"","ocean_display_footer_widgets":"default","ocean_display_footer_bottom":"default","ocean_custom_footer_template":"0","osh_disable_topbar_sticky":"default","osh_disable_header_sticky":"default","osh_sticky_header_style":"default","osh_sticky_header_effect":"","osh_custom_sticky_logo":0,"osh_custom_retina_sticky_logo":0,"osh_custom_sticky_logo_height":0,"osh_background_color":"","osh_links_color":"","osh_links_hover_color":"","osh_links_active_color":"","osh_links_bg_color":"","osh_links_hover_bg_color":"","osh_links_active_bg_color":"","osh_menu_social_links_color":"","osh_menu_social_hover_links_color":"","ocean_post_oembed":"","ocean_post_self_hosted_media":"","ocean_post_video_embed":"","ocean_link_format":"","ocean_link_format_target":"self","ocean_quote_format":"","ocean_quote_format_link":"post","ocean_gallery_link_images":"off","ocean_gallery_id":[],"footnotes":""},"categories":[21],"tags":[136],"class_list":["post-1893","post","type-post","status-publish","format-standard","has-post-thumbnail","hentry","category-specials","tag-specials","entry","has-media"],"_links":{"self":[{"href":"https:\/\/www.sichere-steiermark.at\/index.php?rest_route=\/wp\/v2\/posts\/1893","targetHints":{"allow":["GET"]}}],"collection":[{"href":"https:\/\/www.sichere-steiermark.at\/index.php?rest_route=\/wp\/v2\/posts"}],"about":[{"href":"https:\/\/www.sichere-steiermark.at\/index.php?rest_route=\/wp\/v2\/types\/post"}],"author":[{"embeddable":true,"href":"https:\/\/www.sichere-steiermark.at\/index.php?rest_route=\/wp\/v2\/users\/1"}],"replies":[{"embeddable":true,"href":"https:\/\/www.sichere-steiermark.at\/index.php?rest_route=%2Fwp%2Fv2%2Fcomments&post=1893"}],"version-history":[{"count":7,"href":"https:\/\/www.sichere-steiermark.at\/index.php?rest_route=\/wp\/v2\/posts\/1893\/revisions"}],"predecessor-version":[{"id":1903,"href":"https:\/\/www.sichere-steiermark.at\/index.php?rest_route=\/wp\/v2\/posts\/1893\/revisions\/1903"}],"wp:featuredmedia":[{"embeddable":true,"href":"https:\/\/www.sichere-steiermark.at\/index.php?rest_route=\/wp\/v2\/media\/1894"}],"wp:attachment":[{"href":"https:\/\/www.sichere-steiermark.at\/index.php?rest_route=%2Fwp%2Fv2%2Fmedia&parent=1893"}],"wp:term":[{"taxonomy":"category","embeddable":true,"href":"https:\/\/www.sichere-steiermark.at\/index.php?rest_route=%2Fwp%2Fv2%2Fcategories&post=1893"},{"taxonomy":"post_tag","embeddable":true,"href":"https:\/\/www.sichere-steiermark.at\/index.php?rest_route=%2Fwp%2Fv2%2Ftags&post=1893"}],"curies":[{"name":"wp","href":"https:\/\/api.w.org\/{rel}","templated":true}]}}