{"id":1996,"date":"2021-12-15T18:04:04","date_gmt":"2021-12-15T17:04:04","guid":{"rendered":"https:\/\/www.sichere-steiermark.at\/?p=1996"},"modified":"2021-12-15T18:09:27","modified_gmt":"2021-12-15T17:09:27","slug":"eine-neue-marke-bei-vogl-co","status":"publish","type":"post","link":"https:\/\/www.sichere-steiermark.at\/?p=1996","title":{"rendered":"Eine neue Marke bei VOGL + CO"},"content":{"rendered":"\t\t<div data-elementor-type=\"wp-post\" data-elementor-id=\"1996\" class=\"elementor elementor-1996\" data-elementor-post-type=\"post\">\n\t\t\t\t\t\t<section class=\"elementor-section elementor-top-section elementor-element elementor-element-461126c1 elementor-section-boxed elementor-section-height-default elementor-section-height-default\" data-id=\"461126c1\" data-element_type=\"section\">\n\t\t\t\t\t\t<div class=\"elementor-container elementor-column-gap-default\">\n\t\t\t\t\t<div class=\"elementor-column elementor-col-100 elementor-top-column elementor-element elementor-element-18df1291\" data-id=\"18df1291\" data-element_type=\"column\">\n\t\t\t<div class=\"elementor-widget-wrap elementor-element-populated\">\n\t\t\t\t\t\t<div class=\"elementor-element elementor-element-5d2320ed elementor-widget elementor-widget-theme-post-featured-image elementor-widget-image\" data-id=\"5d2320ed\" data-element_type=\"widget\" data-widget_type=\"theme-post-featured-image.default\">\n\t\t\t\t<div class=\"elementor-widget-container\">\n\t\t\t\t\t\t\t\t\t\t\t\t<figure class=\"wp-caption\">\n\t\t\t\t\t\t\t\t\t\t<img fetchpriority=\"high\" decoding=\"async\" width=\"1024\" height=\"683\" src=\"https:\/\/www.sichere-steiermark.at\/wp-content\/uploads\/2021\/12\/hyundai_voglco_hauptbild-1024x683.jpg\" class=\"attachment-large size-large wp-image-1997\" alt=\"\" srcset=\"https:\/\/www.sichere-steiermark.at\/wp-content\/uploads\/2021\/12\/hyundai_voglco_hauptbild-1024x683.jpg 1024w, https:\/\/www.sichere-steiermark.at\/wp-content\/uploads\/2021\/12\/hyundai_voglco_hauptbild-300x200.jpg 300w, https:\/\/www.sichere-steiermark.at\/wp-content\/uploads\/2021\/12\/hyundai_voglco_hauptbild-768x512.jpg 768w, https:\/\/www.sichere-steiermark.at\/wp-content\/uploads\/2021\/12\/hyundai_voglco_hauptbild.jpg 1200w\" sizes=\"(max-width: 1024px) 100vw, 1024px\" \/>\t\t\t\t\t\t\t\t\t\t\t<figcaption class=\"widget-image-caption wp-caption-text\"><\/figcaption>\n\t\t\t\t\t\t\t\t\t\t<\/figure>\n\t\t\t\t\t\t\t\t\t<\/div>\n\t\t\t\t<\/div>\n\t\t\t\t\t<\/div>\n\t\t<\/div>\n\t\t\t\t\t<\/div>\n\t\t<\/section>\n\t\t\t\t<section class=\"elementor-section elementor-top-section elementor-element elementor-element-16ece5fa elementor-section-boxed elementor-section-height-default elementor-section-height-default\" data-id=\"16ece5fa\" data-element_type=\"section\">\n\t\t\t\t\t\t<div class=\"elementor-container elementor-column-gap-default\">\n\t\t\t\t\t<div class=\"elementor-column elementor-col-100 elementor-top-column elementor-element elementor-element-1cccc986\" data-id=\"1cccc986\" data-element_type=\"column\">\n\t\t\t<div class=\"elementor-widget-wrap elementor-element-populated\">\n\t\t\t\t\t\t<div class=\"elementor-element elementor-element-18cd67a0 elementor-widget elementor-widget-theme-post-title elementor-page-title elementor-widget-heading\" data-id=\"18cd67a0\" data-element_type=\"widget\" data-widget_type=\"theme-post-title.default\">\n\t\t\t\t<div class=\"elementor-widget-container\">\n\t\t\t\t\t<h1 class=\"elementor-heading-title elementor-size-xl\">Eine neue Marke bei VOGL + CO<\/h1>\t\t\t\t<\/div>\n\t\t\t\t<\/div>\n\t\t\t\t\t<\/div>\n\t\t<\/div>\n\t\t\t\t\t<\/div>\n\t\t<\/section>\n\t\t\t\t<section class=\"elementor-section elementor-top-section elementor-element elementor-element-7dfc2299 elementor-section-boxed elementor-section-height-default elementor-section-height-default\" data-id=\"7dfc2299\" data-element_type=\"section\">\n\t\t\t\t\t\t<div class=\"elementor-container elementor-column-gap-default\">\n\t\t\t\t\t<div class=\"elementor-column elementor-col-100 elementor-top-column elementor-element elementor-element-2cc789d9\" data-id=\"2cc789d9\" data-element_type=\"column\">\n\t\t\t<div class=\"elementor-widget-wrap elementor-element-populated\">\n\t\t\t\t\t\t<div class=\"elementor-element elementor-element-6c34595f elementor-widget elementor-widget-text-editor\" data-id=\"6c34595f\" data-element_type=\"widget\" data-widget_type=\"text-editor.default\">\n\t\t\t\t<div class=\"elementor-widget-container\">\n\t\t\t\t\t\t\t\t\t<h3>Ab sofort ist auch Hyundai an 5 VOGL + CO-Standorten erh\u00e4ltlich.<\/h3><p><strong>Ein Pionier in E-Mobilit\u00e4t<\/strong><\/p><p>Was Hyundai so besonders macht, ist seine durch und durch innovative Ausrichtung. Zum Beispiel ist es mit dem IONIQ 5 dank 800-Volt-Ladetechnologie, die sonst aktuell nur im Porsche Tycan zu finden ist, gelungen, eine Ladeleistung f\u00fcr knapp 600 Kilometer Reichweite von 80 Prozent in 20 Minuten zu erreichen.<\/p><p>Kein anderer Hersteller hat ein breiter gef\u00e4chertes Angebot alternativer Antriebe. Der Gro\u00dfteil der Fahrzeuge in Europa wurde elektrifiziert, 85 Prozent werden in Europa produziert.<\/p><p><strong>Zahlreiche Vorteile<\/strong><\/p><p>Der Vorteil f\u00fcr Unternehmerinnen und Unternehmer sowie Privatpersonen liegt auf der Hand: Elektrofahrzeuge werden kr\u00e4ftig gef\u00f6rdert, rein elektrisch sind sie NoVA-befreit, als Firmenfahrzeug vorsteuerabzugsf\u00e4hig und von der motorbezogenen Versicherungssteuer ausgenommen. Auch entf\u00e4llt bei Privatnutzung der Sachbezug. <br \/>Weitere Vorteile f\u00fcr Kundinnen und Kunden ergeben sich durch das faire Preis-Leistungs-Verh\u00e4ltnis und f\u00fcnf Jahre Garantie beim Autokauf.<\/p><p><strong>Auto-Abo als Alternative<\/strong><\/p><p>Autos jeglichen Antriebs sind bei <br \/>VOGL + CO aber nicht nur klassisch \u00fcber Kauf oder Leasing zu beziehen. <br \/>Viele Modelle von Hyundai und der anderer Marken k\u00f6nnen auch im Auto-Abo gemietet werden und sorgen f\u00fcr nachhaltige Mobilit\u00e4t, Kostenkontrolle und volle Flexibilit\u00e4t. <br \/>So kann ein Fahrzeug bereits nach sechs Monaten ohne Restwertrisiko oder der l\u00e4stigen Suche nach einem passenden Abnehmer zur\u00fcckgegeben werden und bei Bedarf gegen ein anderes Wunschfahrzeug getauscht werden.<\/p><p><strong>Tolle Start-Angebote<\/strong><\/p><p>Zum Auftakt der neuen Hyundai-Partnerschaft hat VOGL + CO auch schon ein eigenes Sondermodell in Aktion: Der Hyundai Tucson Trendline mit 150 PS und Schaltgetriebe wartet mit Versicherungsbonus ab 31.990 Euro (Listenpreis 38.210 Euro) oder als Diesel 4&#215;4 Automatik mit 136 PS und Versicherungsbonus ab 37.990 Euro (Listenpreis 45.210 Euro) im Schauraum auf eine Probefahrt. <br \/>Der vollelektrische Hyundai IONIQ ist alternativ zum Kauf im Auto-Abo zum Kennenlern-Mietpreis ab 690 Euro pro Monat zu haben.<\/p>\t\t\t\t\t\t\t\t<\/div>\n\t\t\t\t<\/div>\n\t\t\t\t\t<\/div>\n\t\t<\/div>\n\t\t\t\t\t<\/div>\n\t\t<\/section>\n\t\t\t\t<section class=\"elementor-section elementor-top-section elementor-element elementor-element-5d4aadde elementor-section-boxed elementor-section-height-default elementor-section-height-default\" data-id=\"5d4aadde\" data-element_type=\"section\">\n\t\t\t\t\t\t<div class=\"elementor-container elementor-column-gap-default\">\n\t\t\t\t\t<div class=\"elementor-column elementor-col-100 elementor-top-column elementor-element elementor-element-25a7945\" data-id=\"25a7945\" data-element_type=\"column\">\n\t\t\t<div class=\"elementor-widget-wrap elementor-element-populated\">\n\t\t\t\t\t\t<div class=\"elementor-element elementor-element-6f2d0ee2 elementor-widget-divider--view-line elementor-widget elementor-widget-divider\" data-id=\"6f2d0ee2\" data-element_type=\"widget\" data-widget_type=\"divider.default\">\n\t\t\t\t<div class=\"elementor-widget-container\">\n\t\t\t\t\t\t\t<div class=\"elementor-divider\">\n\t\t\t<span class=\"elementor-divider-separator\">\n\t\t\t\t\t\t<\/span>\n\t\t<\/div>\n\t\t\t\t\t\t<\/div>\n\t\t\t\t<\/div>\n\t\t\t\t\t<\/div>\n\t\t<\/div>\n\t\t\t\t\t<\/div>\n\t\t<\/section>\n\t\t\t\t<section class=\"elementor-section elementor-top-section elementor-element elementor-element-e588f00 elementor-section-boxed elementor-section-height-default elementor-section-height-default\" data-id=\"e588f00\" data-element_type=\"section\">\n\t\t\t\t\t\t<div class=\"elementor-container elementor-column-gap-default\">\n\t\t\t\t\t<div class=\"elementor-column elementor-col-50 elementor-top-column elementor-element elementor-element-dbdc9c8\" data-id=\"dbdc9c8\" data-element_type=\"column\">\n\t\t\t<div class=\"elementor-widget-wrap elementor-element-populated\">\n\t\t\t\t\t\t<div class=\"elementor-element elementor-element-f820f45 elementor-widget elementor-widget-image\" data-id=\"f820f45\" data-element_type=\"widget\" data-widget_type=\"image.default\">\n\t\t\t\t<div class=\"elementor-widget-container\">\n\t\t\t\t\t\t\t\t\t\t\t\t<figure class=\"wp-caption\">\n\t\t\t\t\t\t\t\t\t\t<img decoding=\"async\" width=\"1024\" height=\"683\" src=\"https:\/\/www.sichere-steiermark.at\/wp-content\/uploads\/2021\/12\/hyundai_voglco_1_rafael_krammer-1024x683.jpg\" class=\"attachment-large size-large wp-image-1998\" alt=\"\" srcset=\"https:\/\/www.sichere-steiermark.at\/wp-content\/uploads\/2021\/12\/hyundai_voglco_1_rafael_krammer-1024x683.jpg 1024w, https:\/\/www.sichere-steiermark.at\/wp-content\/uploads\/2021\/12\/hyundai_voglco_1_rafael_krammer-300x200.jpg 300w, https:\/\/www.sichere-steiermark.at\/wp-content\/uploads\/2021\/12\/hyundai_voglco_1_rafael_krammer-768x512.jpg 768w, https:\/\/www.sichere-steiermark.at\/wp-content\/uploads\/2021\/12\/hyundai_voglco_1_rafael_krammer.jpg 1200w\" sizes=\"(max-width: 1024px) 100vw, 1024px\" \/>\t\t\t\t\t\t\t\t\t\t\t<figcaption class=\"widget-image-caption wp-caption-text\">Rafael Krammer  Markenleiter Hyundai, VOGL + CO<\/figcaption>\n\t\t\t\t\t\t\t\t\t\t<\/figure>\n\t\t\t\t\t\t\t\t\t<\/div>\n\t\t\t\t<\/div>\n\t\t\t\t\t<\/div>\n\t\t<\/div>\n\t\t\t\t<div class=\"elementor-column elementor-col-50 elementor-top-column elementor-element elementor-element-a1795d3\" data-id=\"a1795d3\" data-element_type=\"column\">\n\t\t\t<div class=\"elementor-widget-wrap elementor-element-populated\">\n\t\t\t\t\t\t<div class=\"elementor-element elementor-element-6db14f5 elementor-widget elementor-widget-text-editor\" data-id=\"6db14f5\" data-element_type=\"widget\" data-widget_type=\"text-editor.default\">\n\t\t\t\t<div class=\"elementor-widget-container\">\n\t\t\t\t\t\t\t\t\t<h3>INTERVIEW<br \/>Ein Standort mit gro\u00dfem Angebot<\/h3><p><strong>SST: Sie strahlen, verraten Sie warum?<\/strong> <br \/><em>Rafel Krammer: Weil wir ab sofort Hyundai im Angebot haben und diese Marke einfach sensationell ist. Design, Technologie, Preis-Leistungs-Verh\u00e4ltnis, Modell und Antriebsauswahl \u2013 da passt einfach alles.<\/em><\/p><p><strong>Wie viele Hyundai-Modelle haben Sie im Programm?<\/strong> <br \/><em>Alle 24 Modelle mit den Antriebsarten Benzin, Diesel, Elektro, Hybrid und Plug-in-Hybrid. Leider sprengt diese \u2009Vielfalt unsere r\u00e4umlichen Kapazit\u00e4ten, wir beraten, konfigurieren, bestellen und servicieren aber jedes Modell!<\/em><\/p><p><strong>Stichwort Service: Sind Sie jetzt auch eine Hyundai-Werkstatt?<\/strong><br \/><em>Genau. Unsere Kfz-Techniker sind bestens geschult und f\u00fchren s\u00e4mtliche Werkstatt- und Service-Leistungen durch. Das beginnt beim klassischen Jahresservice, dem Reifenwechsel und der Pickerl\u00fcberpr\u00fcfung \u2013 wir bieten aber auch Unterboden- und Hohlraumschutz, Motor-Spezialreinigungen und Klimaservice.<\/em><\/p><p><strong>Womit k\u00f6nnen Ihre Standorte noch dienen?<\/strong><br \/><em>Da m\u00f6chten wir neben unserem Auto-Abo tats\u00e4chlich noch eine Werkstatt-Leistung herausheben. Wenn der Hagel Ihr Auto kalt erwischt, lassen wir s\u00e4mtliche Dellen und Beulen wieder verschwinden: Wir bieten alle Karosserie- und Lackreparaturen an. Und sollten Sie nicht wissen, wohin mit den Winter- oder Sommerreifen: Wir lagern diese gerne f\u00fcr Sie ein.<\/em><\/p>\t\t\t\t\t\t\t\t<\/div>\n\t\t\t\t<\/div>\n\t\t\t\t\t<\/div>\n\t\t<\/div>\n\t\t\t\t\t<\/div>\n\t\t<\/section>\n\t\t\t\t<section class=\"elementor-section elementor-top-section elementor-element elementor-element-6c97d18 elementor-section-boxed elementor-section-height-default elementor-section-height-default\" data-id=\"6c97d18\" data-element_type=\"section\">\n\t\t\t\t\t\t<div class=\"elementor-container elementor-column-gap-default\">\n\t\t\t\t\t<div class=\"elementor-column elementor-col-100 elementor-top-column elementor-element elementor-element-39955a9f\" data-id=\"39955a9f\" data-element_type=\"column\">\n\t\t\t<div class=\"elementor-widget-wrap elementor-element-populated\">\n\t\t\t\t\t\t<div class=\"elementor-element elementor-element-24cb5052 elementor-align-center elementor-widget elementor-widget-button\" data-id=\"24cb5052\" data-element_type=\"widget\" data-widget_type=\"button.default\">\n\t\t\t\t<div class=\"elementor-widget-container\">\n\t\t\t\t\t\t\t\t\t<div class=\"elementor-button-wrapper\">\n\t\t\t\t\t<a class=\"elementor-button elementor-button-link elementor-size-xs\" href=\"https:\/\/www.vogl-auto.at\/fahrzeuge\/all\/hyundai\" target=\"_blank\">\n\t\t\t\t\t\t<span class=\"elementor-button-content-wrapper\">\n\t\t\t\t\t\t\t\t\t<span class=\"elementor-button-text\">Vogl + Co<\/span>\n\t\t\t\t\t<\/span>\n\t\t\t\t\t<\/a>\n\t\t\t\t<\/div>\n\t\t\t\t\t\t\t\t<\/div>\n\t\t\t\t<\/div>\n\t\t\t\t\t<\/div>\n\t\t<\/div>\n\t\t\t\t\t<\/div>\n\t\t<\/section>\n\t\t\t\t<\/div>\n\t\t","protected":false},"excerpt":{"rendered":"<p>Ab sofort ist auch Hyundai an 5 VOGL + CO-Standorten erh\u00e4ltlich. Ein Pionier in E-Mobilit\u00e4t Was Hyundai so besonders macht, ist seine durch und durch innovative Ausrichtung. Zum Beispiel ist es mit dem IONIQ 5 dank 800-Volt-Ladetechnologie, die sonst aktuell nur im Porsche Tycan zu finden ist, gelungen, eine Ladeleistung f\u00fcr knapp 600 Kilometer Reichweite [&hellip;]<\/p>\n","protected":false},"author":1,"featured_media":1997,"comment_status":"open","ping_status":"open","sticky":false,"template":"","format":"standard","meta":{"ocean_post_layout":"","ocean_both_sidebars_style":"","ocean_both_sidebars_content_width":0,"ocean_both_sidebars_sidebars_width":0,"ocean_sidebar":"0","ocean_second_sidebar":"0","ocean_disable_margins":"enable","ocean_add_body_class":"","ocean_shortcode_before_top_bar":"","ocean_shortcode_after_top_bar":"","ocean_shortcode_before_header":"","ocean_shortcode_after_header":"","ocean_has_shortcode":"","ocean_shortcode_after_title":"","ocean_shortcode_before_footer_widgets":"","ocean_shortcode_after_footer_widgets":"","ocean_shortcode_before_footer_bottom":"","ocean_shortcode_after_footer_bottom":"","ocean_display_top_bar":"default","ocean_display_header":"default","ocean_header_style":"","ocean_center_header_left_menu":"0","ocean_custom_header_template":"0","ocean_custom_logo":0,"ocean_custom_retina_logo":0,"ocean_custom_logo_max_width":0,"ocean_custom_logo_tablet_max_width":0,"ocean_custom_logo_mobile_max_width":0,"ocean_custom_logo_max_height":0,"ocean_custom_logo_tablet_max_height":0,"ocean_custom_logo_mobile_max_height":0,"ocean_header_custom_menu":"0","ocean_menu_typo_font_family":"0","ocean_menu_typo_font_subset":"","ocean_menu_typo_font_size":0,"ocean_menu_typo_font_size_tablet":0,"ocean_menu_typo_font_size_mobile":0,"ocean_menu_typo_font_size_unit":"px","ocean_menu_typo_font_weight":"","ocean_menu_typo_font_weight_tablet":"","ocean_menu_typo_font_weight_mobile":"","ocean_menu_typo_transform":"","ocean_menu_typo_transform_tablet":"","ocean_menu_typo_transform_mobile":"","ocean_menu_typo_line_height":0,"ocean_menu_typo_line_height_tablet":0,"ocean_menu_typo_line_height_mobile":0,"ocean_menu_typo_line_height_unit":"","ocean_menu_typo_spacing":0,"ocean_menu_typo_spacing_tablet":0,"ocean_menu_typo_spacing_mobile":0,"ocean_menu_typo_spacing_unit":"","ocean_menu_link_color":"","ocean_menu_link_color_hover":"","ocean_menu_link_color_active":"","ocean_menu_link_background":"","ocean_menu_link_hover_background":"","ocean_menu_link_active_background":"","ocean_menu_social_links_bg":"","ocean_menu_social_hover_links_bg":"","ocean_menu_social_links_color":"","ocean_menu_social_hover_links_color":"","ocean_disable_title":"on","ocean_disable_heading":"default","ocean_post_title":"","ocean_post_subheading":"","ocean_post_title_style":"","ocean_post_title_background_color":"","ocean_post_title_background":0,"ocean_post_title_bg_image_position":"","ocean_post_title_bg_image_attachment":"","ocean_post_title_bg_image_repeat":"","ocean_post_title_bg_image_size":"","ocean_post_title_height":0,"ocean_post_title_bg_overlay":0.5,"ocean_post_title_bg_overlay_color":"","ocean_disable_breadcrumbs":"off","ocean_breadcrumbs_color":"","ocean_breadcrumbs_separator_color":"","ocean_breadcrumbs_links_color":"","ocean_breadcrumbs_links_hover_color":"","ocean_display_footer_widgets":"default","ocean_display_footer_bottom":"default","ocean_custom_footer_template":"0","osh_disable_topbar_sticky":"default","osh_disable_header_sticky":"default","osh_sticky_header_style":"default","osh_sticky_header_effect":"","osh_custom_sticky_logo":0,"osh_custom_retina_sticky_logo":0,"osh_custom_sticky_logo_height":0,"osh_background_color":"","osh_links_color":"","osh_links_hover_color":"","osh_links_active_color":"","osh_links_bg_color":"","osh_links_hover_bg_color":"","osh_links_active_bg_color":"","osh_menu_social_links_color":"","osh_menu_social_hover_links_color":"","ocean_post_oembed":"","ocean_post_self_hosted_media":"","ocean_post_video_embed":"","ocean_link_format":"","ocean_link_format_target":"self","ocean_quote_format":"","ocean_quote_format_link":"post","ocean_gallery_link_images":"off","ocean_gallery_id":[],"footnotes":""},"categories":[7],"tags":[150,126],"class_list":["post-1996","post","type-post","status-publish","format-standard","has-post-thumbnail","hentry","category-autos","tag-autos","tag-hyundai","entry","has-media"],"_links":{"self":[{"href":"https:\/\/www.sichere-steiermark.at\/index.php?rest_route=\/wp\/v2\/posts\/1996","targetHints":{"allow":["GET"]}}],"collection":[{"href":"https:\/\/www.sichere-steiermark.at\/index.php?rest_route=\/wp\/v2\/posts"}],"about":[{"href":"https:\/\/www.sichere-steiermark.at\/index.php?rest_route=\/wp\/v2\/types\/post"}],"author":[{"embeddable":true,"href":"https:\/\/www.sichere-steiermark.at\/index.php?rest_route=\/wp\/v2\/users\/1"}],"replies":[{"embeddable":true,"href":"https:\/\/www.sichere-steiermark.at\/index.php?rest_route=%2Fwp%2Fv2%2Fcomments&post=1996"}],"version-history":[{"count":4,"href":"https:\/\/www.sichere-steiermark.at\/index.php?rest_route=\/wp\/v2\/posts\/1996\/revisions"}],"predecessor-version":[{"id":2003,"href":"https:\/\/www.sichere-steiermark.at\/index.php?rest_route=\/wp\/v2\/posts\/1996\/revisions\/2003"}],"wp:featuredmedia":[{"embeddable":true,"href":"https:\/\/www.sichere-steiermark.at\/index.php?rest_route=\/wp\/v2\/media\/1997"}],"wp:attachment":[{"href":"https:\/\/www.sichere-steiermark.at\/index.php?rest_route=%2Fwp%2Fv2%2Fmedia&parent=1996"}],"wp:term":[{"taxonomy":"category","embeddable":true,"href":"https:\/\/www.sichere-steiermark.at\/index.php?rest_route=%2Fwp%2Fv2%2Fcategories&post=1996"},{"taxonomy":"post_tag","embeddable":true,"href":"https:\/\/www.sichere-steiermark.at\/index.php?rest_route=%2Fwp%2Fv2%2Ftags&post=1996"}],"curies":[{"name":"wp","href":"https:\/\/api.w.org\/{rel}","templated":true}]}}