{"id":2006,"date":"2021-12-16T09:36:42","date_gmt":"2021-12-16T08:36:42","guid":{"rendered":"https:\/\/www.sichere-steiermark.at\/?p=2006"},"modified":"2021-12-16T09:53:55","modified_gmt":"2021-12-16T08:53:55","slug":"die-steirischen-pistenguetesiegel","status":"publish","type":"post","link":"https:\/\/www.sichere-steiermark.at\/?p=2006","title":{"rendered":"Die Steirischen Pisteng\u00fctesiegel"},"content":{"rendered":"\t\t<div data-elementor-type=\"wp-post\" data-elementor-id=\"2006\" class=\"elementor elementor-2006\" data-elementor-post-type=\"post\">\n\t\t\t\t\t\t<section class=\"elementor-section elementor-top-section elementor-element elementor-element-3ce851b elementor-section-boxed elementor-section-height-default elementor-section-height-default\" data-id=\"3ce851b\" data-element_type=\"section\">\n\t\t\t\t\t\t<div class=\"elementor-container elementor-column-gap-default\">\n\t\t\t\t\t<div class=\"elementor-column elementor-col-100 elementor-top-column elementor-element elementor-element-5fb52950\" data-id=\"5fb52950\" data-element_type=\"column\">\n\t\t\t<div class=\"elementor-widget-wrap elementor-element-populated\">\n\t\t\t\t\t\t<div class=\"elementor-element elementor-element-4f61579 elementor-widget elementor-widget-theme-post-featured-image elementor-widget-image\" data-id=\"4f61579\" data-element_type=\"widget\" data-widget_type=\"theme-post-featured-image.default\">\n\t\t\t\t<div class=\"elementor-widget-container\">\n\t\t\t\t\t\t\t\t\t\t\t\t<figure class=\"wp-caption\">\n\t\t\t\t\t\t\t\t\t\t<img fetchpriority=\"high\" decoding=\"async\" width=\"1024\" height=\"683\" src=\"https:\/\/www.sichere-steiermark.at\/wp-content\/uploads\/2021\/12\/pistenguetesiegel_hauptbild-1024x683.jpg\" class=\"attachment-large size-large wp-image-2008\" alt=\"\" srcset=\"https:\/\/www.sichere-steiermark.at\/wp-content\/uploads\/2021\/12\/pistenguetesiegel_hauptbild-1024x683.jpg 1024w, https:\/\/www.sichere-steiermark.at\/wp-content\/uploads\/2021\/12\/pistenguetesiegel_hauptbild-300x200.jpg 300w, https:\/\/www.sichere-steiermark.at\/wp-content\/uploads\/2021\/12\/pistenguetesiegel_hauptbild-768x512.jpg 768w, https:\/\/www.sichere-steiermark.at\/wp-content\/uploads\/2021\/12\/pistenguetesiegel_hauptbild.jpg 1200w\" sizes=\"(max-width: 1024px) 100vw, 1024px\" \/>\t\t\t\t\t\t\t\t\t\t\t<figcaption class=\"widget-image-caption wp-caption-text\"> Fotos: \u00a9 Lunghammer (2) | WKO-Steiermark-Pr\u00e4sident Josef Herk und Landesr\u00e4tin Barbara Eibinger-Miedl (v.l.) gratulieren gemeinsam mit Fachgruppenobmann Fabrice Giradoni (r.) Skilifte-Kleinlobming-Betriebsleiter Christoph Leitner (3.v.l.) und Gaaler-Lifte-Gesch\u00e4ftsf\u00fchrer Thomas Hopf zur erstmaligen Verleihung des Pisteng\u00fctesiegels.<\/figcaption>\n\t\t\t\t\t\t\t\t\t\t<\/figure>\n\t\t\t\t\t\t\t\t\t<\/div>\n\t\t\t\t<\/div>\n\t\t\t\t\t<\/div>\n\t\t<\/div>\n\t\t\t\t\t<\/div>\n\t\t<\/section>\n\t\t\t\t<section class=\"elementor-section elementor-top-section elementor-element elementor-element-742d1db8 elementor-section-boxed elementor-section-height-default elementor-section-height-default\" data-id=\"742d1db8\" data-element_type=\"section\">\n\t\t\t\t\t\t<div class=\"elementor-container elementor-column-gap-default\">\n\t\t\t\t\t<div class=\"elementor-column elementor-col-100 elementor-top-column elementor-element elementor-element-326aa960\" data-id=\"326aa960\" data-element_type=\"column\">\n\t\t\t<div class=\"elementor-widget-wrap elementor-element-populated\">\n\t\t\t\t\t\t<div class=\"elementor-element elementor-element-1c825af6 elementor-widget elementor-widget-theme-post-title elementor-page-title elementor-widget-heading\" data-id=\"1c825af6\" data-element_type=\"widget\" data-widget_type=\"theme-post-title.default\">\n\t\t\t\t<div class=\"elementor-widget-container\">\n\t\t\t\t\t<h1 class=\"elementor-heading-title elementor-size-xl\">Die Steirischen Pisteng\u00fctesiegel<\/h1>\t\t\t\t<\/div>\n\t\t\t\t<\/div>\n\t\t\t\t\t<\/div>\n\t\t<\/div>\n\t\t\t\t\t<\/div>\n\t\t<\/section>\n\t\t\t\t<section class=\"elementor-section elementor-top-section elementor-element elementor-element-143b5a66 elementor-section-boxed elementor-section-height-default elementor-section-height-default\" data-id=\"143b5a66\" data-element_type=\"section\">\n\t\t\t\t\t\t<div class=\"elementor-container elementor-column-gap-default\">\n\t\t\t\t\t<div class=\"elementor-column elementor-col-100 elementor-top-column elementor-element elementor-element-11c5f938\" data-id=\"11c5f938\" data-element_type=\"column\">\n\t\t\t<div class=\"elementor-widget-wrap elementor-element-populated\">\n\t\t\t\t\t\t<div class=\"elementor-element elementor-element-68f6903 elementor-widget elementor-widget-text-editor\" data-id=\"68f6903\" data-element_type=\"widget\" data-widget_type=\"text-editor.default\">\n\t\t\t\t<div class=\"elementor-widget-container\">\n\t\t\t\t\t\t\t\t\t<h2>16 Skigebiete mit dem \u201eSteirischen Pisteng\u00fctesiegel\u201c ausgezeichnet<\/h2><h4>Das Steirische Pisteng\u00fctesiegel, der \u201eOscar\u201c der Seilbahnbetriebe, geht heuer an insgesamt 16 steirische Skigebiete, die sich gerade in herausfordernden Zeiten wie diesen \u00fcber die begehrte Auszeichnung freuen. 12 davon sind eigentlich schon 2020 ausgezeichnet worden \u2013 coronabedingt wurde die Verleihung heuer nachgeholt.<\/h4><h4>\u201eDas Pisteng\u00fctesiegel steht f\u00fcr h\u00f6chste Qualit\u00e4t, Sicherheit und Vertrauen am Berg ebenso wie f\u00fcr Vielseitigkeit und Innovationskraft und belegt damit die herausragende Arbeit unserer Unternehmen, gerade auch in Zeiten der Krise\u201c, gratulierte Fachgruppenobmann Fabrice Girardoni den Preistr\u00e4gerinnen und Preistr\u00e4gern.<\/h4>\t\t\t\t\t\t\t\t<\/div>\n\t\t\t\t<\/div>\n\t\t\t\t\t<\/div>\n\t\t<\/div>\n\t\t\t\t\t<\/div>\n\t\t<\/section>\n\t\t\t\t<section class=\"elementor-section elementor-top-section elementor-element elementor-element-bc0893f elementor-section-boxed elementor-section-height-default elementor-section-height-default\" data-id=\"bc0893f\" data-element_type=\"section\">\n\t\t\t\t\t\t<div class=\"elementor-container elementor-column-gap-default\">\n\t\t\t\t\t<div class=\"elementor-column elementor-col-100 elementor-top-column elementor-element elementor-element-99dafdd\" data-id=\"99dafdd\" data-element_type=\"column\">\n\t\t\t<div class=\"elementor-widget-wrap elementor-element-populated\">\n\t\t\t\t\t\t<div class=\"elementor-element elementor-element-20e77b9 elementor-widget elementor-widget-text-editor\" data-id=\"20e77b9\" data-element_type=\"widget\" data-widget_type=\"text-editor.default\">\n\t\t\t\t<div class=\"elementor-widget-container\">\n\t\t\t\t\t\t\t\t\t<h2 style=\"text-align: center;\">Die neu ausgezeichneten Skigebiete sind: <\/h2>\t\t\t\t\t\t\t\t<\/div>\n\t\t\t\t<\/div>\n\t\t\t\t\t<\/div>\n\t\t<\/div>\n\t\t\t\t\t<\/div>\n\t\t<\/section>\n\t\t\t\t<section class=\"elementor-section elementor-top-section elementor-element elementor-element-d60d85c elementor-section-boxed elementor-section-height-default elementor-section-height-default\" data-id=\"d60d85c\" data-element_type=\"section\">\n\t\t\t\t\t\t<div class=\"elementor-container elementor-column-gap-default\">\n\t\t\t\t\t<div class=\"elementor-column elementor-col-25 elementor-top-column elementor-element elementor-element-7f879db\" data-id=\"7f879db\" data-element_type=\"column\">\n\t\t\t<div class=\"elementor-widget-wrap elementor-element-populated\">\n\t\t\t\t\t\t<div class=\"elementor-element elementor-element-2eac52a elementor-widget elementor-widget-text-editor\" data-id=\"2eac52a\" data-element_type=\"widget\" data-widget_type=\"text-editor.default\">\n\t\t\t\t<div class=\"elementor-widget-container\">\n\t\t\t\t\t\t\t\t\t<p>Eingebettet in ein wundersch\u00f6nes Bergpanorama an der sonnigsten Seite des M\u00fcrztales, bietet <strong>das Skigebiet Brunnalm Hohe Veitsch<\/strong> 17 perfekt pr\u00e4parierte Pisten mit 12 Kilometern L\u00e4nge und einen wundersch\u00f6nen Ausblick in das M\u00fcrztal. Die moderne Beschneiungsanlage sorgt f\u00fcr Schneegarantie ab Dezember bis Ende M\u00e4rz.<\/p>\t\t\t\t\t\t\t\t<\/div>\n\t\t\t\t<\/div>\n\t\t\t\t\t<\/div>\n\t\t<\/div>\n\t\t\t\t<div class=\"elementor-column elementor-col-25 elementor-top-column elementor-element elementor-element-3b14a32\" data-id=\"3b14a32\" data-element_type=\"column\">\n\t\t\t<div class=\"elementor-widget-wrap elementor-element-populated\">\n\t\t\t\t\t\t<div class=\"elementor-element elementor-element-8ca950e elementor-widget elementor-widget-text-editor\" data-id=\"8ca950e\" data-element_type=\"widget\" data-widget_type=\"text-editor.default\">\n\t\t\t\t<div class=\"elementor-widget-container\">\n\t\t\t\t\t\t\t\t\t<p><strong>Hohentauern<\/strong> ist seit 1949 ein traditionsreiches Familien-Skigebiet. Mit seinen 11 Kilometern bestens pr\u00e4parierten Pisten und mit insgesamt 30 Hektar Pistenfl\u00e4che k\u00f6nnen sich vom Anf\u00e4nger bis zum erfahrenen Profi alle geh\u00f6rig austoben.<\/p>\t\t\t\t\t\t\t\t<\/div>\n\t\t\t\t<\/div>\n\t\t\t\t\t<\/div>\n\t\t<\/div>\n\t\t\t\t<div class=\"elementor-column elementor-col-25 elementor-top-column elementor-element elementor-element-fd65d77\" data-id=\"fd65d77\" data-element_type=\"column\">\n\t\t\t<div class=\"elementor-widget-wrap elementor-element-populated\">\n\t\t\t\t\t\t<div class=\"elementor-element elementor-element-35e21b0 elementor-widget elementor-widget-text-editor\" data-id=\"35e21b0\" data-element_type=\"widget\" data-widget_type=\"text-editor.default\">\n\t\t\t\t<div class=\"elementor-widget-container\">\n\t\t\t\t\t\t\t\t\t<p>Auf 2.200 Metern Seeh\u00f6he wartet das h\u00f6chstgelegene Ski- und Bergdorf der Steiermark auf Wintersportbegeisterte: Die <strong>Planneralm<\/strong> bietet 16 Kilometer Piste, verteilt auf acht Pisten und Routen, mit je zwei Sessel- und Seilbahnen.<\/p>\t\t\t\t\t\t\t\t<\/div>\n\t\t\t\t<\/div>\n\t\t\t\t\t<\/div>\n\t\t<\/div>\n\t\t\t\t<div class=\"elementor-column elementor-col-25 elementor-top-column elementor-element elementor-element-2cdd9dd\" data-id=\"2cdd9dd\" data-element_type=\"column\">\n\t\t\t<div class=\"elementor-widget-wrap elementor-element-populated\">\n\t\t\t\t\t\t<div class=\"elementor-element elementor-element-3a6bc7f elementor-widget elementor-widget-text-editor\" data-id=\"3a6bc7f\" data-element_type=\"widget\" data-widget_type=\"text-editor.default\">\n\t\t\t\t<div class=\"elementor-widget-container\">\n\t\t\t\t\t\t\t\t\t<p>Das sportliche Ski- und Rodelgebiet <strong>Salzstiegl<\/strong> ist eines der Preistr\u00e4ger von 2020. Mit seinen f\u00fcnf Schleppliften und zwei Kinderliften liegt es in der Gemeinde Hirschegg im Bezirk Voitsberg und Bezirk Murtal.<\/p>\t\t\t\t\t\t\t\t<\/div>\n\t\t\t\t<\/div>\n\t\t\t\t\t<\/div>\n\t\t<\/div>\n\t\t\t\t\t<\/div>\n\t\t<\/section>\n\t\t\t\t<section class=\"elementor-section elementor-top-section elementor-element elementor-element-1715da7a elementor-section-boxed elementor-section-height-default elementor-section-height-default\" data-id=\"1715da7a\" data-element_type=\"section\">\n\t\t\t\t\t\t<div class=\"elementor-container elementor-column-gap-default\">\n\t\t\t\t\t<div class=\"elementor-column elementor-col-100 elementor-top-column elementor-element elementor-element-6600c24b\" data-id=\"6600c24b\" data-element_type=\"column\">\n\t\t\t<div class=\"elementor-widget-wrap elementor-element-populated\">\n\t\t\t\t\t\t<div class=\"elementor-element elementor-element-7d947393 elementor-widget-divider--view-line elementor-widget elementor-widget-divider\" data-id=\"7d947393\" data-element_type=\"widget\" data-widget_type=\"divider.default\">\n\t\t\t\t<div class=\"elementor-widget-container\">\n\t\t\t\t\t\t\t<div class=\"elementor-divider\">\n\t\t\t<span class=\"elementor-divider-separator\">\n\t\t\t\t\t\t<\/span>\n\t\t<\/div>\n\t\t\t\t\t\t<\/div>\n\t\t\t\t<\/div>\n\t\t\t\t\t<\/div>\n\t\t<\/div>\n\t\t\t\t\t<\/div>\n\t\t<\/section>\n\t\t\t\t<section class=\"elementor-section elementor-top-section elementor-element elementor-element-355e8d9 elementor-section-boxed elementor-section-height-default elementor-section-height-default\" data-id=\"355e8d9\" data-element_type=\"section\">\n\t\t\t\t\t\t<div class=\"elementor-container elementor-column-gap-default\">\n\t\t\t\t\t<div class=\"elementor-column elementor-col-25 elementor-top-column elementor-element elementor-element-92fa6b0\" data-id=\"92fa6b0\" data-element_type=\"column\">\n\t\t\t<div class=\"elementor-widget-wrap elementor-element-populated\">\n\t\t\t\t\t\t<div class=\"elementor-element elementor-element-4f3a55d elementor-widget elementor-widget-text-editor\" data-id=\"4f3a55d\" data-element_type=\"widget\" data-widget_type=\"text-editor.default\">\n\t\t\t\t<div class=\"elementor-widget-container\">\n\t\t\t\t\t\t\t\t\t<p>Kinder sind die Stars am <strong>Familienskiberg St. Jakob im Walde<\/strong>: Im \u00fcbersichtlichen Familienskigebiet mit sechs Pisten auf vier Kilometern, Rumpel-die-Pumpel-Bahn und dem einzigartigen Durchfahr-WC sausen kleine und gro\u00dfe Rennfahrer die H\u00e4nge hinunter.<\/p>\t\t\t\t\t\t\t\t<\/div>\n\t\t\t\t<\/div>\n\t\t\t\t\t<\/div>\n\t\t<\/div>\n\t\t\t\t<div class=\"elementor-column elementor-col-25 elementor-top-column elementor-element elementor-element-d987f00\" data-id=\"d987f00\" data-element_type=\"column\">\n\t\t\t<div class=\"elementor-widget-wrap elementor-element-populated\">\n\t\t\t\t\t\t<div class=\"elementor-element elementor-element-a0bbbc6 elementor-widget elementor-widget-text-editor\" data-id=\"a0bbbc6\" data-element_type=\"widget\" data-widget_type=\"text-editor.default\">\n\t\t\t\t<div class=\"elementor-widget-container\">\n\t\t\t\t\t\t\t\t\t<p>Am <strong>Kalchberg in Obdach<\/strong> wartet der Ski-Charme von fr\u00fcher auf die G\u00e4ste: Ein Schlepplift, zwei vollbeschneite Abfahrten (2,6 km), g\u00fcnstige Tarife, \u00dcbungslift f\u00fcr die Kleinen und famili\u00e4re Atmosph\u00e4re sind die Antwort auf teure, protzige und \u00fcberf\u00fcllte Skigebiete.<\/p>\t\t\t\t\t\t\t\t<\/div>\n\t\t\t\t<\/div>\n\t\t\t\t\t<\/div>\n\t\t<\/div>\n\t\t\t\t<div class=\"elementor-column elementor-col-25 elementor-top-column elementor-element elementor-element-feae810\" data-id=\"feae810\" data-element_type=\"column\">\n\t\t\t<div class=\"elementor-widget-wrap elementor-element-populated\">\n\t\t\t\t\t\t<div class=\"elementor-element elementor-element-1067b3d elementor-widget elementor-widget-text-editor\" data-id=\"1067b3d\" data-element_type=\"widget\" data-widget_type=\"text-editor.default\">\n\t\t\t\t<div class=\"elementor-widget-container\">\n\t\t\t\t\t\t\t\t\t<p>\u201eAufffi aufn echten Berg\u201c lautet der Slogan der <strong>Pr\u00e4bichl Bergbahnen<\/strong> in den Eisenerzer Alpen. Das Familienskigebiet in der Erlebnisregion Erzberg Leoben mit herrlichen Familienabfahrten, top pr\u00e4parierten Carvingpisten, rassigen Abfahrten vom \u201ePolster\u201c bis zum herzhaften Erlebnis im Tiefschnee, bietet alles was das Skisport-Herz begehrt.<\/p>\t\t\t\t\t\t\t\t<\/div>\n\t\t\t\t<\/div>\n\t\t\t\t\t<\/div>\n\t\t<\/div>\n\t\t\t\t<div class=\"elementor-column elementor-col-25 elementor-top-column elementor-element elementor-element-a2829af\" data-id=\"a2829af\" data-element_type=\"column\">\n\t\t\t<div class=\"elementor-widget-wrap elementor-element-populated\">\n\t\t\t\t\t\t<div class=\"elementor-element elementor-element-7ce5a9e elementor-widget elementor-widget-text-editor\" data-id=\"7ce5a9e\" data-element_type=\"widget\" data-widget_type=\"text-editor.default\">\n\t\t\t\t<div class=\"elementor-widget-container\">\n\t\t\t\t\t\t\t\t\t<p>Die <strong>Skiarena<\/strong> <strong>Kleinlobming<\/strong>, eingebettet in der wundersch\u00f6nen Naturkulisse des Lobmingtales bietet alles f\u00fcr einen Skiausflug mit der ganzen Familie: eine toll pr\u00e4parierte Piste, mit speziellen Angeboten f\u00fcr die ganze Familie und mit Nacht-skifahren zum halben Preis.<\/p>\t\t\t\t\t\t\t\t<\/div>\n\t\t\t\t<\/div>\n\t\t\t\t\t<\/div>\n\t\t<\/div>\n\t\t\t\t\t<\/div>\n\t\t<\/section>\n\t\t\t\t<section class=\"elementor-section elementor-top-section elementor-element elementor-element-96406a3 elementor-section-boxed elementor-section-height-default elementor-section-height-default\" data-id=\"96406a3\" data-element_type=\"section\">\n\t\t\t\t\t\t<div class=\"elementor-container elementor-column-gap-default\">\n\t\t\t\t\t<div class=\"elementor-column elementor-col-100 elementor-top-column elementor-element elementor-element-5205720\" data-id=\"5205720\" data-element_type=\"column\">\n\t\t\t<div class=\"elementor-widget-wrap elementor-element-populated\">\n\t\t\t\t\t\t<div class=\"elementor-element elementor-element-fbdf8c7 elementor-widget-divider--view-line elementor-widget elementor-widget-divider\" data-id=\"fbdf8c7\" data-element_type=\"widget\" data-widget_type=\"divider.default\">\n\t\t\t\t<div class=\"elementor-widget-container\">\n\t\t\t\t\t\t\t<div class=\"elementor-divider\">\n\t\t\t<span class=\"elementor-divider-separator\">\n\t\t\t\t\t\t<\/span>\n\t\t<\/div>\n\t\t\t\t\t\t<\/div>\n\t\t\t\t<\/div>\n\t\t\t\t\t<\/div>\n\t\t<\/div>\n\t\t\t\t\t<\/div>\n\t\t<\/section>\n\t\t\t\t<section class=\"elementor-section elementor-top-section elementor-element elementor-element-7bc3e9d elementor-section-boxed elementor-section-height-default elementor-section-height-default\" data-id=\"7bc3e9d\" data-element_type=\"section\">\n\t\t\t\t\t\t<div class=\"elementor-container elementor-column-gap-default\">\n\t\t\t\t\t<div class=\"elementor-column elementor-col-25 elementor-top-column elementor-element elementor-element-f6ec0ac\" data-id=\"f6ec0ac\" data-element_type=\"column\">\n\t\t\t<div class=\"elementor-widget-wrap elementor-element-populated\">\n\t\t\t\t\t\t<div class=\"elementor-element elementor-element-56a25fb elementor-widget elementor-widget-text-editor\" data-id=\"56a25fb\" data-element_type=\"widget\" data-widget_type=\"text-editor.default\">\n\t\t\t\t<div class=\"elementor-widget-container\">\n\t\t\t\t\t\t\t\t\t<p>Das schneesichere <strong>Familien-Skiresort Loser in Altaussee<\/strong> im steirischen Salzkammergut erstreckt sich \u00fcber 1.000 H\u00f6henmeter und bietet ein attraktives Angebot mit 34 hervorragend pr\u00e4parierten Pistenkilometern und nebelfreien Panoramablicken ins Ausseerland und nahe Ober\u00f6sterreich.<\/p>\t\t\t\t\t\t\t\t<\/div>\n\t\t\t\t<\/div>\n\t\t\t\t\t<\/div>\n\t\t<\/div>\n\t\t\t\t<div class=\"elementor-column elementor-col-25 elementor-top-column elementor-element elementor-element-5cf1a3f\" data-id=\"5cf1a3f\" data-element_type=\"column\">\n\t\t\t<div class=\"elementor-widget-wrap elementor-element-populated\">\n\t\t\t\t\t\t<div class=\"elementor-element elementor-element-c6084d9 elementor-widget elementor-widget-text-editor\" data-id=\"c6084d9\" data-element_type=\"widget\" data-widget_type=\"text-editor.default\">\n\t\t\t\t<div class=\"elementor-widget-container\">\n\t\t\t\t\t\t\t\t\t<p>Das kleine, aber feine Skigebiet auf dem herrlichen Hochplateau der <strong>Kaiserau<\/strong> auf rund 1.100 Metern Seeh\u00f6he bietet mit den drei Schleppliften in allen Schwierigkeitsgraden, zwei Zauberteppichen und einem Skikarussell die idealen Voraussetzungen, um Skifahren oder Snowboarden zu lernen oder die F\u00e4higkeiten zu verbessern.<\/p>\t\t\t\t\t\t\t\t<\/div>\n\t\t\t\t<\/div>\n\t\t\t\t\t<\/div>\n\t\t<\/div>\n\t\t\t\t<div class=\"elementor-column elementor-col-25 elementor-top-column elementor-element elementor-element-6867f3e\" data-id=\"6867f3e\" data-element_type=\"column\">\n\t\t\t<div class=\"elementor-widget-wrap elementor-element-populated\">\n\t\t\t\t\t\t<div class=\"elementor-element elementor-element-9a959db elementor-widget elementor-widget-text-editor\" data-id=\"9a959db\" data-element_type=\"widget\" data-widget_type=\"text-editor.default\">\n\t\t\t\t<div class=\"elementor-widget-container\">\n\t\t\t\t\t\t\t\t\t<p>Neu ist auf der <strong>Riesneralm<\/strong> die \u201eKeycard PURE\u201c: ein Premiumticket aus Holz (!) mit einzigartiger Haptik und Maserung. Garantiert kunststofffrei ist dieses Ticket f\u00fcr alle Tagestickets bzw. Saisonkarten verwendbar. Ebenso neu ist der \u201eRiesner-alm Bl\u00e5s-Winter\u201c.<\/p>\t\t\t\t\t\t\t\t<\/div>\n\t\t\t\t<\/div>\n\t\t\t\t\t<\/div>\n\t\t<\/div>\n\t\t\t\t<div class=\"elementor-column elementor-col-25 elementor-top-column elementor-element elementor-element-40866ab\" data-id=\"40866ab\" data-element_type=\"column\">\n\t\t\t<div class=\"elementor-widget-wrap elementor-element-populated\">\n\t\t\t\t\t\t<div class=\"elementor-element elementor-element-d11abee elementor-widget elementor-widget-text-editor\" data-id=\"d11abee\" data-element_type=\"widget\" data-widget_type=\"text-editor.default\">\n\t\t\t\t<div class=\"elementor-widget-container\">\n\t\t\t\t\t\t\t\t\t<p>Die <strong>Tauplitz<\/strong> bietet gro\u00dfes Naturkino. Das gr\u00f6\u00dfte Einzelskigebiet und vielleicht beste Freeride-Gel\u00e4nde in der Steiermark ist sie au\u00dferdem. 43 Pistenkilometer finden sich auf drei Bergen \u2013 dem Mitterstein, Lawinenstein, Schneiderkogel \u2013 und der sie verbindenden Tauplitzalm.<\/p>\t\t\t\t\t\t\t\t<\/div>\n\t\t\t\t<\/div>\n\t\t\t\t\t<\/div>\n\t\t<\/div>\n\t\t\t\t\t<\/div>\n\t\t<\/section>\n\t\t\t\t<section class=\"elementor-section elementor-top-section elementor-element elementor-element-70e0790 elementor-section-boxed elementor-section-height-default elementor-section-height-default\" data-id=\"70e0790\" data-element_type=\"section\">\n\t\t\t\t\t\t<div class=\"elementor-container elementor-column-gap-default\">\n\t\t\t\t\t<div class=\"elementor-column elementor-col-100 elementor-top-column elementor-element elementor-element-8909a6e\" data-id=\"8909a6e\" data-element_type=\"column\">\n\t\t\t<div class=\"elementor-widget-wrap elementor-element-populated\">\n\t\t\t\t\t\t<div class=\"elementor-element elementor-element-1e76bbc elementor-widget-divider--view-line elementor-widget elementor-widget-divider\" data-id=\"1e76bbc\" data-element_type=\"widget\" data-widget_type=\"divider.default\">\n\t\t\t\t<div class=\"elementor-widget-container\">\n\t\t\t\t\t\t\t<div class=\"elementor-divider\">\n\t\t\t<span class=\"elementor-divider-separator\">\n\t\t\t\t\t\t<\/span>\n\t\t<\/div>\n\t\t\t\t\t\t<\/div>\n\t\t\t\t<\/div>\n\t\t\t\t\t<\/div>\n\t\t<\/div>\n\t\t\t\t\t<\/div>\n\t\t<\/section>\n\t\t\t\t<section class=\"elementor-section elementor-top-section elementor-element elementor-element-ae65381 elementor-section-boxed elementor-section-height-default elementor-section-height-default\" data-id=\"ae65381\" data-element_type=\"section\">\n\t\t\t\t\t\t<div class=\"elementor-container elementor-column-gap-default\">\n\t\t\t\t\t<div class=\"elementor-column elementor-col-25 elementor-top-column elementor-element elementor-element-9c08771\" data-id=\"9c08771\" data-element_type=\"column\">\n\t\t\t<div class=\"elementor-widget-wrap elementor-element-populated\">\n\t\t\t\t\t\t<div class=\"elementor-element elementor-element-daa77dd elementor-widget elementor-widget-text-editor\" data-id=\"daa77dd\" data-element_type=\"widget\" data-widget_type=\"text-editor.default\">\n\t\t\t\t<div class=\"elementor-widget-container\">\n\t\t\t\t\t\t\t\t\t<p><strong>Die Gaaler Lifte<\/strong> bieten das innovativste Kinderland und Einsteiger-Areal f\u00fcr Erwachsene. \u2009Auf dem neuen zwei Hektar gro\u00dfen Areal, genannt \u201eSchi GaalaXie\u201c, finden Skibegeisterte und Snowboardfans unendliche M\u00f6glichkeiten.<\/p>\t\t\t\t\t\t\t\t<\/div>\n\t\t\t\t<\/div>\n\t\t\t\t\t<\/div>\n\t\t<\/div>\n\t\t\t\t<div class=\"elementor-column elementor-col-25 elementor-top-column elementor-element elementor-element-bd0c5ff\" data-id=\"bd0c5ff\" data-element_type=\"column\">\n\t\t\t<div class=\"elementor-widget-wrap elementor-element-populated\">\n\t\t\t\t\t\t<div class=\"elementor-element elementor-element-3ce870b elementor-widget elementor-widget-text-editor\" data-id=\"3ce870b\" data-element_type=\"widget\" data-widget_type=\"text-editor.default\">\n\t\t\t\t<div class=\"elementor-widget-container\">\n\t\t\t\t\t\t\t\t\t<p>Der WM-Berg <strong>Kreischberg<\/strong> begeistert mit seinen herrlich breiten, 42 km perfekt gepflegten Pisten in 860 bis 2.120 Metern Seeh\u00f6he.13 Seilbahnen und Lifte sorgen f\u00fcr den bequemen Aufstieg.<\/p>\t\t\t\t\t\t\t\t<\/div>\n\t\t\t\t<\/div>\n\t\t\t\t\t<\/div>\n\t\t<\/div>\n\t\t\t\t<div class=\"elementor-column elementor-col-25 elementor-top-column elementor-element elementor-element-5305d9a\" data-id=\"5305d9a\" data-element_type=\"column\">\n\t\t\t<div class=\"elementor-widget-wrap elementor-element-populated\">\n\t\t\t\t\t\t<div class=\"elementor-element elementor-element-ed8aa65 elementor-widget elementor-widget-text-editor\" data-id=\"ed8aa65\" data-element_type=\"widget\" data-widget_type=\"text-editor.default\">\n\t\t\t\t<div class=\"elementor-widget-container\">\n\t\t\t\t\t\t\t\t\t<p>Neu auf der <strong>Reiteralm<\/strong>, die heuer ihren 50er feiert, ist die moderne Sechser-Sesselbahn, die Schoberbahn. Sie erweitert das Skigebiet, sodass zus\u00e4tzlich eine der sch\u00f6nsten Familienabfahrten der Steiermark neu hinzukommt.<\/p>\t\t\t\t\t\t\t\t<\/div>\n\t\t\t\t<\/div>\n\t\t\t\t\t<\/div>\n\t\t<\/div>\n\t\t\t\t<div class=\"elementor-column elementor-col-25 elementor-top-column elementor-element elementor-element-b9a14be\" data-id=\"b9a14be\" data-element_type=\"column\">\n\t\t\t<div class=\"elementor-widget-wrap elementor-element-populated\">\n\t\t\t\t\t\t<div class=\"elementor-element elementor-element-b4dae72 elementor-widget elementor-widget-text-editor\" data-id=\"b4dae72\" data-element_type=\"widget\" data-widget_type=\"text-editor.default\">\n\t\t\t\t<div class=\"elementor-widget-container\">\n\t\t\t\t\t\t\t\t\t<p>Dank ihrer H\u00f6henlage auf 1.763 m Seeh\u00f6he z\u00e4hlt die <strong>Turracher H\u00f6he<\/strong> zu den schneesichersten Skiregionen \u00d6sterreichs. Skifahrer und Snowboarder zeigen sich von den insgesamt 43 Kilometern schneesicherer Pisten bis auf 2.205 Meter begeistert. Das abwechslungsreiche Angebot auf den Pisten, wie der 1,5 km lange Snowpark mit seinen drei Lines und einer Family-Line, die XXL-Funslope, der Funcross und die Kidsslope z\u00e4hlen zu den umfangreichsten Funmountain-Angeboten \u00d6sterreichs in den l\u00e4ndlichen Regionen.<\/p>\t\t\t\t\t\t\t\t<\/div>\n\t\t\t\t<\/div>\n\t\t\t\t\t<\/div>\n\t\t<\/div>\n\t\t\t\t\t<\/div>\n\t\t<\/section>\n\t\t\t\t<section class=\"elementor-section elementor-top-section elementor-element elementor-element-af1cfc3 elementor-section-boxed elementor-section-height-default elementor-section-height-default\" data-id=\"af1cfc3\" data-element_type=\"section\">\n\t\t\t\t\t\t<div class=\"elementor-container elementor-column-gap-default\">\n\t\t\t\t\t<div class=\"elementor-column elementor-col-100 elementor-top-column elementor-element elementor-element-bafe414\" data-id=\"bafe414\" data-element_type=\"column\">\n\t\t\t<div class=\"elementor-widget-wrap elementor-element-populated\">\n\t\t\t\t\t\t<div class=\"elementor-element elementor-element-5652c7a elementor-widget elementor-widget-image\" data-id=\"5652c7a\" data-element_type=\"widget\" data-widget_type=\"image.default\">\n\t\t\t\t<div class=\"elementor-widget-container\">\n\t\t\t\t\t\t\t\t\t\t\t\t<figure class=\"wp-caption\">\n\t\t\t\t\t\t\t\t\t\t<img decoding=\"async\" width=\"1024\" height=\"683\" src=\"https:\/\/www.sichere-steiermark.at\/wp-content\/uploads\/2021\/12\/pistenguetesiegel_1-1024x683.jpg\" class=\"attachment-large size-large wp-image-2007\" alt=\"\" srcset=\"https:\/\/www.sichere-steiermark.at\/wp-content\/uploads\/2021\/12\/pistenguetesiegel_1-1024x683.jpg 1024w, https:\/\/www.sichere-steiermark.at\/wp-content\/uploads\/2021\/12\/pistenguetesiegel_1-300x200.jpg 300w, https:\/\/www.sichere-steiermark.at\/wp-content\/uploads\/2021\/12\/pistenguetesiegel_1-768x512.jpg 768w, https:\/\/www.sichere-steiermark.at\/wp-content\/uploads\/2021\/12\/pistenguetesiegel_1.jpg 1200w\" sizes=\"(max-width: 1024px) 100vw, 1024px\" \/>\t\t\t\t\t\t\t\t\t\t\t<figcaption class=\"widget-image-caption wp-caption-text\">V.l.n.r.: Mario Lugger, Referat Kommunikation WKO Steiermark; WKO-Steiermark-Pr\u00e4sident Josef Herk; Fachgruppenobmann Fabrice Giradoni; Fachgruppengesch\u00e4ftsf\u00fchrer Oliver K\u00e4fer<\/figcaption>\n\t\t\t\t\t\t\t\t\t\t<\/figure>\n\t\t\t\t\t\t\t\t\t<\/div>\n\t\t\t\t<\/div>\n\t\t\t\t\t<\/div>\n\t\t<\/div>\n\t\t\t\t\t<\/div>\n\t\t<\/section>\n\t\t\t\t<section class=\"elementor-section elementor-top-section elementor-element elementor-element-131c9810 elementor-section-boxed elementor-section-height-default elementor-section-height-default\" data-id=\"131c9810\" data-element_type=\"section\">\n\t\t\t\t\t\t<div class=\"elementor-container elementor-column-gap-default\">\n\t\t\t\t\t<div class=\"elementor-column elementor-col-100 elementor-top-column elementor-element elementor-element-4dd1ff62\" data-id=\"4dd1ff62\" data-element_type=\"column\">\n\t\t\t<div class=\"elementor-widget-wrap elementor-element-populated\">\n\t\t\t\t\t\t<div class=\"elementor-element elementor-element-6d7819bf elementor-align-center elementor-widget elementor-widget-button\" data-id=\"6d7819bf\" data-element_type=\"widget\" data-widget_type=\"button.default\">\n\t\t\t\t<div class=\"elementor-widget-container\">\n\t\t\t\t\t\t\t\t\t<div class=\"elementor-button-wrapper\">\n\t\t\t\t\t<a class=\"elementor-button elementor-button-link elementor-size-xs\" href=\"https:\/\/www.wko.at\/branchen\/stmk\/transport-verkehr\/seilbahnen\/start.html\" target=\"_blank\">\n\t\t\t\t\t\t<span class=\"elementor-button-content-wrapper\">\n\t\t\t\t\t\t\t\t\t<span class=\"elementor-button-text\">WKO Seilbahnen<\/span>\n\t\t\t\t\t<\/span>\n\t\t\t\t\t<\/a>\n\t\t\t\t<\/div>\n\t\t\t\t\t\t\t\t<\/div>\n\t\t\t\t<\/div>\n\t\t\t\t\t<\/div>\n\t\t<\/div>\n\t\t\t\t\t<\/div>\n\t\t<\/section>\n\t\t\t\t<\/div>\n\t\t","protected":false},"excerpt":{"rendered":"<p>16 Skigebiete mit dem \u201eSteirischen Pisteng\u00fctesiegel\u201c ausgezeichnet Das Steirische Pisteng\u00fctesiegel, der \u201eOscar\u201c der Seilbahnbetriebe, geht heuer an insgesamt 16 steirische Skigebiete, die sich gerade in herausfordernden Zeiten wie diesen \u00fcber die begehrte Auszeichnung freuen. 12 davon sind eigentlich schon 2020 ausgezeichnet worden \u2013 coronabedingt wurde die Verleihung heuer nachgeholt. \u201eDas Pisteng\u00fctesiegel steht f\u00fcr h\u00f6chste Qualit\u00e4t, [&hellip;]<\/p>\n","protected":false},"author":1,"featured_media":2008,"comment_status":"open","ping_status":"open","sticky":false,"template":"","format":"standard","meta":{"ocean_post_layout":"","ocean_both_sidebars_style":"","ocean_both_sidebars_content_width":0,"ocean_both_sidebars_sidebars_width":0,"ocean_sidebar":"0","ocean_second_sidebar":"0","ocean_disable_margins":"enable","ocean_add_body_class":"","ocean_shortcode_before_top_bar":"","ocean_shortcode_after_top_bar":"","ocean_shortcode_before_header":"","ocean_shortcode_after_header":"","ocean_has_shortcode":"","ocean_shortcode_after_title":"","ocean_shortcode_before_footer_widgets":"","ocean_shortcode_after_footer_widgets":"","ocean_shortcode_before_footer_bottom":"","ocean_shortcode_after_footer_bottom":"","ocean_display_top_bar":"default","ocean_display_header":"default","ocean_header_style":"","ocean_center_header_left_menu":"0","ocean_custom_header_template":"0","ocean_custom_logo":0,"ocean_custom_retina_logo":0,"ocean_custom_logo_max_width":0,"ocean_custom_logo_tablet_max_width":0,"ocean_custom_logo_mobile_max_width":0,"ocean_custom_logo_max_height":0,"ocean_custom_logo_tablet_max_height":0,"ocean_custom_logo_mobile_max_height":0,"ocean_header_custom_menu":"0","ocean_menu_typo_font_family":"0","ocean_menu_typo_font_subset":"","ocean_menu_typo_font_size":0,"ocean_menu_typo_font_size_tablet":0,"ocean_menu_typo_font_size_mobile":0,"ocean_menu_typo_font_size_unit":"px","ocean_menu_typo_font_weight":"","ocean_menu_typo_font_weight_tablet":"","ocean_menu_typo_font_weight_mobile":"","ocean_menu_typo_transform":"","ocean_menu_typo_transform_tablet":"","ocean_menu_typo_transform_mobile":"","ocean_menu_typo_line_height":0,"ocean_menu_typo_line_height_tablet":0,"ocean_menu_typo_line_height_mobile":0,"ocean_menu_typo_line_height_unit":"","ocean_menu_typo_spacing":0,"ocean_menu_typo_spacing_tablet":0,"ocean_menu_typo_spacing_mobile":0,"ocean_menu_typo_spacing_unit":"","ocean_menu_link_color":"","ocean_menu_link_color_hover":"","ocean_menu_link_color_active":"","ocean_menu_link_background":"","ocean_menu_link_hover_background":"","ocean_menu_link_active_background":"","ocean_menu_social_links_bg":"","ocean_menu_social_hover_links_bg":"","ocean_menu_social_links_color":"","ocean_menu_social_hover_links_color":"","ocean_disable_title":"on","ocean_disable_heading":"default","ocean_post_title":"","ocean_post_subheading":"","ocean_post_title_style":"","ocean_post_title_background_color":"","ocean_post_title_background":0,"ocean_post_title_bg_image_position":"","ocean_post_title_bg_image_attachment":"","ocean_post_title_bg_image_repeat":"","ocean_post_title_bg_image_size":"","ocean_post_title_height":0,"ocean_post_title_bg_overlay":0.5,"ocean_post_title_bg_overlay_color":"","ocean_disable_breadcrumbs":"off","ocean_breadcrumbs_color":"","ocean_breadcrumbs_separator_color":"","ocean_breadcrumbs_links_color":"","ocean_breadcrumbs_links_hover_color":"","ocean_display_footer_widgets":"default","ocean_display_footer_bottom":"default","ocean_custom_footer_template":"0","osh_disable_topbar_sticky":"default","osh_disable_header_sticky":"default","osh_sticky_header_style":"default","osh_sticky_header_effect":"","osh_custom_sticky_logo":0,"osh_custom_retina_sticky_logo":0,"osh_custom_sticky_logo_height":0,"osh_background_color":"","osh_links_color":"","osh_links_hover_color":"","osh_links_active_color":"","osh_links_bg_color":"","osh_links_hover_bg_color":"","osh_links_active_bg_color":"","osh_menu_social_links_color":"","osh_menu_social_hover_links_color":"","ocean_post_oembed":"","ocean_post_self_hosted_media":"","ocean_post_video_embed":"","ocean_link_format":"","ocean_link_format_target":"self","ocean_quote_format":"","ocean_quote_format_link":"post","ocean_gallery_link_images":"off","ocean_gallery_id":[],"footnotes":""},"categories":[21],"tags":[73,113,136],"class_list":["post-2006","post","type-post","status-publish","format-standard","has-post-thumbnail","hentry","category-specials","tag-aktivitaeten","tag-freizeit","tag-specials","entry","has-media"],"_links":{"self":[{"href":"https:\/\/www.sichere-steiermark.at\/index.php?rest_route=\/wp\/v2\/posts\/2006","targetHints":{"allow":["GET"]}}],"collection":[{"href":"https:\/\/www.sichere-steiermark.at\/index.php?rest_route=\/wp\/v2\/posts"}],"about":[{"href":"https:\/\/www.sichere-steiermark.at\/index.php?rest_route=\/wp\/v2\/types\/post"}],"author":[{"embeddable":true,"href":"https:\/\/www.sichere-steiermark.at\/index.php?rest_route=\/wp\/v2\/users\/1"}],"replies":[{"embeddable":true,"href":"https:\/\/www.sichere-steiermark.at\/index.php?rest_route=%2Fwp%2Fv2%2Fcomments&post=2006"}],"version-history":[{"count":13,"href":"https:\/\/www.sichere-steiermark.at\/index.php?rest_route=\/wp\/v2\/posts\/2006\/revisions"}],"predecessor-version":[{"id":2022,"href":"https:\/\/www.sichere-steiermark.at\/index.php?rest_route=\/wp\/v2\/posts\/2006\/revisions\/2022"}],"wp:featuredmedia":[{"embeddable":true,"href":"https:\/\/www.sichere-steiermark.at\/index.php?rest_route=\/wp\/v2\/media\/2008"}],"wp:attachment":[{"href":"https:\/\/www.sichere-steiermark.at\/index.php?rest_route=%2Fwp%2Fv2%2Fmedia&parent=2006"}],"wp:term":[{"taxonomy":"category","embeddable":true,"href":"https:\/\/www.sichere-steiermark.at\/index.php?rest_route=%2Fwp%2Fv2%2Fcategories&post=2006"},{"taxonomy":"post_tag","embeddable":true,"href":"https:\/\/www.sichere-steiermark.at\/index.php?rest_route=%2Fwp%2Fv2%2Ftags&post=2006"}],"curies":[{"name":"wp","href":"https:\/\/api.w.org\/{rel}","templated":true}]}}