{"id":208,"date":"2020-04-03T08:23:00","date_gmt":"2020-04-03T06:23:00","guid":{"rendered":"https:\/\/demo.budflare.com\/simpleblog\/?p=208"},"modified":"2020-10-19T16:16:02","modified_gmt":"2020-10-19T14:16:02","slug":"sed-volutpat-interdum-odio-id-pulvinar-leo-vulputate-et","status":"publish","type":"post","link":"https:\/\/www.sichere-steiermark.at\/?p=208","title":{"rendered":"Mazda CX-30"},"content":{"rendered":"\t\t<div data-elementor-type=\"wp-post\" data-elementor-id=\"208\" class=\"elementor elementor-208\" data-elementor-post-type=\"post\">\n\t\t\t\t\t\t<section class=\"elementor-section elementor-top-section elementor-element elementor-element-c1256ff elementor-section-boxed elementor-section-height-default elementor-section-height-default\" data-id=\"c1256ff\" data-element_type=\"section\">\n\t\t\t\t\t\t<div class=\"elementor-container elementor-column-gap-default\">\n\t\t\t\t\t<div class=\"elementor-column elementor-col-100 elementor-top-column elementor-element elementor-element-87d0e5b\" data-id=\"87d0e5b\" data-element_type=\"column\">\n\t\t\t<div class=\"elementor-widget-wrap elementor-element-populated\">\n\t\t\t\t\t\t<div class=\"elementor-element elementor-element-560e91c elementor-widget elementor-widget-image\" data-id=\"560e91c\" data-element_type=\"widget\" data-widget_type=\"image.default\">\n\t\t\t\t<div class=\"elementor-widget-container\">\n\t\t\t\t\t\t\t\t\t\t\t\t<figure class=\"wp-caption\">\n\t\t\t\t\t\t\t\t\t\t\t<a href=\"https:\/\/www.sichere-steiermark.at\/wp-content\/uploads\/2020\/04\/mazda_cx30_20_01.jpg\" data-elementor-open-lightbox=\"yes\" data-elementor-lightbox-title=\"Foto: Hersteller\" data-e-action-hash=\"#elementor-action%3Aaction%3Dlightbox%26settings%3DeyJpZCI6Mzg2LCJ1cmwiOiJodHRwczpcL1wvd3d3LnNpY2hlcmUtc3RlaWVybWFyay5hdFwvd3AtY29udGVudFwvdXBsb2Fkc1wvMjAyMFwvMDRcL21hemRhX2N4MzBfMjBfMDEuanBnIn0%3D\">\n\t\t\t\t\t\t\t<img fetchpriority=\"high\" decoding=\"async\" width=\"1024\" height=\"683\" src=\"https:\/\/www.sichere-steiermark.at\/wp-content\/uploads\/2020\/04\/mazda_cx30_20_01-1024x683.jpg\" class=\"attachment-large size-large wp-image-386\" alt=\"\" srcset=\"https:\/\/www.sichere-steiermark.at\/wp-content\/uploads\/2020\/04\/mazda_cx30_20_01-1024x683.jpg 1024w, https:\/\/www.sichere-steiermark.at\/wp-content\/uploads\/2020\/04\/mazda_cx30_20_01-300x200.jpg 300w, https:\/\/www.sichere-steiermark.at\/wp-content\/uploads\/2020\/04\/mazda_cx30_20_01-768x512.jpg 768w, https:\/\/www.sichere-steiermark.at\/wp-content\/uploads\/2020\/04\/mazda_cx30_20_01.jpg 1200w\" sizes=\"(max-width: 1024px) 100vw, 1024px\" \/>\t\t\t\t\t\t\t\t<\/a>\n\t\t\t\t\t\t\t\t\t\t\t<figcaption class=\"widget-image-caption wp-caption-text\"><\/figcaption>\n\t\t\t\t\t\t\t\t\t\t<\/figure>\n\t\t\t\t\t\t\t\t\t<\/div>\n\t\t\t\t<\/div>\n\t\t\t\t\t<\/div>\n\t\t<\/div>\n\t\t\t\t\t<\/div>\n\t\t<\/section>\n\t\t\t\t<section class=\"elementor-section elementor-top-section elementor-element elementor-element-37efb68 elementor-section-boxed elementor-section-height-default elementor-section-height-default\" data-id=\"37efb68\" data-element_type=\"section\">\n\t\t\t\t\t\t<div class=\"elementor-container elementor-column-gap-default\">\n\t\t\t\t\t<div class=\"elementor-column elementor-col-100 elementor-top-column elementor-element elementor-element-ce03ccb\" data-id=\"ce03ccb\" data-element_type=\"column\">\n\t\t\t<div class=\"elementor-widget-wrap elementor-element-populated\">\n\t\t\t\t\t\t<div class=\"elementor-element elementor-element-125a8dc elementor-pagination-position-outside elementor-widget elementor-widget-image-carousel\" data-id=\"125a8dc\" data-element_type=\"widget\" data-settings=\"{&quot;slides_to_show&quot;:&quot;3&quot;,&quot;navigation&quot;:&quot;dots&quot;,&quot;autoplay&quot;:&quot;yes&quot;,&quot;pause_on_hover&quot;:&quot;yes&quot;,&quot;pause_on_interaction&quot;:&quot;yes&quot;,&quot;autoplay_speed&quot;:5000,&quot;infinite&quot;:&quot;yes&quot;,&quot;speed&quot;:500}\" data-widget_type=\"image-carousel.default\">\n\t\t\t\t<div class=\"elementor-widget-container\">\n\t\t\t\t\t\t\t<div class=\"elementor-image-carousel-wrapper swiper\" role=\"region\" aria-roledescription=\"carousel\" aria-label=\"Bild Karussell\" dir=\"ltr\">\n\t\t\t<div class=\"elementor-image-carousel swiper-wrapper\" aria-live=\"off\">\n\t\t\t\t\t\t\t\t<div class=\"swiper-slide\" role=\"group\" aria-roledescription=\"slide\" aria-label=\"1 von 7\"><a data-elementor-open-lightbox=\"yes\" data-elementor-lightbox-slideshow=\"125a8dc\" data-elementor-lightbox-title=\"Foto: Hersteller\" data-e-action-hash=\"#elementor-action%3Aaction%3Dlightbox%26settings%3DeyJpZCI6NDkyLCJ1cmwiOiJodHRwczpcL1wvd3d3LnNpY2hlcmUtc3RlaWVybWFyay5hdFwvd3AtY29udGVudFwvdXBsb2Fkc1wvMjAxOFwvMTFcL21hemRhX2N4MzBfMjBfMDcuanBnIiwic2xpZGVzaG93IjoiMTI1YThkYyJ9\" href=\"https:\/\/www.sichere-steiermark.at\/wp-content\/uploads\/2018\/11\/mazda_cx30_20_07.jpg\"><figure class=\"swiper-slide-inner\"><img decoding=\"async\" class=\"swiper-slide-image\" src=\"https:\/\/www.sichere-steiermark.at\/wp-content\/uploads\/2018\/11\/mazda_cx30_20_07-300x200.jpg\" alt=\"Foto: Hersteller\" \/><\/figure><\/a><\/div><div class=\"swiper-slide\" role=\"group\" aria-roledescription=\"slide\" aria-label=\"2 von 7\"><a data-elementor-open-lightbox=\"yes\" data-elementor-lightbox-slideshow=\"125a8dc\" data-elementor-lightbox-title=\"Foto: Hersteller\" data-e-action-hash=\"#elementor-action%3Aaction%3Dlightbox%26settings%3DeyJpZCI6NDkzLCJ1cmwiOiJodHRwczpcL1wvd3d3LnNpY2hlcmUtc3RlaWVybWFyay5hdFwvd3AtY29udGVudFwvdXBsb2Fkc1wvMjAxOFwvMTFcL21hemRhX2N4MzBfMjBfMDguanBnIiwic2xpZGVzaG93IjoiMTI1YThkYyJ9\" href=\"https:\/\/www.sichere-steiermark.at\/wp-content\/uploads\/2018\/11\/mazda_cx30_20_08.jpg\"><figure class=\"swiper-slide-inner\"><img decoding=\"async\" class=\"swiper-slide-image\" src=\"https:\/\/www.sichere-steiermark.at\/wp-content\/uploads\/2018\/11\/mazda_cx30_20_08-300x200.jpg\" alt=\"Foto: Hersteller\" \/><\/figure><\/a><\/div><div class=\"swiper-slide\" role=\"group\" aria-roledescription=\"slide\" aria-label=\"3 von 7\"><a data-elementor-open-lightbox=\"yes\" data-elementor-lightbox-slideshow=\"125a8dc\" data-elementor-lightbox-title=\"Foto: Hersteller\" data-e-action-hash=\"#elementor-action%3Aaction%3Dlightbox%26settings%3DeyJpZCI6NDg5LCJ1cmwiOiJodHRwczpcL1wvd3d3LnNpY2hlcmUtc3RlaWVybWFyay5hdFwvd3AtY29udGVudFwvdXBsb2Fkc1wvMjAxOFwvMTFcL21hemRhX2N4MzBfMjBfMDQuanBnIiwic2xpZGVzaG93IjoiMTI1YThkYyJ9\" href=\"https:\/\/www.sichere-steiermark.at\/wp-content\/uploads\/2018\/11\/mazda_cx30_20_04.jpg\"><figure class=\"swiper-slide-inner\"><img decoding=\"async\" class=\"swiper-slide-image\" src=\"https:\/\/www.sichere-steiermark.at\/wp-content\/uploads\/2018\/11\/mazda_cx30_20_04-300x200.jpg\" alt=\"Foto: Hersteller\" \/><\/figure><\/a><\/div><div class=\"swiper-slide\" role=\"group\" aria-roledescription=\"slide\" aria-label=\"4 von 7\"><a data-elementor-open-lightbox=\"yes\" data-elementor-lightbox-slideshow=\"125a8dc\" data-elementor-lightbox-title=\"Foto: Hersteller\" data-e-action-hash=\"#elementor-action%3Aaction%3Dlightbox%26settings%3DeyJpZCI6NDg4LCJ1cmwiOiJodHRwczpcL1wvd3d3LnNpY2hlcmUtc3RlaWVybWFyay5hdFwvd3AtY29udGVudFwvdXBsb2Fkc1wvMjAxOFwvMTFcL21hemRhX2N4MzBfMjBfMDMuanBnIiwic2xpZGVzaG93IjoiMTI1YThkYyJ9\" href=\"https:\/\/www.sichere-steiermark.at\/wp-content\/uploads\/2018\/11\/mazda_cx30_20_03.jpg\"><figure class=\"swiper-slide-inner\"><img decoding=\"async\" class=\"swiper-slide-image\" src=\"https:\/\/www.sichere-steiermark.at\/wp-content\/uploads\/2018\/11\/mazda_cx30_20_03-300x200.jpg\" alt=\"Foto: Hersteller\" \/><\/figure><\/a><\/div><div class=\"swiper-slide\" role=\"group\" aria-roledescription=\"slide\" aria-label=\"5 von 7\"><a data-elementor-open-lightbox=\"yes\" data-elementor-lightbox-slideshow=\"125a8dc\" data-elementor-lightbox-title=\"Foto: Hersteller\" data-e-action-hash=\"#elementor-action%3Aaction%3Dlightbox%26settings%3DeyJpZCI6NDkxLCJ1cmwiOiJodHRwczpcL1wvd3d3LnNpY2hlcmUtc3RlaWVybWFyay5hdFwvd3AtY29udGVudFwvdXBsb2Fkc1wvMjAxOFwvMTFcL21hemRhX2N4MzBfMjBfMDYuanBnIiwic2xpZGVzaG93IjoiMTI1YThkYyJ9\" href=\"https:\/\/www.sichere-steiermark.at\/wp-content\/uploads\/2018\/11\/mazda_cx30_20_06.jpg\"><figure class=\"swiper-slide-inner\"><img decoding=\"async\" class=\"swiper-slide-image\" src=\"https:\/\/www.sichere-steiermark.at\/wp-content\/uploads\/2018\/11\/mazda_cx30_20_06-300x200.jpg\" alt=\"Foto: Hersteller\" \/><\/figure><\/a><\/div><div class=\"swiper-slide\" role=\"group\" aria-roledescription=\"slide\" aria-label=\"6 von 7\"><a data-elementor-open-lightbox=\"yes\" data-elementor-lightbox-slideshow=\"125a8dc\" data-elementor-lightbox-title=\"Foto: Hersteller\" data-e-action-hash=\"#elementor-action%3Aaction%3Dlightbox%26settings%3DeyJpZCI6NDkwLCJ1cmwiOiJodHRwczpcL1wvd3d3LnNpY2hlcmUtc3RlaWVybWFyay5hdFwvd3AtY29udGVudFwvdXBsb2Fkc1wvMjAxOFwvMTFcL21hemRhX2N4MzBfMjBfMDUuanBnIiwic2xpZGVzaG93IjoiMTI1YThkYyJ9\" href=\"https:\/\/www.sichere-steiermark.at\/wp-content\/uploads\/2018\/11\/mazda_cx30_20_05.jpg\"><figure class=\"swiper-slide-inner\"><img decoding=\"async\" class=\"swiper-slide-image\" src=\"https:\/\/www.sichere-steiermark.at\/wp-content\/uploads\/2018\/11\/mazda_cx30_20_05-300x200.jpg\" alt=\"Foto: Hersteller\" \/><\/figure><\/a><\/div><div class=\"swiper-slide\" role=\"group\" aria-roledescription=\"slide\" aria-label=\"7 von 7\"><a data-elementor-open-lightbox=\"yes\" data-elementor-lightbox-slideshow=\"125a8dc\" data-elementor-lightbox-title=\"Foto: Hersteller\" data-e-action-hash=\"#elementor-action%3Aaction%3Dlightbox%26settings%3DeyJpZCI6NDg3LCJ1cmwiOiJodHRwczpcL1wvd3d3LnNpY2hlcmUtc3RlaWVybWFyay5hdFwvd3AtY29udGVudFwvdXBsb2Fkc1wvMjAxOFwvMTFcL21hemRhX2N4MzBfMjBfMDIuanBnIiwic2xpZGVzaG93IjoiMTI1YThkYyJ9\" href=\"https:\/\/www.sichere-steiermark.at\/wp-content\/uploads\/2018\/11\/mazda_cx30_20_02.jpg\"><figure class=\"swiper-slide-inner\"><img decoding=\"async\" class=\"swiper-slide-image\" src=\"https:\/\/www.sichere-steiermark.at\/wp-content\/uploads\/2018\/11\/mazda_cx30_20_02-300x200.jpg\" alt=\"Foto: Hersteller\" \/><\/figure><\/a><\/div>\t\t\t<\/div>\n\t\t\t\t\t\t\t\n\t\t\t\t\t\t\t\t\t<div class=\"swiper-pagination\"><\/div>\n\t\t\t\t\t\t\t\t\t<\/div>\n\t\t\t\t\t\t<\/div>\n\t\t\t\t<\/div>\n\t\t\t\t\t<\/div>\n\t\t<\/div>\n\t\t\t\t\t<\/div>\n\t\t<\/section>\n\t\t\t\t<section class=\"elementor-section elementor-top-section elementor-element elementor-element-e86ad04 elementor-section-boxed elementor-section-height-default elementor-section-height-default\" data-id=\"e86ad04\" data-element_type=\"section\">\n\t\t\t\t\t\t<div class=\"elementor-container elementor-column-gap-default\">\n\t\t\t\t\t<div class=\"elementor-column elementor-col-100 elementor-top-column elementor-element elementor-element-91a05a9\" data-id=\"91a05a9\" data-element_type=\"column\">\n\t\t\t<div class=\"elementor-widget-wrap elementor-element-populated\">\n\t\t\t\t\t\t<div class=\"elementor-element elementor-element-ddf2654 elementor-widget elementor-widget-theme-post-title elementor-page-title elementor-widget-heading\" data-id=\"ddf2654\" data-element_type=\"widget\" data-widget_type=\"theme-post-title.default\">\n\t\t\t\t<div class=\"elementor-widget-container\">\n\t\t\t\t\t<h1 class=\"elementor-heading-title elementor-size-xxl\">Mazda CX-30<\/h1>\t\t\t\t<\/div>\n\t\t\t\t<\/div>\n\t\t\t\t\t<\/div>\n\t\t<\/div>\n\t\t\t\t\t<\/div>\n\t\t<\/section>\n\t\t\t\t<section class=\"elementor-section elementor-top-section elementor-element elementor-element-3ad8dc8 elementor-section-boxed elementor-section-height-default elementor-section-height-default\" data-id=\"3ad8dc8\" data-element_type=\"section\">\n\t\t\t\t\t\t<div class=\"elementor-container elementor-column-gap-default\">\n\t\t\t\t\t<div class=\"elementor-column elementor-col-100 elementor-top-column elementor-element elementor-element-f756ef5\" data-id=\"f756ef5\" data-element_type=\"column\">\n\t\t\t<div class=\"elementor-widget-wrap elementor-element-populated\">\n\t\t\t\t\t\t<div class=\"elementor-element elementor-element-4a21152 elementor-widget elementor-widget-text-editor\" data-id=\"4a21152\" data-element_type=\"widget\" data-widget_type=\"text-editor.default\">\n\t\t\t\t<div class=\"elementor-widget-container\">\n\t\t\t\t\t\t\t\t\t<h3>Im CX-30 vereint Mazda kompakte Bauweise, gro\u00dfz\u00fcgiges Platzangebot und ein serienm\u00e4\u00dfig hohes Ausstattungsniveau in einem SUV.<\/h3><p>Der neue Kompakt-SUV findet seinen Platz zwischen dem CX-3 und CX-5. Das Front-Styling vermittelt eine raffinierte und k\u00fchne Pers\u00f6nlichkeit. Er pr\u00e4sentiert sich kompakt, \u00fcberzeugt aber mit einem gro\u00dfz\u00fcgigen Platzangebot.<br \/>Die Oberfl\u00e4chen weisen eine besondere Form aus, durch die Lichtreflexe Bewegung erzeugen. Die Scheinwerfer und r\u00fcckw\u00e4rtigen Kombileuchten sind elegant und funktional und verf\u00fcgen \u00fcber eine LED-Anordnung, die die aufw\u00e4ndige zylindrische Form der Lampen unterstreicht.<\/p><p><strong><em>Interieur<\/em><\/strong><br \/>Klare Linien und hochwertige Materialien bestimmen den Innenraum. Das Cockpit ist symmetrisch und bestens auf den Fahrer ausgelegt, die Anordnung der Tasten selbsterkl\u00e4rend. Der durch den Einsatz einer elektrischen Parkbremse mit automatischer Anfahrhilfe freiwerdende Platz begeistert nun mit einer breiten Mittellehne, in die Ablagebox, Becherhalter und Armlehne integriert sind. <br \/>Der CX-30 verf\u00fcgt \u00fcber ein 8,8-Zoll-Breitbild-Center-Display. Es bietet eine vereinfachte Bedienung, die nur die Verwendung der Commander-Steuerung erfordert. Die Bluetooth-Freisprecheinrichtung ist top und Smartphones k\u00f6nnen \u00fcber Apple Carplay oder Android Auto mit dem Bordsystem verbunden werden.<\/p><p><em><strong>Sicherheit<\/strong><\/em><br \/>Der Mazda CX-30 ist bereits in der Basisversion mit zahlreichen Sicherheitstechnologien ausgestattet. Im Bereich der aktiven Sicherheit verf\u00fcgt der neue Mazda nun \u00fcber ein Fahrer\u00fcberwachungssystem, das den Zustand des Fahrers beobachtet. Dar\u00fcber hinaus tragen Fortschritte bei der automatischen Bremstechnik dazu bei, die Sensorf\u00e4higkeit zu verbessern. Notbrems- und Querverkehrs-Assistent arbeiten ebenso gut wie der Totwinkelassistent.<\/p><p><em><strong>Motorenangebot<\/strong><\/em><br \/>Die Motorenpalette des Mazda CX-30 besteht aus den neuesten Skyactiv Diesel- und Benzinmotoren, darunter der neue Skyactiv-X Benzinmotor, der die Vorteile eines konventionellen Benzinmotors mit der Effizienz eines Dieselmotors vereint. Der Mazda CX-30 mit Skyactiv-X Motor ist zus\u00e4tzlich zum Frontantrieb auch mit Allradantrieb verf\u00fcgbar.<\/p>\t\t\t\t\t\t\t\t<\/div>\n\t\t\t\t<\/div>\n\t\t\t\t<div class=\"elementor-element elementor-element-7c57336 elementor-widget-divider--view-line elementor-widget elementor-widget-divider\" data-id=\"7c57336\" data-element_type=\"widget\" data-widget_type=\"divider.default\">\n\t\t\t\t<div class=\"elementor-widget-container\">\n\t\t\t\t\t\t\t<div class=\"elementor-divider\">\n\t\t\t<span class=\"elementor-divider-separator\">\n\t\t\t\t\t\t<\/span>\n\t\t<\/div>\n\t\t\t\t\t\t<\/div>\n\t\t\t\t<\/div>\n\t\t\t\t\t<\/div>\n\t\t<\/div>\n\t\t\t\t\t<\/div>\n\t\t<\/section>\n\t\t\t\t<section class=\"elementor-section elementor-top-section elementor-element elementor-element-2b74848 elementor-section-boxed elementor-section-height-default elementor-section-height-default\" data-id=\"2b74848\" data-element_type=\"section\">\n\t\t\t\t\t\t<div class=\"elementor-container elementor-column-gap-default\">\n\t\t\t\t\t<div class=\"elementor-column elementor-col-33 elementor-top-column elementor-element elementor-element-c247273\" data-id=\"c247273\" data-element_type=\"column\">\n\t\t\t<div class=\"elementor-widget-wrap elementor-element-populated\">\n\t\t\t\t\t\t<div class=\"elementor-element elementor-element-9209fef elementor-align-center elementor-widget elementor-widget-button\" data-id=\"9209fef\" data-element_type=\"widget\" data-widget_type=\"button.default\">\n\t\t\t\t<div class=\"elementor-widget-container\">\n\t\t\t\t\t\t\t\t\t<div class=\"elementor-button-wrapper\">\n\t\t\t\t\t<a class=\"elementor-button elementor-button-link elementor-size-xs\" href=\"http:\/\/www.moser.mazda.at\" target=\"_blank\">\n\t\t\t\t\t\t<span class=\"elementor-button-content-wrapper\">\n\t\t\t\t\t\t\t\t\t<span class=\"elementor-button-text\">Autohaus Moser<\/span>\n\t\t\t\t\t<\/span>\n\t\t\t\t\t<\/a>\n\t\t\t\t<\/div>\n\t\t\t\t\t\t\t\t<\/div>\n\t\t\t\t<\/div>\n\t\t\t\t\t<\/div>\n\t\t<\/div>\n\t\t\t\t<div class=\"elementor-column elementor-col-33 elementor-top-column elementor-element elementor-element-e9c51d7\" data-id=\"e9c51d7\" data-element_type=\"column\">\n\t\t\t<div class=\"elementor-widget-wrap elementor-element-populated\">\n\t\t\t\t\t\t<div class=\"elementor-element elementor-element-06c12ef elementor-align-center elementor-widget elementor-widget-button\" data-id=\"06c12ef\" data-element_type=\"widget\" data-widget_type=\"button.default\">\n\t\t\t\t<div class=\"elementor-widget-container\">\n\t\t\t\t\t\t\t\t\t<div class=\"elementor-button-wrapper\">\n\t\t\t\t\t<a class=\"elementor-button elementor-button-link elementor-size-xs\" href=\"http:\/\/www.krautinger.mazda.at\" target=\"_blank\">\n\t\t\t\t\t\t<span class=\"elementor-button-content-wrapper\">\n\t\t\t\t\t\t\t\t\t<span class=\"elementor-button-text\">Autohaus Krautinger<\/span>\n\t\t\t\t\t<\/span>\n\t\t\t\t\t<\/a>\n\t\t\t\t<\/div>\n\t\t\t\t\t\t\t\t<\/div>\n\t\t\t\t<\/div>\n\t\t\t\t\t<\/div>\n\t\t<\/div>\n\t\t\t\t<div class=\"elementor-column elementor-col-33 elementor-top-column elementor-element elementor-element-5e093f6\" data-id=\"5e093f6\" data-element_type=\"column\">\n\t\t\t<div class=\"elementor-widget-wrap elementor-element-populated\">\n\t\t\t\t\t\t<div class=\"elementor-element elementor-element-cd63ab2 elementor-align-center elementor-widget elementor-widget-button\" data-id=\"cd63ab2\" data-element_type=\"widget\" data-widget_type=\"button.default\">\n\t\t\t\t<div class=\"elementor-widget-container\">\n\t\t\t\t\t\t\t\t\t<div class=\"elementor-button-wrapper\">\n\t\t\t\t\t<a class=\"elementor-button elementor-button-link elementor-size-xs\" href=\"http:\/\/www.peternel.mazda.at\" target=\"_blank\">\n\t\t\t\t\t\t<span class=\"elementor-button-content-wrapper\">\n\t\t\t\t\t\t\t\t\t<span class=\"elementor-button-text\">Autohaus Peternel<\/span>\n\t\t\t\t\t<\/span>\n\t\t\t\t\t<\/a>\n\t\t\t\t<\/div>\n\t\t\t\t\t\t\t\t<\/div>\n\t\t\t\t<\/div>\n\t\t\t\t\t<\/div>\n\t\t<\/div>\n\t\t\t\t\t<\/div>\n\t\t<\/section>\n\t\t\t\t<section class=\"elementor-section elementor-top-section elementor-element elementor-element-fd3fb6d elementor-section-boxed elementor-section-height-default elementor-section-height-default\" data-id=\"fd3fb6d\" data-element_type=\"section\">\n\t\t\t\t\t\t<div class=\"elementor-container elementor-column-gap-default\">\n\t\t\t\t\t<div class=\"elementor-column elementor-col-100 elementor-top-column elementor-element elementor-element-915fb74\" data-id=\"915fb74\" data-element_type=\"column\">\n\t\t\t<div class=\"elementor-widget-wrap\">\n\t\t\t\t\t\t\t<\/div>\n\t\t<\/div>\n\t\t\t\t\t<\/div>\n\t\t<\/section>\n\t\t\t\t<\/div>\n\t\t","protected":false},"excerpt":{"rendered":"<p>Im CX-30 vereint Mazda kompakte Bauweise, gro\u00dfz\u00fcgiges Platzangebot und ein serienm\u00e4\u00dfig hohes Ausstattungsniveau in einem SUV. Der neue Kompakt-SUV findet seinen Platz zwischen dem CX-3 und CX-5. Das Front-Styling vermittelt eine raffinierte und k\u00fchne Pers\u00f6nlichkeit. Er pr\u00e4sentiert sich kompakt, \u00fcberzeugt aber mit einem gro\u00dfz\u00fcgigen Platzangebot. Die Oberfl\u00e4chen weisen eine besondere Form aus, durch die Lichtreflexe [&hellip;]<\/p>\n","protected":false},"author":1,"featured_media":386,"comment_status":"closed","ping_status":"open","sticky":false,"template":"","format":"standard","meta":{"ocean_post_layout":"","ocean_both_sidebars_style":"","ocean_both_sidebars_content_width":0,"ocean_both_sidebars_sidebars_width":0,"ocean_sidebar":"0","ocean_second_sidebar":"0","ocean_disable_margins":"enable","ocean_add_body_class":"","ocean_shortcode_before_top_bar":"","ocean_shortcode_after_top_bar":"","ocean_shortcode_before_header":"","ocean_shortcode_after_header":"","ocean_has_shortcode":"","ocean_shortcode_after_title":"","ocean_shortcode_before_footer_widgets":"","ocean_shortcode_after_footer_widgets":"","ocean_shortcode_before_footer_bottom":"","ocean_shortcode_after_footer_bottom":"","ocean_display_top_bar":"off","ocean_display_header":"default","ocean_header_style":"","ocean_center_header_left_menu":"0","ocean_custom_header_template":"0","ocean_custom_logo":0,"ocean_custom_retina_logo":0,"ocean_custom_logo_max_width":0,"ocean_custom_logo_tablet_max_width":0,"ocean_custom_logo_mobile_max_width":0,"ocean_custom_logo_max_height":0,"ocean_custom_logo_tablet_max_height":0,"ocean_custom_logo_mobile_max_height":0,"ocean_header_custom_menu":"0","ocean_menu_typo_font_family":"0","ocean_menu_typo_font_subset":"","ocean_menu_typo_font_size":0,"ocean_menu_typo_font_size_tablet":0,"ocean_menu_typo_font_size_mobile":0,"ocean_menu_typo_font_size_unit":"px","ocean_menu_typo_font_weight":"","ocean_menu_typo_font_weight_tablet":"","ocean_menu_typo_font_weight_mobile":"","ocean_menu_typo_transform":"","ocean_menu_typo_transform_tablet":"","ocean_menu_typo_transform_mobile":"","ocean_menu_typo_line_height":0,"ocean_menu_typo_line_height_tablet":0,"ocean_menu_typo_line_height_mobile":0,"ocean_menu_typo_line_height_unit":"","ocean_menu_typo_spacing":0,"ocean_menu_typo_spacing_tablet":0,"ocean_menu_typo_spacing_mobile":0,"ocean_menu_typo_spacing_unit":"","ocean_menu_link_color":"","ocean_menu_link_color_hover":"","ocean_menu_link_color_active":"","ocean_menu_link_background":"","ocean_menu_link_hover_background":"","ocean_menu_link_active_background":"","ocean_menu_social_links_bg":"","ocean_menu_social_hover_links_bg":"","ocean_menu_social_links_color":"","ocean_menu_social_hover_links_color":"","ocean_disable_title":"on","ocean_disable_heading":"default","ocean_post_title":"","ocean_post_subheading":"","ocean_post_title_style":"","ocean_post_title_background_color":"","ocean_post_title_background":0,"ocean_post_title_bg_image_position":"","ocean_post_title_bg_image_attachment":"","ocean_post_title_bg_image_repeat":"","ocean_post_title_bg_image_size":"","ocean_post_title_height":0,"ocean_post_title_bg_overlay":0.5,"ocean_post_title_bg_overlay_color":"","ocean_disable_breadcrumbs":"off","ocean_breadcrumbs_color":"","ocean_breadcrumbs_separator_color":"","ocean_breadcrumbs_links_color":"","ocean_breadcrumbs_links_hover_color":"","ocean_display_footer_widgets":"default","ocean_display_footer_bottom":"default","ocean_custom_footer_template":"0","osh_disable_topbar_sticky":"default","osh_disable_header_sticky":"default","osh_sticky_header_style":"default","osh_sticky_header_effect":"","osh_custom_sticky_logo":0,"osh_custom_retina_sticky_logo":0,"osh_custom_sticky_logo_height":0,"osh_background_color":"","osh_links_color":"","osh_links_hover_color":"","osh_links_active_color":"","osh_links_bg_color":"","osh_links_hover_bg_color":"","osh_links_active_bg_color":"","osh_menu_social_links_color":"","osh_menu_social_hover_links_color":"","ocean_post_oembed":"","ocean_post_self_hosted_media":"","ocean_post_video_embed":"","ocean_link_format":"","ocean_link_format_target":"self","ocean_quote_format":"","ocean_quote_format_link":"post","ocean_gallery_link_images":"off","ocean_gallery_id":[],"footnotes":""},"categories":[7],"tags":[29,35,30,31],"class_list":["post-208","post","type-post","status-publish","format-standard","has-post-thumbnail","hentry","category-autos","tag-auto","tag-cx30","tag-mazda","tag-suv","entry","has-media"],"_links":{"self":[{"href":"https:\/\/www.sichere-steiermark.at\/index.php?rest_route=\/wp\/v2\/posts\/208","targetHints":{"allow":["GET"]}}],"collection":[{"href":"https:\/\/www.sichere-steiermark.at\/index.php?rest_route=\/wp\/v2\/posts"}],"about":[{"href":"https:\/\/www.sichere-steiermark.at\/index.php?rest_route=\/wp\/v2\/types\/post"}],"author":[{"embeddable":true,"href":"https:\/\/www.sichere-steiermark.at\/index.php?rest_route=\/wp\/v2\/users\/1"}],"replies":[{"embeddable":true,"href":"https:\/\/www.sichere-steiermark.at\/index.php?rest_route=%2Fwp%2Fv2%2Fcomments&post=208"}],"version-history":[{"count":14,"href":"https:\/\/www.sichere-steiermark.at\/index.php?rest_route=\/wp\/v2\/posts\/208\/revisions"}],"predecessor-version":[{"id":1003,"href":"https:\/\/www.sichere-steiermark.at\/index.php?rest_route=\/wp\/v2\/posts\/208\/revisions\/1003"}],"wp:featuredmedia":[{"embeddable":true,"href":"https:\/\/www.sichere-steiermark.at\/index.php?rest_route=\/wp\/v2\/media\/386"}],"wp:attachment":[{"href":"https:\/\/www.sichere-steiermark.at\/index.php?rest_route=%2Fwp%2Fv2%2Fmedia&parent=208"}],"wp:term":[{"taxonomy":"category","embeddable":true,"href":"https:\/\/www.sichere-steiermark.at\/index.php?rest_route=%2Fwp%2Fv2%2Fcategories&post=208"},{"taxonomy":"post_tag","embeddable":true,"href":"https:\/\/www.sichere-steiermark.at\/index.php?rest_route=%2Fwp%2Fv2%2Ftags&post=208"}],"curies":[{"name":"wp","href":"https:\/\/api.w.org\/{rel}","templated":true}]}}