{"id":2172,"date":"2022-04-06T11:33:09","date_gmt":"2022-04-06T09:33:09","guid":{"rendered":"https:\/\/www.sichere-steiermark.at\/?p=2172"},"modified":"2022-04-06T11:38:32","modified_gmt":"2022-04-06T09:38:32","slug":"mercedes-amg-sl","status":"publish","type":"post","link":"https:\/\/www.sichere-steiermark.at\/?p=2172","title":{"rendered":"Mercedes AMG SL"},"content":{"rendered":"\t\t<div data-elementor-type=\"wp-post\" data-elementor-id=\"2172\" class=\"elementor elementor-2172\" data-elementor-post-type=\"post\">\n\t\t\t\t\t\t<section class=\"elementor-section elementor-top-section elementor-element elementor-element-6e84d5b0 elementor-section-boxed elementor-section-height-default elementor-section-height-default\" data-id=\"6e84d5b0\" data-element_type=\"section\">\n\t\t\t\t\t\t<div class=\"elementor-container elementor-column-gap-default\">\n\t\t\t\t\t<div class=\"elementor-column elementor-col-100 elementor-top-column elementor-element elementor-element-7d6aeb2f\" data-id=\"7d6aeb2f\" data-element_type=\"column\">\n\t\t\t<div class=\"elementor-widget-wrap elementor-element-populated\">\n\t\t\t\t\t\t<div class=\"elementor-element elementor-element-7f05cb2b elementor-widget elementor-widget-theme-post-featured-image elementor-widget-image\" data-id=\"7f05cb2b\" data-element_type=\"widget\" data-widget_type=\"theme-post-featured-image.default\">\n\t\t\t\t<div class=\"elementor-widget-container\">\n\t\t\t\t\t\t\t\t\t\t\t\t<figure class=\"wp-caption\">\n\t\t\t\t\t\t\t\t\t\t<img fetchpriority=\"high\" decoding=\"async\" width=\"1024\" height=\"683\" src=\"https:\/\/www.sichere-steiermark.at\/wp-content\/uploads\/2022\/04\/mercedes_AMG_1-1024x683.jpg\" class=\"attachment-large size-large wp-image-2146\" alt=\"\" srcset=\"https:\/\/www.sichere-steiermark.at\/wp-content\/uploads\/2022\/04\/mercedes_AMG_1-1024x683.jpg 1024w, https:\/\/www.sichere-steiermark.at\/wp-content\/uploads\/2022\/04\/mercedes_AMG_1-300x200.jpg 300w, https:\/\/www.sichere-steiermark.at\/wp-content\/uploads\/2022\/04\/mercedes_AMG_1-768x512.jpg 768w, https:\/\/www.sichere-steiermark.at\/wp-content\/uploads\/2022\/04\/mercedes_AMG_1.jpg 1200w\" sizes=\"(max-width: 1024px) 100vw, 1024px\" \/>\t\t\t\t\t\t\t\t\t\t\t<figcaption class=\"widget-image-caption wp-caption-text\">Fotocredit: Hersteller Merdedes-Benz (5)<\/figcaption>\n\t\t\t\t\t\t\t\t\t\t<\/figure>\n\t\t\t\t\t\t\t\t\t<\/div>\n\t\t\t\t<\/div>\n\t\t\t\t\t<\/div>\n\t\t<\/div>\n\t\t\t\t\t<\/div>\n\t\t<\/section>\n\t\t\t\t<section class=\"elementor-section elementor-top-section elementor-element elementor-element-7371b593 elementor-section-boxed elementor-section-height-default elementor-section-height-default\" data-id=\"7371b593\" data-element_type=\"section\">\n\t\t\t\t\t\t<div class=\"elementor-container elementor-column-gap-default\">\n\t\t\t\t\t<div class=\"elementor-column elementor-col-100 elementor-top-column elementor-element elementor-element-f71046b\" data-id=\"f71046b\" data-element_type=\"column\">\n\t\t\t<div class=\"elementor-widget-wrap elementor-element-populated\">\n\t\t\t\t\t\t<div class=\"elementor-element elementor-element-2f4a4c91 elementor-pagination-position-outside elementor-widget elementor-widget-image-carousel\" data-id=\"2f4a4c91\" data-element_type=\"widget\" data-settings=\"{&quot;slides_to_show&quot;:&quot;3&quot;,&quot;navigation&quot;:&quot;dots&quot;,&quot;autoplay&quot;:&quot;yes&quot;,&quot;pause_on_hover&quot;:&quot;yes&quot;,&quot;pause_on_interaction&quot;:&quot;yes&quot;,&quot;autoplay_speed&quot;:5000,&quot;infinite&quot;:&quot;yes&quot;,&quot;speed&quot;:500}\" data-widget_type=\"image-carousel.default\">\n\t\t\t\t<div class=\"elementor-widget-container\">\n\t\t\t\t\t\t\t<div class=\"elementor-image-carousel-wrapper swiper\" role=\"region\" aria-roledescription=\"carousel\" aria-label=\"Bild Karussell\" dir=\"ltr\">\n\t\t\t<div class=\"elementor-image-carousel swiper-wrapper\" aria-live=\"off\">\n\t\t\t\t\t\t\t\t<div class=\"swiper-slide\" role=\"group\" aria-roledescription=\"slide\" aria-label=\"1 von 4\"><a data-elementor-open-lightbox=\"yes\" data-elementor-lightbox-slideshow=\"2f4a4c91\" data-elementor-lightbox-title=\"mercedes_AMG_2\" data-e-action-hash=\"#elementor-action%3Aaction%3Dlightbox%26settings%3DeyJpZCI6MjE0NywidXJsIjoiaHR0cHM6XC9cL3d3dy5zaWNoZXJlLXN0ZWllcm1hcmsuYXRcL3dwLWNvbnRlbnRcL3VwbG9hZHNcLzIwMjJcLzA0XC9tZXJjZWRlc19BTUdfMi5qcGciLCJzbGlkZXNob3ciOiIyZjRhNGM5MSJ9\" href=\"https:\/\/www.sichere-steiermark.at\/wp-content\/uploads\/2022\/04\/mercedes_AMG_2.jpg\"><figure class=\"swiper-slide-inner\"><img decoding=\"async\" class=\"swiper-slide-image\" src=\"https:\/\/www.sichere-steiermark.at\/wp-content\/uploads\/2022\/04\/mercedes_AMG_2-300x200.jpg\" alt=\"mercedes_AMG_2\" \/><\/figure><\/a><\/div><div class=\"swiper-slide\" role=\"group\" aria-roledescription=\"slide\" aria-label=\"2 von 4\"><a data-elementor-open-lightbox=\"yes\" data-elementor-lightbox-slideshow=\"2f4a4c91\" data-elementor-lightbox-title=\"mercedes_AMG_3\" data-e-action-hash=\"#elementor-action%3Aaction%3Dlightbox%26settings%3DeyJpZCI6MjE0OCwidXJsIjoiaHR0cHM6XC9cL3d3dy5zaWNoZXJlLXN0ZWllcm1hcmsuYXRcL3dwLWNvbnRlbnRcL3VwbG9hZHNcLzIwMjJcLzA0XC9tZXJjZWRlc19BTUdfMy5qcGciLCJzbGlkZXNob3ciOiIyZjRhNGM5MSJ9\" href=\"https:\/\/www.sichere-steiermark.at\/wp-content\/uploads\/2022\/04\/mercedes_AMG_3.jpg\"><figure class=\"swiper-slide-inner\"><img decoding=\"async\" class=\"swiper-slide-image\" src=\"https:\/\/www.sichere-steiermark.at\/wp-content\/uploads\/2022\/04\/mercedes_AMG_3-300x200.jpg\" alt=\"mercedes_AMG_3\" \/><\/figure><\/a><\/div><div class=\"swiper-slide\" role=\"group\" aria-roledescription=\"slide\" aria-label=\"3 von 4\"><a data-elementor-open-lightbox=\"yes\" data-elementor-lightbox-slideshow=\"2f4a4c91\" data-elementor-lightbox-title=\"mercedes_AMG_4\" data-e-action-hash=\"#elementor-action%3Aaction%3Dlightbox%26settings%3DeyJpZCI6MjE0OSwidXJsIjoiaHR0cHM6XC9cL3d3dy5zaWNoZXJlLXN0ZWllcm1hcmsuYXRcL3dwLWNvbnRlbnRcL3VwbG9hZHNcLzIwMjJcLzA0XC9tZXJjZWRlc19BTUdfNC5qcGciLCJzbGlkZXNob3ciOiIyZjRhNGM5MSJ9\" href=\"https:\/\/www.sichere-steiermark.at\/wp-content\/uploads\/2022\/04\/mercedes_AMG_4.jpg\"><figure class=\"swiper-slide-inner\"><img decoding=\"async\" class=\"swiper-slide-image\" src=\"https:\/\/www.sichere-steiermark.at\/wp-content\/uploads\/2022\/04\/mercedes_AMG_4-300x200.jpg\" alt=\"mercedes_AMG_4\" \/><\/figure><\/a><\/div><div class=\"swiper-slide\" role=\"group\" aria-roledescription=\"slide\" aria-label=\"4 von 4\"><a data-elementor-open-lightbox=\"yes\" data-elementor-lightbox-slideshow=\"2f4a4c91\" data-elementor-lightbox-title=\"mercedes_AMG_5\" data-e-action-hash=\"#elementor-action%3Aaction%3Dlightbox%26settings%3DeyJpZCI6MjE1MCwidXJsIjoiaHR0cHM6XC9cL3d3dy5zaWNoZXJlLXN0ZWllcm1hcmsuYXRcL3dwLWNvbnRlbnRcL3VwbG9hZHNcLzIwMjJcLzA0XC9tZXJjZWRlc19BTUdfNS5qcGciLCJzbGlkZXNob3ciOiIyZjRhNGM5MSJ9\" href=\"https:\/\/www.sichere-steiermark.at\/wp-content\/uploads\/2022\/04\/mercedes_AMG_5.jpg\"><figure class=\"swiper-slide-inner\"><img decoding=\"async\" class=\"swiper-slide-image\" src=\"https:\/\/www.sichere-steiermark.at\/wp-content\/uploads\/2022\/04\/mercedes_AMG_5-300x200.jpg\" alt=\"mercedes_AMG_5\" \/><\/figure><\/a><\/div>\t\t\t<\/div>\n\t\t\t\t\t\t\t\n\t\t\t\t\t\t\t\t\t<div class=\"swiper-pagination\"><\/div>\n\t\t\t\t\t\t\t\t\t<\/div>\n\t\t\t\t\t\t<\/div>\n\t\t\t\t<\/div>\n\t\t\t\t\t<\/div>\n\t\t<\/div>\n\t\t\t\t\t<\/div>\n\t\t<\/section>\n\t\t\t\t<section class=\"elementor-section elementor-top-section elementor-element elementor-element-490e43a elementor-section-boxed elementor-section-height-default elementor-section-height-default\" data-id=\"490e43a\" data-element_type=\"section\">\n\t\t\t\t\t\t<div class=\"elementor-container elementor-column-gap-default\">\n\t\t\t\t\t<div class=\"elementor-column elementor-col-100 elementor-top-column elementor-element elementor-element-1d0fbcc6\" data-id=\"1d0fbcc6\" data-element_type=\"column\">\n\t\t\t<div class=\"elementor-widget-wrap elementor-element-populated\">\n\t\t\t\t\t\t<div class=\"elementor-element elementor-element-a81e71b elementor-widget elementor-widget-theme-post-title elementor-page-title elementor-widget-heading\" data-id=\"a81e71b\" data-element_type=\"widget\" data-widget_type=\"theme-post-title.default\">\n\t\t\t\t<div class=\"elementor-widget-container\">\n\t\t\t\t\t<h1 class=\"elementor-heading-title elementor-size-xl\">Mercedes AMG SL<\/h1>\t\t\t\t<\/div>\n\t\t\t\t<\/div>\n\t\t\t\t\t<\/div>\n\t\t<\/div>\n\t\t\t\t\t<\/div>\n\t\t<\/section>\n\t\t\t\t<section class=\"elementor-section elementor-top-section elementor-element elementor-element-37bcbe9 elementor-section-boxed elementor-section-height-default elementor-section-height-default\" data-id=\"37bcbe9\" data-element_type=\"section\">\n\t\t\t\t\t\t<div class=\"elementor-container elementor-column-gap-default\">\n\t\t\t\t\t<div class=\"elementor-column elementor-col-100 elementor-top-column elementor-element elementor-element-23ce8295\" data-id=\"23ce8295\" data-element_type=\"column\">\n\t\t\t<div class=\"elementor-widget-wrap elementor-element-populated\">\n\t\t\t\t\t\t<div class=\"elementor-element elementor-element-16965c84 elementor-widget elementor-widget-text-editor\" data-id=\"16965c84\" data-element_type=\"widget\" data-widget_type=\"text-editor.default\">\n\t\t\t\t<div class=\"elementor-widget-container\">\n\t\t\t\t\t\t\t\t\t<h3>Die Neuauflage einer Ikone\u00a0<\/h3><h5>Der neue Mercedes-AMG SL, die Neuauflage einer Ikone, kehrt mit klassischem Stoffverdeck und sportlichem Charakter zur\u00fcck zu seinen Wurzeln.<\/h5><p>Vor knapp 70 Jahren startet in Stuttgart ein Sportwagen, der auf Anhieb zur Legende wird. Die Vision, das Potenzial der Marke Mercedes-Benz durch Motorsporterfolge zu erweitern, bringt als Ergebnis den ersten SL hervor, einen stra\u00dfentauglichen Rennsportwagen. Kurz nach seinem Deb\u00fct 1952 sammelt der 300 SL reihenweise Erfolge auf den Rennstrecken dieser Welt. Durch seine Erfolge wird der SL schnell zum Mythos. Dem erfolgreichen Rennwagen folgt 1954 der 300 SL Seriensportwagen, der wegen seiner ungew\u00f6hnlichen T\u00fcren \u201eFl\u00fcgelt\u00fcrer\u201c oder \u201eGullwing\u201c genannt wird.<\/p><p>Das K\u00fcrzel \u201eSL\u201c steht damit bis heute f\u00fcr eine der wenigen echten Automobil-Ikonen auf der Welt. In der jahrzehntelangen Entwicklungsgeschichte vom reinrassigen Rennwagen zum offenen Luxus-Sportwagen setzt der neue Mercedes-AMG SL nun einen weiteren Meilenstein. Er kombiniert die Sportlichkeit des Ur-SL mit dem einzigartigen Luxus und der technologischen Exzellenz der modernen Mercedes-Modelle.<br \/>Der AMG SL Roadster ist als 2+2-Sitzer besonders alltagstauglich und bringt seine Leistung erstmals mit Allradantrieb auf die Stra\u00dfe. <br \/>Seine Hightech-Komponenten, wie das AMG ACTIVE RIDE CONTROL Fahrwerk mit aktiver Wankstabilisierung, die Hinterachslenkung, die auf \u2009Wunsch erh\u00e4ltliche AMG Keramik-Hochleistungs-Verbundbremsanlage oder das serienm\u00e4\u00dfige DIGITAL LIGHT mit Projektionsfunktion, sch\u00e4rfen das sportliche Profil. Im Zusammenspiel mit dem AMG 4,0-Liter-V8-Biturbomotor ergibt dies ein Fahrerlebnis auf h\u00f6chstem Niveau. <br \/>Das Exterieurdesign fasziniert durch einen perfekten Dreiklang: Es kombiniert die Mercedes-sinnliche Klarheit mit der AMG-typischen Sportlichkeit und charakteristischen Details. Die beiden Powerdomes auf der Motorhaube sind nur eine von zahlreichen Reminiszenzen an die erste SL Generation. Das Wechselspiel von Licht und Schatten macht die Gesamtansicht optisch leicht. So wird auf den ersten Blick klar, dass der neue SL zu seinen sportlichen Wurzeln zur\u00fcckgekehrt ist.<\/p><p>Auch das Interieur des neuen Mercedes-AMG SL transformiert die Tradition des ersten 300 SL Roadsters in die Neuzeit. Dabei bringt die Neuauflage Sportlichkeit und Luxus perfekt in Einklang. Edle Materialien und perfekte Verarbeitung unterstreichen den Anspruch an h\u00f6chsten Komfort. <br \/>Die gesamte Gestaltung bis hin zum verstellbaren Zentraldisplay in der Mittelkonsole ist auf den Fahrer fokussiert. Gleichzeitig bietet das komplett neue Innenraum-Ma\u00dfkonzept mit 2+2 Sitzen mehr Platz und Funktionalit\u00e4t als bisher. Die hinteren Pl\u00e4tze erh\u00f6hen die Alltagstauglichkeit und bieten Raum f\u00fcr Personen bis 1,50 Meter K\u00f6rpergr\u00f6\u00dfe.<\/p><p>Die neueste Generation MBUX (Mercedes-Benz User Experience) ist intuitiv zu bedienen und lernf\u00e4hig. Sie bietet zahlreiche funktionale Inhalte und die Bedienstruktur des MBUX Systems, die in der neuen Mercedes-Benz S-Klasse deb\u00fctiert hat. Im SL kommen umfangreich AMG-spezifische Inhalte in f\u00fcnf Anzeigestilen hinzu. Exklusive Men\u00fcpunkte wie \u201eAMG Performance\u201c oder \u201eAMG TRACK PACE\u201c unterstreichen ebenfalls den sportlichen Charakter.<\/p><p>Fahrassistenzsysteme \u2013 intelligente Helfer arbeiten im Hintergrund.<br \/>Mithilfe von zahlreichen Sensoren, Kameras und Radar beobachten die Fahrassistenzsysteme den Verkehr und das Umfeld des neuen Roadsters. Wenn n\u00f6tig, k\u00f6nnen die intelligenten Helfer blitzschnell eingreifen. Bei Gefahr helfen die Systeme, situationsgerecht auf eine drohende Kollision zu reagieren. Die Funktionsweise der Systeme wird durch ein neues Anzeigekonzept im Kombiinstrument visualisiert.<\/p><p>Der Mercedes AMG SL ist ein Meisterwerk der heutigen Zeit und dazu besinnt er sich auch auf seine Wurzeln. <br \/><em><strong>Wenn Sie diesen Autotraum erleben wollen, wenden Sie sich gerne an Ihr Autohaus PETERNEL. www.peternel.at<\/strong><\/em><\/p>\t\t\t\t\t\t\t\t<\/div>\n\t\t\t\t<\/div>\n\t\t\t\t\t<\/div>\n\t\t<\/div>\n\t\t\t\t\t<\/div>\n\t\t<\/section>\n\t\t\t\t<section class=\"elementor-section elementor-top-section elementor-element elementor-element-b135fc8 elementor-section-boxed elementor-section-height-default elementor-section-height-default\" data-id=\"b135fc8\" data-element_type=\"section\">\n\t\t\t\t\t\t<div class=\"elementor-container elementor-column-gap-default\">\n\t\t\t\t\t<div class=\"elementor-column elementor-col-100 elementor-top-column elementor-element elementor-element-123812dc\" data-id=\"123812dc\" data-element_type=\"column\">\n\t\t\t<div class=\"elementor-widget-wrap elementor-element-populated\">\n\t\t\t\t\t\t<div class=\"elementor-element elementor-element-30819fb4 elementor-widget-divider--view-line elementor-widget elementor-widget-divider\" data-id=\"30819fb4\" data-element_type=\"widget\" data-widget_type=\"divider.default\">\n\t\t\t\t<div class=\"elementor-widget-container\">\n\t\t\t\t\t\t\t<div class=\"elementor-divider\">\n\t\t\t<span class=\"elementor-divider-separator\">\n\t\t\t\t\t\t<\/span>\n\t\t<\/div>\n\t\t\t\t\t\t<\/div>\n\t\t\t\t<\/div>\n\t\t\t\t\t<\/div>\n\t\t<\/div>\n\t\t\t\t\t<\/div>\n\t\t<\/section>\n\t\t\t\t<section class=\"elementor-section elementor-top-section elementor-element elementor-element-3306ad95 elementor-section-boxed elementor-section-height-default elementor-section-height-default\" data-id=\"3306ad95\" data-element_type=\"section\">\n\t\t\t\t\t\t<div class=\"elementor-container elementor-column-gap-default\">\n\t\t\t\t\t<div class=\"elementor-column elementor-col-100 elementor-top-column elementor-element elementor-element-1f616acc\" data-id=\"1f616acc\" data-element_type=\"column\">\n\t\t\t<div class=\"elementor-widget-wrap elementor-element-populated\">\n\t\t\t\t\t\t<div class=\"elementor-element elementor-element-66d35f8a elementor-align-center elementor-widget elementor-widget-button\" data-id=\"66d35f8a\" data-element_type=\"widget\" data-widget_type=\"button.default\">\n\t\t\t\t<div class=\"elementor-widget-container\">\n\t\t\t\t\t\t\t\t\t<div class=\"elementor-button-wrapper\">\n\t\t\t\t\t<a class=\"elementor-button elementor-button-link elementor-size-xs\" href=\"https:\/\/www.peternel.at\/\" target=\"_blank\">\n\t\t\t\t\t\t<span class=\"elementor-button-content-wrapper\">\n\t\t\t\t\t\t\t\t\t<span class=\"elementor-button-text\">Peternel<\/span>\n\t\t\t\t\t<\/span>\n\t\t\t\t\t<\/a>\n\t\t\t\t<\/div>\n\t\t\t\t\t\t\t\t<\/div>\n\t\t\t\t<\/div>\n\t\t\t\t\t<\/div>\n\t\t<\/div>\n\t\t\t\t\t<\/div>\n\t\t<\/section>\n\t\t\t\t<\/div>\n\t\t","protected":false},"excerpt":{"rendered":"<p>Die Neuauflage einer Ikone\u00a0 Der neue Mercedes-AMG SL, die Neuauflage einer Ikone, kehrt mit klassischem Stoffverdeck und sportlichem Charakter zur\u00fcck zu seinen Wurzeln. Vor knapp 70 Jahren startet in Stuttgart ein Sportwagen, der auf Anhieb zur Legende wird. Die Vision, das Potenzial der Marke Mercedes-Benz durch Motorsporterfolge zu erweitern, bringt als Ergebnis den ersten SL [&hellip;]<\/p>\n","protected":false},"author":1,"featured_media":2146,"comment_status":"open","ping_status":"open","sticky":false,"template":"","format":"standard","meta":{"ocean_post_layout":"","ocean_both_sidebars_style":"","ocean_both_sidebars_content_width":0,"ocean_both_sidebars_sidebars_width":0,"ocean_sidebar":"0","ocean_second_sidebar":"0","ocean_disable_margins":"enable","ocean_add_body_class":"","ocean_shortcode_before_top_bar":"","ocean_shortcode_after_top_bar":"","ocean_shortcode_before_header":"","ocean_shortcode_after_header":"","ocean_has_shortcode":"","ocean_shortcode_after_title":"","ocean_shortcode_before_footer_widgets":"","ocean_shortcode_after_footer_widgets":"","ocean_shortcode_before_footer_bottom":"","ocean_shortcode_after_footer_bottom":"","ocean_display_top_bar":"default","ocean_display_header":"default","ocean_header_style":"","ocean_center_header_left_menu":"0","ocean_custom_header_template":"0","ocean_custom_logo":0,"ocean_custom_retina_logo":0,"ocean_custom_logo_max_width":0,"ocean_custom_logo_tablet_max_width":0,"ocean_custom_logo_mobile_max_width":0,"ocean_custom_logo_max_height":0,"ocean_custom_logo_tablet_max_height":0,"ocean_custom_logo_mobile_max_height":0,"ocean_header_custom_menu":"0","ocean_menu_typo_font_family":"0","ocean_menu_typo_font_subset":"","ocean_menu_typo_font_size":0,"ocean_menu_typo_font_size_tablet":0,"ocean_menu_typo_font_size_mobile":0,"ocean_menu_typo_font_size_unit":"px","ocean_menu_typo_font_weight":"","ocean_menu_typo_font_weight_tablet":"","ocean_menu_typo_font_weight_mobile":"","ocean_menu_typo_transform":"","ocean_menu_typo_transform_tablet":"","ocean_menu_typo_transform_mobile":"","ocean_menu_typo_line_height":0,"ocean_menu_typo_line_height_tablet":0,"ocean_menu_typo_line_height_mobile":0,"ocean_menu_typo_line_height_unit":"","ocean_menu_typo_spacing":0,"ocean_menu_typo_spacing_tablet":0,"ocean_menu_typo_spacing_mobile":0,"ocean_menu_typo_spacing_unit":"","ocean_menu_link_color":"","ocean_menu_link_color_hover":"","ocean_menu_link_color_active":"","ocean_menu_link_background":"","ocean_menu_link_hover_background":"","ocean_menu_link_active_background":"","ocean_menu_social_links_bg":"","ocean_menu_social_hover_links_bg":"","ocean_menu_social_links_color":"","ocean_menu_social_hover_links_color":"","ocean_disable_title":"on","ocean_disable_heading":"default","ocean_post_title":"","ocean_post_subheading":"","ocean_post_title_style":"","ocean_post_title_background_color":"","ocean_post_title_background":0,"ocean_post_title_bg_image_position":"","ocean_post_title_bg_image_attachment":"","ocean_post_title_bg_image_repeat":"","ocean_post_title_bg_image_size":"","ocean_post_title_height":0,"ocean_post_title_bg_overlay":0.5,"ocean_post_title_bg_overlay_color":"","ocean_disable_breadcrumbs":"off","ocean_breadcrumbs_color":"","ocean_breadcrumbs_separator_color":"","ocean_breadcrumbs_links_color":"","ocean_breadcrumbs_links_hover_color":"","ocean_display_footer_widgets":"default","ocean_display_footer_bottom":"default","ocean_custom_footer_template":"0","osh_disable_topbar_sticky":"default","osh_disable_header_sticky":"default","osh_sticky_header_style":"default","osh_sticky_header_effect":"","osh_custom_sticky_logo":0,"osh_custom_retina_sticky_logo":0,"osh_custom_sticky_logo_height":0,"osh_background_color":"","osh_links_color":"","osh_links_hover_color":"","osh_links_active_color":"","osh_links_bg_color":"","osh_links_hover_bg_color":"","osh_links_active_bg_color":"","osh_menu_social_links_color":"","osh_menu_social_hover_links_color":"","ocean_post_oembed":"","ocean_post_self_hosted_media":"","ocean_post_video_embed":"","ocean_link_format":"","ocean_link_format_target":"self","ocean_quote_format":"","ocean_quote_format_link":"post","ocean_gallery_link_images":"off","ocean_gallery_id":[],"footnotes":""},"categories":[7],"tags":[29,150,141],"class_list":["post-2172","post","type-post","status-publish","format-standard","has-post-thumbnail","hentry","category-autos","tag-auto","tag-autos","tag-mercedes","entry","has-media"],"_links":{"self":[{"href":"https:\/\/www.sichere-steiermark.at\/index.php?rest_route=\/wp\/v2\/posts\/2172","targetHints":{"allow":["GET"]}}],"collection":[{"href":"https:\/\/www.sichere-steiermark.at\/index.php?rest_route=\/wp\/v2\/posts"}],"about":[{"href":"https:\/\/www.sichere-steiermark.at\/index.php?rest_route=\/wp\/v2\/types\/post"}],"author":[{"embeddable":true,"href":"https:\/\/www.sichere-steiermark.at\/index.php?rest_route=\/wp\/v2\/users\/1"}],"replies":[{"embeddable":true,"href":"https:\/\/www.sichere-steiermark.at\/index.php?rest_route=%2Fwp%2Fv2%2Fcomments&post=2172"}],"version-history":[{"count":7,"href":"https:\/\/www.sichere-steiermark.at\/index.php?rest_route=\/wp\/v2\/posts\/2172\/revisions"}],"predecessor-version":[{"id":2180,"href":"https:\/\/www.sichere-steiermark.at\/index.php?rest_route=\/wp\/v2\/posts\/2172\/revisions\/2180"}],"wp:featuredmedia":[{"embeddable":true,"href":"https:\/\/www.sichere-steiermark.at\/index.php?rest_route=\/wp\/v2\/media\/2146"}],"wp:attachment":[{"href":"https:\/\/www.sichere-steiermark.at\/index.php?rest_route=%2Fwp%2Fv2%2Fmedia&parent=2172"}],"wp:term":[{"taxonomy":"category","embeddable":true,"href":"https:\/\/www.sichere-steiermark.at\/index.php?rest_route=%2Fwp%2Fv2%2Fcategories&post=2172"},{"taxonomy":"post_tag","embeddable":true,"href":"https:\/\/www.sichere-steiermark.at\/index.php?rest_route=%2Fwp%2Fv2%2Ftags&post=2172"}],"curies":[{"name":"wp","href":"https:\/\/api.w.org\/{rel}","templated":true}]}}