{"id":2226,"date":"2022-04-07T12:19:06","date_gmt":"2022-04-07T10:19:06","guid":{"rendered":"https:\/\/www.sichere-steiermark.at\/?p=2226"},"modified":"2022-04-07T12:21:27","modified_gmt":"2022-04-07T10:21:27","slug":"der-neue-bmw-2er-active-tourer","status":"publish","type":"post","link":"https:\/\/www.sichere-steiermark.at\/?p=2226","title":{"rendered":"Der neue BMW 2er Active Tourer"},"content":{"rendered":"\t\t<div data-elementor-type=\"wp-post\" data-elementor-id=\"2226\" class=\"elementor elementor-2226\" data-elementor-post-type=\"post\">\n\t\t\t\t\t\t<section class=\"elementor-section elementor-top-section elementor-element elementor-element-26206c4 elementor-section-boxed elementor-section-height-default elementor-section-height-default\" data-id=\"26206c4\" data-element_type=\"section\">\n\t\t\t\t\t\t<div class=\"elementor-container elementor-column-gap-default\">\n\t\t\t\t\t<div class=\"elementor-column elementor-col-100 elementor-top-column elementor-element elementor-element-5df67f29\" data-id=\"5df67f29\" data-element_type=\"column\">\n\t\t\t<div class=\"elementor-widget-wrap elementor-element-populated\">\n\t\t\t\t\t\t<div class=\"elementor-element elementor-element-70309151 elementor-widget elementor-widget-theme-post-featured-image elementor-widget-image\" data-id=\"70309151\" data-element_type=\"widget\" data-widget_type=\"theme-post-featured-image.default\">\n\t\t\t\t<div class=\"elementor-widget-container\">\n\t\t\t\t\t\t\t\t\t\t\t\t<figure class=\"wp-caption\">\n\t\t\t\t\t\t\t\t\t\t<img fetchpriority=\"high\" decoding=\"async\" width=\"1024\" height=\"683\" src=\"https:\/\/www.sichere-steiermark.at\/wp-content\/uploads\/2022\/04\/bmw_2er_active_tourer_1-1024x683.jpg\" class=\"attachment-large size-large wp-image-2136\" alt=\"\" srcset=\"https:\/\/www.sichere-steiermark.at\/wp-content\/uploads\/2022\/04\/bmw_2er_active_tourer_1-1024x683.jpg 1024w, https:\/\/www.sichere-steiermark.at\/wp-content\/uploads\/2022\/04\/bmw_2er_active_tourer_1-300x200.jpg 300w, https:\/\/www.sichere-steiermark.at\/wp-content\/uploads\/2022\/04\/bmw_2er_active_tourer_1-768x512.jpg 768w, https:\/\/www.sichere-steiermark.at\/wp-content\/uploads\/2022\/04\/bmw_2er_active_tourer_1.jpg 1200w\" sizes=\"(max-width: 1024px) 100vw, 1024px\" \/>\t\t\t\t\t\t\t\t\t\t\t<figcaption class=\"widget-image-caption wp-caption-text\">Fotocredit: Hersteller BMW (3)<\/figcaption>\n\t\t\t\t\t\t\t\t\t\t<\/figure>\n\t\t\t\t\t\t\t\t\t<\/div>\n\t\t\t\t<\/div>\n\t\t\t\t\t<\/div>\n\t\t<\/div>\n\t\t\t\t\t<\/div>\n\t\t<\/section>\n\t\t\t\t<section class=\"elementor-section elementor-top-section elementor-element elementor-element-764ad16a elementor-section-boxed elementor-section-height-default elementor-section-height-default\" data-id=\"764ad16a\" data-element_type=\"section\">\n\t\t\t\t\t\t<div class=\"elementor-container elementor-column-gap-default\">\n\t\t\t\t\t<div class=\"elementor-column elementor-col-100 elementor-top-column elementor-element elementor-element-a4705ff\" data-id=\"a4705ff\" data-element_type=\"column\">\n\t\t\t<div class=\"elementor-widget-wrap elementor-element-populated\">\n\t\t\t\t\t\t<div class=\"elementor-element elementor-element-1dd2b810 elementor-pagination-position-outside elementor-widget elementor-widget-image-carousel\" data-id=\"1dd2b810\" data-element_type=\"widget\" data-settings=\"{&quot;slides_to_show&quot;:&quot;2&quot;,&quot;navigation&quot;:&quot;dots&quot;,&quot;autoplay&quot;:&quot;yes&quot;,&quot;pause_on_hover&quot;:&quot;yes&quot;,&quot;pause_on_interaction&quot;:&quot;yes&quot;,&quot;autoplay_speed&quot;:5000,&quot;infinite&quot;:&quot;yes&quot;,&quot;speed&quot;:500}\" data-widget_type=\"image-carousel.default\">\n\t\t\t\t<div class=\"elementor-widget-container\">\n\t\t\t\t\t\t\t<div class=\"elementor-image-carousel-wrapper swiper\" role=\"region\" aria-roledescription=\"carousel\" aria-label=\"Bild Karussell\" dir=\"ltr\">\n\t\t\t<div class=\"elementor-image-carousel swiper-wrapper\" aria-live=\"off\">\n\t\t\t\t\t\t\t\t<div class=\"swiper-slide\" role=\"group\" aria-roledescription=\"slide\" aria-label=\"1 von 2\"><a data-elementor-open-lightbox=\"yes\" data-elementor-lightbox-slideshow=\"1dd2b810\" data-elementor-lightbox-title=\"bmw_2er_active_tourer_2\" data-e-action-hash=\"#elementor-action%3Aaction%3Dlightbox%26settings%3DeyJpZCI6MjEzNywidXJsIjoiaHR0cHM6XC9cL3d3dy5zaWNoZXJlLXN0ZWllcm1hcmsuYXRcL3dwLWNvbnRlbnRcL3VwbG9hZHNcLzIwMjJcLzA0XC9ibXdfMmVyX2FjdGl2ZV90b3VyZXJfMi5qcGciLCJzbGlkZXNob3ciOiIxZGQyYjgxMCJ9\" href=\"https:\/\/www.sichere-steiermark.at\/wp-content\/uploads\/2022\/04\/bmw_2er_active_tourer_2.jpg\"><figure class=\"swiper-slide-inner\"><img decoding=\"async\" class=\"swiper-slide-image\" src=\"https:\/\/www.sichere-steiermark.at\/wp-content\/uploads\/2022\/04\/bmw_2er_active_tourer_2-300x200.jpg\" alt=\"bmw_2er_active_tourer_2\" \/><\/figure><\/a><\/div><div class=\"swiper-slide\" role=\"group\" aria-roledescription=\"slide\" aria-label=\"2 von 2\"><a data-elementor-open-lightbox=\"yes\" data-elementor-lightbox-slideshow=\"1dd2b810\" data-elementor-lightbox-title=\"bmw_2er_active_tourer_3\" data-e-action-hash=\"#elementor-action%3Aaction%3Dlightbox%26settings%3DeyJpZCI6MjEzOCwidXJsIjoiaHR0cHM6XC9cL3d3dy5zaWNoZXJlLXN0ZWllcm1hcmsuYXRcL3dwLWNvbnRlbnRcL3VwbG9hZHNcLzIwMjJcLzA0XC9ibXdfMmVyX2FjdGl2ZV90b3VyZXJfMy5qcGciLCJzbGlkZXNob3ciOiIxZGQyYjgxMCJ9\" href=\"https:\/\/www.sichere-steiermark.at\/wp-content\/uploads\/2022\/04\/bmw_2er_active_tourer_3.jpg\"><figure class=\"swiper-slide-inner\"><img decoding=\"async\" class=\"swiper-slide-image\" src=\"https:\/\/www.sichere-steiermark.at\/wp-content\/uploads\/2022\/04\/bmw_2er_active_tourer_3-300x200.jpg\" alt=\"bmw_2er_active_tourer_3\" \/><\/figure><\/a><\/div>\t\t\t<\/div>\n\t\t\t\t\t\t\t\n\t\t\t\t\t\t\t\t\t<div class=\"swiper-pagination\"><\/div>\n\t\t\t\t\t\t\t\t\t<\/div>\n\t\t\t\t\t\t<\/div>\n\t\t\t\t<\/div>\n\t\t\t\t\t<\/div>\n\t\t<\/div>\n\t\t\t\t\t<\/div>\n\t\t<\/section>\n\t\t\t\t<section class=\"elementor-section elementor-top-section elementor-element elementor-element-595286d4 elementor-section-boxed elementor-section-height-default elementor-section-height-default\" data-id=\"595286d4\" data-element_type=\"section\">\n\t\t\t\t\t\t<div class=\"elementor-container elementor-column-gap-default\">\n\t\t\t\t\t<div class=\"elementor-column elementor-col-100 elementor-top-column elementor-element elementor-element-429cd1d8\" data-id=\"429cd1d8\" data-element_type=\"column\">\n\t\t\t<div class=\"elementor-widget-wrap elementor-element-populated\">\n\t\t\t\t\t\t<div class=\"elementor-element elementor-element-4af31d27 elementor-widget elementor-widget-theme-post-title elementor-page-title elementor-widget-heading\" data-id=\"4af31d27\" data-element_type=\"widget\" data-widget_type=\"theme-post-title.default\">\n\t\t\t\t<div class=\"elementor-widget-container\">\n\t\t\t\t\t<h1 class=\"elementor-heading-title elementor-size-xl\">Der neue BMW 2er Active Tourer<\/h1>\t\t\t\t<\/div>\n\t\t\t\t<\/div>\n\t\t\t\t\t<\/div>\n\t\t<\/div>\n\t\t\t\t\t<\/div>\n\t\t<\/section>\n\t\t\t\t<section class=\"elementor-section elementor-top-section elementor-element elementor-element-7a5efff7 elementor-section-boxed elementor-section-height-default elementor-section-height-default\" data-id=\"7a5efff7\" data-element_type=\"section\">\n\t\t\t\t\t\t<div class=\"elementor-container elementor-column-gap-default\">\n\t\t\t\t\t<div class=\"elementor-column elementor-col-100 elementor-top-column elementor-element elementor-element-2d2c1d34\" data-id=\"2d2c1d34\" data-element_type=\"column\">\n\t\t\t<div class=\"elementor-widget-wrap elementor-element-populated\">\n\t\t\t\t\t\t<div class=\"elementor-element elementor-element-79d2656b elementor-widget elementor-widget-text-editor\" data-id=\"79d2656b\" data-element_type=\"widget\" data-widget_type=\"text-editor.default\">\n\t\t\t\t<div class=\"elementor-widget-container\">\n\t\t\t\t\t\t\t\t\t<p>Raumfunktionalit\u00e4t und markentypische Fahrfreude kennzeichnen den neuen BMW 2er Active Tourer. In der zweiten Modellgeneration pr\u00e4sentiert sich der sportliche Allrounder im Premium-Kompaktsegment mit einem betont dynamischen und pr\u00e4senten Design.<\/p><p>Seine unkomplizierte Funktionalit\u00e4t, seine progressive Charakteristik sowie seine gegen\u00fcber dem Vorg\u00e4ngermodell deutlich erweiterte herausragend umfangreiche Serienausstattung machen den neuen BMW 2er Active Tourer f\u00fcr aktive, lifestyle-orientierte Fahrer besonders attraktiv. <br \/>Zur Auswahl stehen vier Modellvarianten mit Frontantrieb und Motorleistungen von 100 kW\/136 PS bis 160 kW\/218 PS.<\/p><p>Im Exterieurdesign des neuen BMW 2er Active Tourer verbinden sich Lifestyle-Attribute und eine hochwertige \u00c4sthetik zu einer modernen Crossover-Charakteristik. Die klare und reduzierte Fl\u00e4chengestaltung signalisiert Sportlichkeit und selbstbewusste Pr\u00e4senz. \u2009An der Fahrzeugfront wird diese vor allem durch die markante, in ihren Dimensionen gewachsene BMW Niere und die flachen Konturen der Scheinwerfer zum Ausdruck gebracht. Serienm\u00e4\u00dfig verf\u00fcgt der neue BMW 2er Active Tourer \u00fcber Voll-LED-Scheinwerfer. Optional gibt es Adaptive LED-Scheinwerfer einschlie\u00dflich Abbiegelicht, blendfreiem Matrix-Fernlicht, Stadt-, Autobahn- und Schlechtwetterlicht.<\/p><p>Die Gr\u00f6\u00dfe und die vielseitige Nutzbarkeit des Innenraums werden im neuen BMW 2er Active Tourer durch eine grundlegende Neugestaltung in Szene gesetzt. Dadurch entsteht ein fortschrittliches Premium-Ambiente, dessen wesentliche Merkmale die flache Armaturentafel, das BMW Curved Display, die schwebend wirkende Armauflage mit integriertem Bedienfeld und eine konsequente Reduzierung von Bedienelementen sind.<\/p><p>Auf seinen f\u00fcnf Sitzpl\u00e4tzen bietet der neue BMW 2er Active Tourer einen gegen\u00fcber dem Vorg\u00e4ngermodell sp\u00fcrbar gesteigerten Langstreckenkomfort. Die neuentwickelten, vielf\u00e4ltig einstellbaren Sitze sind optional in den Ausf\u00fchrungen Sensatec perforiert, beziehungsweise Leder Vernasca erh\u00e4ltlich. Au\u00dferdem stehen Sportsitze mit markant gestalteten Wangen- und Schulterbereichen, eine elektrische Sitzeinstellung mit Memory-Funktion sowie eine Lordosenst\u00fctze und eine Massagefunktion als Sonderausstattung zur Wahl.<\/p><p>Der neue BMW 2er Active Tourer vereint alle Vorz\u00fcge eines BMW in sich. Wenn Sie dieses Gef\u00fchl erleben m\u00f6chten, besuchen Sie das Autohaus GADY BMW \u2013 hier erleben Sie Premium nicht nur im neuen 2er Active Tourer.<\/p>\t\t\t\t\t\t\t\t<\/div>\n\t\t\t\t<\/div>\n\t\t\t\t\t<\/div>\n\t\t<\/div>\n\t\t\t\t\t<\/div>\n\t\t<\/section>\n\t\t\t\t<section class=\"elementor-section elementor-top-section elementor-element elementor-element-3db193b5 elementor-section-boxed elementor-section-height-default elementor-section-height-default\" data-id=\"3db193b5\" data-element_type=\"section\">\n\t\t\t\t\t\t<div class=\"elementor-container elementor-column-gap-default\">\n\t\t\t\t\t<div class=\"elementor-column elementor-col-100 elementor-top-column elementor-element elementor-element-72204f1f\" data-id=\"72204f1f\" data-element_type=\"column\">\n\t\t\t<div class=\"elementor-widget-wrap elementor-element-populated\">\n\t\t\t\t\t\t<div class=\"elementor-element elementor-element-15350e9a elementor-widget-divider--view-line elementor-widget elementor-widget-divider\" data-id=\"15350e9a\" data-element_type=\"widget\" data-widget_type=\"divider.default\">\n\t\t\t\t<div class=\"elementor-widget-container\">\n\t\t\t\t\t\t\t<div class=\"elementor-divider\">\n\t\t\t<span class=\"elementor-divider-separator\">\n\t\t\t\t\t\t<\/span>\n\t\t<\/div>\n\t\t\t\t\t\t<\/div>\n\t\t\t\t<\/div>\n\t\t\t\t\t<\/div>\n\t\t<\/div>\n\t\t\t\t\t<\/div>\n\t\t<\/section>\n\t\t\t\t<section class=\"elementor-section elementor-top-section elementor-element elementor-element-2f86d02 elementor-section-boxed elementor-section-height-default elementor-section-height-default\" data-id=\"2f86d02\" data-element_type=\"section\">\n\t\t\t\t\t\t<div class=\"elementor-container elementor-column-gap-default\">\n\t\t\t\t\t<div class=\"elementor-column elementor-col-100 elementor-top-column elementor-element elementor-element-4260aa20\" data-id=\"4260aa20\" data-element_type=\"column\">\n\t\t\t<div class=\"elementor-widget-wrap elementor-element-populated\">\n\t\t\t\t\t\t<div class=\"elementor-element elementor-element-41b704fd elementor-align-center elementor-widget elementor-widget-button\" data-id=\"41b704fd\" data-element_type=\"widget\" data-widget_type=\"button.default\">\n\t\t\t\t<div class=\"elementor-widget-container\">\n\t\t\t\t\t\t\t\t\t<div class=\"elementor-button-wrapper\">\n\t\t\t\t\t<a class=\"elementor-button elementor-button-link elementor-size-xs\" href=\"https:\/\/www.gady.at\/\" target=\"_blank\">\n\t\t\t\t\t\t<span class=\"elementor-button-content-wrapper\">\n\t\t\t\t\t\t\t\t\t<span class=\"elementor-button-text\">BMW Gady<\/span>\n\t\t\t\t\t<\/span>\n\t\t\t\t\t<\/a>\n\t\t\t\t<\/div>\n\t\t\t\t\t\t\t\t<\/div>\n\t\t\t\t<\/div>\n\t\t\t\t\t<\/div>\n\t\t<\/div>\n\t\t\t\t\t<\/div>\n\t\t<\/section>\n\t\t\t\t<\/div>\n\t\t","protected":false},"excerpt":{"rendered":"<p>Raumfunktionalit\u00e4t und markentypische Fahrfreude kennzeichnen den neuen BMW 2er Active Tourer. In der zweiten Modellgeneration pr\u00e4sentiert sich der sportliche Allrounder im Premium-Kompaktsegment mit einem betont dynamischen und pr\u00e4senten Design. Seine unkomplizierte Funktionalit\u00e4t, seine progressive Charakteristik sowie seine gegen\u00fcber dem Vorg\u00e4ngermodell deutlich erweiterte herausragend umfangreiche Serienausstattung machen den neuen BMW 2er Active Tourer f\u00fcr aktive, lifestyle-orientierte [&hellip;]<\/p>\n","protected":false},"author":1,"featured_media":2136,"comment_status":"open","ping_status":"open","sticky":false,"template":"","format":"standard","meta":{"ocean_post_layout":"","ocean_both_sidebars_style":"","ocean_both_sidebars_content_width":0,"ocean_both_sidebars_sidebars_width":0,"ocean_sidebar":"0","ocean_second_sidebar":"0","ocean_disable_margins":"enable","ocean_add_body_class":"","ocean_shortcode_before_top_bar":"","ocean_shortcode_after_top_bar":"","ocean_shortcode_before_header":"","ocean_shortcode_after_header":"","ocean_has_shortcode":"","ocean_shortcode_after_title":"","ocean_shortcode_before_footer_widgets":"","ocean_shortcode_after_footer_widgets":"","ocean_shortcode_before_footer_bottom":"","ocean_shortcode_after_footer_bottom":"","ocean_display_top_bar":"default","ocean_display_header":"default","ocean_header_style":"","ocean_center_header_left_menu":"0","ocean_custom_header_template":"0","ocean_custom_logo":0,"ocean_custom_retina_logo":0,"ocean_custom_logo_max_width":0,"ocean_custom_logo_tablet_max_width":0,"ocean_custom_logo_mobile_max_width":0,"ocean_custom_logo_max_height":0,"ocean_custom_logo_tablet_max_height":0,"ocean_custom_logo_mobile_max_height":0,"ocean_header_custom_menu":"0","ocean_menu_typo_font_family":"0","ocean_menu_typo_font_subset":"","ocean_menu_typo_font_size":0,"ocean_menu_typo_font_size_tablet":0,"ocean_menu_typo_font_size_mobile":0,"ocean_menu_typo_font_size_unit":"px","ocean_menu_typo_font_weight":"","ocean_menu_typo_font_weight_tablet":"","ocean_menu_typo_font_weight_mobile":"","ocean_menu_typo_transform":"","ocean_menu_typo_transform_tablet":"","ocean_menu_typo_transform_mobile":"","ocean_menu_typo_line_height":0,"ocean_menu_typo_line_height_tablet":0,"ocean_menu_typo_line_height_mobile":0,"ocean_menu_typo_line_height_unit":"","ocean_menu_typo_spacing":0,"ocean_menu_typo_spacing_tablet":0,"ocean_menu_typo_spacing_mobile":0,"ocean_menu_typo_spacing_unit":"","ocean_menu_link_color":"","ocean_menu_link_color_hover":"","ocean_menu_link_color_active":"","ocean_menu_link_background":"","ocean_menu_link_hover_background":"","ocean_menu_link_active_background":"","ocean_menu_social_links_bg":"","ocean_menu_social_hover_links_bg":"","ocean_menu_social_links_color":"","ocean_menu_social_hover_links_color":"","ocean_disable_title":"on","ocean_disable_heading":"default","ocean_post_title":"","ocean_post_subheading":"","ocean_post_title_style":"","ocean_post_title_background_color":"","ocean_post_title_background":0,"ocean_post_title_bg_image_position":"","ocean_post_title_bg_image_attachment":"","ocean_post_title_bg_image_repeat":"","ocean_post_title_bg_image_size":"","ocean_post_title_height":0,"ocean_post_title_bg_overlay":0.5,"ocean_post_title_bg_overlay_color":"","ocean_disable_breadcrumbs":"off","ocean_breadcrumbs_color":"","ocean_breadcrumbs_separator_color":"","ocean_breadcrumbs_links_color":"","ocean_breadcrumbs_links_hover_color":"","ocean_display_footer_widgets":"default","ocean_display_footer_bottom":"default","ocean_custom_footer_template":"0","osh_disable_topbar_sticky":"default","osh_disable_header_sticky":"default","osh_sticky_header_style":"default","osh_sticky_header_effect":"","osh_custom_sticky_logo":0,"osh_custom_retina_sticky_logo":0,"osh_custom_sticky_logo_height":0,"osh_background_color":"","osh_links_color":"","osh_links_hover_color":"","osh_links_active_color":"","osh_links_bg_color":"","osh_links_hover_bg_color":"","osh_links_active_bg_color":"","osh_menu_social_links_color":"","osh_menu_social_hover_links_color":"","ocean_post_oembed":"","ocean_post_self_hosted_media":"","ocean_post_video_embed":"","ocean_link_format":"","ocean_link_format_target":"self","ocean_quote_format":"","ocean_quote_format_link":"post","ocean_gallery_link_images":"off","ocean_gallery_id":[],"footnotes":""},"categories":[7],"tags":[150,45],"class_list":["post-2226","post","type-post","status-publish","format-standard","has-post-thumbnail","hentry","category-autos","tag-autos","tag-bmw","entry","has-media"],"_links":{"self":[{"href":"https:\/\/www.sichere-steiermark.at\/index.php?rest_route=\/wp\/v2\/posts\/2226","targetHints":{"allow":["GET"]}}],"collection":[{"href":"https:\/\/www.sichere-steiermark.at\/index.php?rest_route=\/wp\/v2\/posts"}],"about":[{"href":"https:\/\/www.sichere-steiermark.at\/index.php?rest_route=\/wp\/v2\/types\/post"}],"author":[{"embeddable":true,"href":"https:\/\/www.sichere-steiermark.at\/index.php?rest_route=\/wp\/v2\/users\/1"}],"replies":[{"embeddable":true,"href":"https:\/\/www.sichere-steiermark.at\/index.php?rest_route=%2Fwp%2Fv2%2Fcomments&post=2226"}],"version-history":[{"count":10,"href":"https:\/\/www.sichere-steiermark.at\/index.php?rest_route=\/wp\/v2\/posts\/2226\/revisions"}],"predecessor-version":[{"id":2237,"href":"https:\/\/www.sichere-steiermark.at\/index.php?rest_route=\/wp\/v2\/posts\/2226\/revisions\/2237"}],"wp:featuredmedia":[{"embeddable":true,"href":"https:\/\/www.sichere-steiermark.at\/index.php?rest_route=\/wp\/v2\/media\/2136"}],"wp:attachment":[{"href":"https:\/\/www.sichere-steiermark.at\/index.php?rest_route=%2Fwp%2Fv2%2Fmedia&parent=2226"}],"wp:term":[{"taxonomy":"category","embeddable":true,"href":"https:\/\/www.sichere-steiermark.at\/index.php?rest_route=%2Fwp%2Fv2%2Fcategories&post=2226"},{"taxonomy":"post_tag","embeddable":true,"href":"https:\/\/www.sichere-steiermark.at\/index.php?rest_route=%2Fwp%2Fv2%2Ftags&post=2226"}],"curies":[{"name":"wp","href":"https:\/\/api.w.org\/{rel}","templated":true}]}}