{"id":2337,"date":"2022-07-04T14:28:35","date_gmt":"2022-07-04T12:28:35","guid":{"rendered":"https:\/\/www.sichere-steiermark.at\/?p=2337"},"modified":"2022-07-04T14:31:40","modified_gmt":"2022-07-04T12:31:40","slug":"gute-fahrtweiz","status":"publish","type":"post","link":"https:\/\/www.sichere-steiermark.at\/?p=2337","title":{"rendered":"Gute Fahrt,Weiz!"},"content":{"rendered":"\t\t<div data-elementor-type=\"wp-post\" data-elementor-id=\"2337\" class=\"elementor elementor-2337\" data-elementor-post-type=\"post\">\n\t\t\t\t\t\t<section class=\"elementor-section elementor-top-section elementor-element elementor-element-52993b25 elementor-section-boxed elementor-section-height-default elementor-section-height-default\" data-id=\"52993b25\" data-element_type=\"section\">\n\t\t\t\t\t\t<div class=\"elementor-container elementor-column-gap-default\">\n\t\t\t\t\t<div class=\"elementor-column elementor-col-100 elementor-top-column elementor-element elementor-element-31fcdc14\" data-id=\"31fcdc14\" data-element_type=\"column\">\n\t\t\t<div class=\"elementor-widget-wrap elementor-element-populated\">\n\t\t\t\t\t\t<div class=\"elementor-element elementor-element-7e198da9 elementor-widget elementor-widget-theme-post-featured-image elementor-widget-image\" data-id=\"7e198da9\" data-element_type=\"widget\" data-widget_type=\"theme-post-featured-image.default\">\n\t\t\t\t<div class=\"elementor-widget-container\">\n\t\t\t\t\t\t\t\t\t\t\t\t<figure class=\"wp-caption\">\n\t\t\t\t\t\t\t\t\t\t<img fetchpriority=\"high\" decoding=\"async\" width=\"1024\" height=\"683\" src=\"https:\/\/www.sichere-steiermark.at\/wp-content\/uploads\/2022\/07\/ld_stmk_weiz-1024x683.jpg\" class=\"attachment-large size-large wp-image-2326\" alt=\"\" srcset=\"https:\/\/www.sichere-steiermark.at\/wp-content\/uploads\/2022\/07\/ld_stmk_weiz-1024x683.jpg 1024w, https:\/\/www.sichere-steiermark.at\/wp-content\/uploads\/2022\/07\/ld_stmk_weiz-300x200.jpg 300w, https:\/\/www.sichere-steiermark.at\/wp-content\/uploads\/2022\/07\/ld_stmk_weiz-768x512.jpg 768w, https:\/\/www.sichere-steiermark.at\/wp-content\/uploads\/2022\/07\/ld_stmk_weiz.jpg 1200w\" sizes=\"(max-width: 1024px) 100vw, 1024px\" \/>\t\t\t\t\t\t\t\t\t\t\t<figcaption class=\"widget-image-caption wp-caption-text\">Fotocredit: \u00a9 Land Steiermark\/Resch | Landeshauptmann Hermann Sch\u00fctzenh\u00f6fer (Mitte), Landeshauptmann-Stellvertreter Anton Lang (rechts) und B\u00fcrgermeister Erwin Eggenreich (links) beim Durchschneiden eines Bandes bei der Er\u00f6ffnung der Ortsumfahrung Weiz.<\/figcaption>\n\t\t\t\t\t\t\t\t\t\t<\/figure>\n\t\t\t\t\t\t\t\t\t<\/div>\n\t\t\t\t<\/div>\n\t\t\t\t\t<\/div>\n\t\t<\/div>\n\t\t\t\t\t<\/div>\n\t\t<\/section>\n\t\t\t\t<section class=\"elementor-section elementor-top-section elementor-element elementor-element-8a7758b elementor-section-boxed elementor-section-height-default elementor-section-height-default\" data-id=\"8a7758b\" data-element_type=\"section\">\n\t\t\t\t\t\t<div class=\"elementor-container elementor-column-gap-default\">\n\t\t\t\t\t<div class=\"elementor-column elementor-col-100 elementor-top-column elementor-element elementor-element-4282a275\" data-id=\"4282a275\" data-element_type=\"column\">\n\t\t\t<div class=\"elementor-widget-wrap elementor-element-populated\">\n\t\t\t\t\t\t<div class=\"elementor-element elementor-element-4e1ef12b elementor-widget elementor-widget-theme-post-title elementor-page-title elementor-widget-heading\" data-id=\"4e1ef12b\" data-element_type=\"widget\" data-widget_type=\"theme-post-title.default\">\n\t\t\t\t<div class=\"elementor-widget-container\">\n\t\t\t\t\t<h1 class=\"elementor-heading-title elementor-size-xl\">Gute Fahrt,Weiz!<\/h1>\t\t\t\t<\/div>\n\t\t\t\t<\/div>\n\t\t\t\t\t<\/div>\n\t\t<\/div>\n\t\t\t\t\t<\/div>\n\t\t<\/section>\n\t\t\t\t<section class=\"elementor-section elementor-top-section elementor-element elementor-element-7bc2b27a elementor-section-boxed elementor-section-height-default elementor-section-height-default\" data-id=\"7bc2b27a\" data-element_type=\"section\">\n\t\t\t\t\t\t<div class=\"elementor-container elementor-column-gap-default\">\n\t\t\t\t\t<div class=\"elementor-column elementor-col-100 elementor-top-column elementor-element elementor-element-b4167d1\" data-id=\"b4167d1\" data-element_type=\"column\">\n\t\t\t<div class=\"elementor-widget-wrap elementor-element-populated\">\n\t\t\t\t\t\t<div class=\"elementor-element elementor-element-6e144f60 elementor-widget elementor-widget-text-editor\" data-id=\"6e144f60\" data-element_type=\"widget\" data-widget_type=\"text-editor.default\">\n\t\t\t\t<div class=\"elementor-widget-container\">\n\t\t\t\t\t\t\t\t\t<h3 style=\"text-align: center;\">Ortsumfahrung Preding \u2013 Weiz: Was 2011 begann, ist nun vollendet.<\/h3><p><strong>Der Lebens- und Wirtschaftsraum Weiz hat in den letzten Jahrzehnten ordentlich an Fahrt aufgenommen. Die Einwohnerzahlen des Bezirkes steigen ebenso wie die Betriebsansiedelungen und somit Arbeitspl\u00e4tze vor Ort. Eine dynamische und lebenswerte Bezirkshauptstadt bedarf aber auch einer angepassten und zukunftsfitten Infrastruktur. Von 2011 bis 2013 wurde die 2,6 km lange Ortsumfahrung Preding\u00a0\u2013 Weiz um rund 30 Millionen Euro errichtet.<\/strong><\/p><p>Im Jahr 2017 wurde der ein Kilometer lange, innerst\u00e4dtische Abschnitt 3a um 20 Millionen Euro finalisiert. Im Zuge dieser Projektphase wurden die verschiedenen Verkehrsarten entflochten.<br \/>So wurde die Schleppbahn (Andritz\/Hydro) auf einen eigenen Gleisk\u00f6rper verlegt. Die Landesbahn-Gleisanlage und somit die S-Bahn, wurde bis zum Schulzentrum um eine Station (Haltestelle \u201eWeiz-Nord\u201c) erweitert. \u2009Au\u00dferdem wurden gro\u00dfz\u00fcgige Geh- und Radwege auf beiden Stra\u00dfenseiten angelegt und insgesamt die Attraktivit\u00e4t des Stra\u00dfenraumes erh\u00f6ht.<br \/>Nach dem Baustart der Ortsdurchfahrt Weiz (Abschnitt 2) im Jahr 2019 wurde nun der L\u00fcckenschluss zwischen Teil 1 und Teil 3a des Gesamtprojektes Ortsumfahrung Preding \u2013 Weiz fertiggestellt. Kernst\u00fcck dieses 1,2 Kilometer langen Abschnitts sind die zwei Tunnel mit einer L\u00e4nge von 425 bzw. 274 Metern.<\/p><p>Trotz Pandemie-Unterbrechungen im Fr\u00fchjahr 2020 konnte das Projekt im geplanten Zeitrahmen umgesetzt werden. Die mit der Umsetzung beauftragten Baufirmen Arge Granit und Porr mussten im Zuge der Baufeldfreimachung auch Geb\u00e4ude (das Kubik-Haus sowie die Halle der Landesbahnen) abtragen. Das ungeliebte \u201eMausloch\u201c, die einspurige Unterf\u00fchrung unter der Feistritztalbahn, wurde abgerissen und durch eine moderne, \u00fcbersichtliche und ausreichend breite Unterf\u00fchrung ersetzt.<br \/>Seit die Ortsdurchfahrt am 27. Mai 2022 f\u00fcr den Verkehr freigegeben wurde und die Fahrzeuge durch das 70 Millionen Euro-Projekt rollen, wird die Verkehrssicherheit und der Verkehrsfluss der Weizer Ortsdurchfahrt von der Tunnelwarte in Hausmannst\u00e4tten \u00fcberwacht.<\/p><p>Landeshauptmann Hermann Sch\u00fctzenh\u00f6fer: \u201eDie St\u00e4rkung unserer steirischen Regionen ist uns ein besonderes Anliegen. Deshalb investieren wir auch in die entsprechende Infrastruktur vor Ort. Ich freue mich, dass die Ampeln nach jahrelanger Bauzeit nun auf Gr\u00fcn stehen und die Ortsdurchfahrt Weiz f\u00fcr den Verkehr freigegeben wurde. Einerseits wird damit die Lebensqualit\u00e4t der Bewohnerinnen und Bewohner verbessert und andererseits ist die neu ausgebaute Verkehrsverbindung eine wichtige Lebensader f\u00fcr einen starken Wirtschaftsstandort.\u201c<\/p>\t\t\t\t\t\t\t\t<\/div>\n\t\t\t\t<\/div>\n\t\t\t\t\t<\/div>\n\t\t<\/div>\n\t\t\t\t\t<\/div>\n\t\t<\/section>\n\t\t\t\t<section class=\"elementor-section elementor-top-section elementor-element elementor-element-59823500 elementor-section-boxed elementor-section-height-default elementor-section-height-default\" data-id=\"59823500\" data-element_type=\"section\">\n\t\t\t\t\t\t<div class=\"elementor-container elementor-column-gap-default\">\n\t\t\t\t\t<div class=\"elementor-column elementor-col-100 elementor-top-column elementor-element elementor-element-711daa1e\" data-id=\"711daa1e\" data-element_type=\"column\">\n\t\t\t<div class=\"elementor-widget-wrap elementor-element-populated\">\n\t\t\t\t\t\t<div class=\"elementor-element elementor-element-133f77e2 elementor-widget-divider--view-line elementor-widget elementor-widget-divider\" data-id=\"133f77e2\" data-element_type=\"widget\" data-widget_type=\"divider.default\">\n\t\t\t\t<div class=\"elementor-widget-container\">\n\t\t\t\t\t\t\t<div class=\"elementor-divider\">\n\t\t\t<span class=\"elementor-divider-separator\">\n\t\t\t\t\t\t<\/span>\n\t\t<\/div>\n\t\t\t\t\t\t<\/div>\n\t\t\t\t<\/div>\n\t\t\t\t\t<\/div>\n\t\t<\/div>\n\t\t\t\t\t<\/div>\n\t\t<\/section>\n\t\t\t\t<\/div>\n\t\t","protected":false},"excerpt":{"rendered":"<p>Ortsumfahrung Preding \u2013 Weiz: Was 2011 begann, ist nun vollendet. Der Lebens- und Wirtschaftsraum Weiz hat in den letzten Jahrzehnten ordentlich an Fahrt aufgenommen. Die Einwohnerzahlen des Bezirkes steigen ebenso wie die Betriebsansiedelungen und somit Arbeitspl\u00e4tze vor Ort. Eine dynamische und lebenswerte Bezirkshauptstadt bedarf aber auch einer angepassten und zukunftsfitten Infrastruktur. Von 2011 bis 2013 [&hellip;]<\/p>\n","protected":false},"author":1,"featured_media":2326,"comment_status":"open","ping_status":"open","sticky":false,"template":"","format":"standard","meta":{"ocean_post_layout":"","ocean_both_sidebars_style":"","ocean_both_sidebars_content_width":0,"ocean_both_sidebars_sidebars_width":0,"ocean_sidebar":"0","ocean_second_sidebar":"0","ocean_disable_margins":"enable","ocean_add_body_class":"","ocean_shortcode_before_top_bar":"","ocean_shortcode_after_top_bar":"","ocean_shortcode_before_header":"","ocean_shortcode_after_header":"","ocean_has_shortcode":"","ocean_shortcode_after_title":"","ocean_shortcode_before_footer_widgets":"","ocean_shortcode_after_footer_widgets":"","ocean_shortcode_before_footer_bottom":"","ocean_shortcode_after_footer_bottom":"","ocean_display_top_bar":"default","ocean_display_header":"default","ocean_header_style":"","ocean_center_header_left_menu":"0","ocean_custom_header_template":"0","ocean_custom_logo":0,"ocean_custom_retina_logo":0,"ocean_custom_logo_max_width":0,"ocean_custom_logo_tablet_max_width":0,"ocean_custom_logo_mobile_max_width":0,"ocean_custom_logo_max_height":0,"ocean_custom_logo_tablet_max_height":0,"ocean_custom_logo_mobile_max_height":0,"ocean_header_custom_menu":"0","ocean_menu_typo_font_family":"0","ocean_menu_typo_font_subset":"","ocean_menu_typo_font_size":0,"ocean_menu_typo_font_size_tablet":0,"ocean_menu_typo_font_size_mobile":0,"ocean_menu_typo_font_size_unit":"px","ocean_menu_typo_font_weight":"","ocean_menu_typo_font_weight_tablet":"","ocean_menu_typo_font_weight_mobile":"","ocean_menu_typo_transform":"","ocean_menu_typo_transform_tablet":"","ocean_menu_typo_transform_mobile":"","ocean_menu_typo_line_height":0,"ocean_menu_typo_line_height_tablet":0,"ocean_menu_typo_line_height_mobile":0,"ocean_menu_typo_line_height_unit":"","ocean_menu_typo_spacing":0,"ocean_menu_typo_spacing_tablet":0,"ocean_menu_typo_spacing_mobile":0,"ocean_menu_typo_spacing_unit":"","ocean_menu_link_color":"","ocean_menu_link_color_hover":"","ocean_menu_link_color_active":"","ocean_menu_link_background":"","ocean_menu_link_hover_background":"","ocean_menu_link_active_background":"","ocean_menu_social_links_bg":"","ocean_menu_social_hover_links_bg":"","ocean_menu_social_links_color":"","ocean_menu_social_hover_links_color":"","ocean_disable_title":"on","ocean_disable_heading":"default","ocean_post_title":"","ocean_post_subheading":"","ocean_post_title_style":"","ocean_post_title_background_color":"","ocean_post_title_background":0,"ocean_post_title_bg_image_position":"","ocean_post_title_bg_image_attachment":"","ocean_post_title_bg_image_repeat":"","ocean_post_title_bg_image_size":"","ocean_post_title_height":0,"ocean_post_title_bg_overlay":0.5,"ocean_post_title_bg_overlay_color":"","ocean_disable_breadcrumbs":"off","ocean_breadcrumbs_color":"","ocean_breadcrumbs_separator_color":"","ocean_breadcrumbs_links_color":"","ocean_breadcrumbs_links_hover_color":"","ocean_display_footer_widgets":"default","ocean_display_footer_bottom":"default","ocean_custom_footer_template":"0","osh_disable_topbar_sticky":"default","osh_disable_header_sticky":"default","osh_sticky_header_style":"default","osh_sticky_header_effect":"","osh_custom_sticky_logo":0,"osh_custom_retina_sticky_logo":0,"osh_custom_sticky_logo_height":0,"osh_background_color":"","osh_links_color":"","osh_links_hover_color":"","osh_links_active_color":"","osh_links_bg_color":"","osh_links_hover_bg_color":"","osh_links_active_bg_color":"","osh_menu_social_links_color":"","osh_menu_social_hover_links_color":"","ocean_post_oembed":"","ocean_post_self_hosted_media":"","ocean_post_video_embed":"","ocean_link_format":"","ocean_link_format_target":"self","ocean_quote_format":"","ocean_quote_format_link":"post","ocean_gallery_link_images":"off","ocean_gallery_id":[],"footnotes":""},"categories":[21],"tags":[136,190],"class_list":["post-2337","post","type-post","status-publish","format-standard","has-post-thumbnail","hentry","category-specials","tag-specials","tag-weiz","entry","has-media"],"_links":{"self":[{"href":"https:\/\/www.sichere-steiermark.at\/index.php?rest_route=\/wp\/v2\/posts\/2337","targetHints":{"allow":["GET"]}}],"collection":[{"href":"https:\/\/www.sichere-steiermark.at\/index.php?rest_route=\/wp\/v2\/posts"}],"about":[{"href":"https:\/\/www.sichere-steiermark.at\/index.php?rest_route=\/wp\/v2\/types\/post"}],"author":[{"embeddable":true,"href":"https:\/\/www.sichere-steiermark.at\/index.php?rest_route=\/wp\/v2\/users\/1"}],"replies":[{"embeddable":true,"href":"https:\/\/www.sichere-steiermark.at\/index.php?rest_route=%2Fwp%2Fv2%2Fcomments&post=2337"}],"version-history":[{"count":7,"href":"https:\/\/www.sichere-steiermark.at\/index.php?rest_route=\/wp\/v2\/posts\/2337\/revisions"}],"predecessor-version":[{"id":2345,"href":"https:\/\/www.sichere-steiermark.at\/index.php?rest_route=\/wp\/v2\/posts\/2337\/revisions\/2345"}],"wp:featuredmedia":[{"embeddable":true,"href":"https:\/\/www.sichere-steiermark.at\/index.php?rest_route=\/wp\/v2\/media\/2326"}],"wp:attachment":[{"href":"https:\/\/www.sichere-steiermark.at\/index.php?rest_route=%2Fwp%2Fv2%2Fmedia&parent=2337"}],"wp:term":[{"taxonomy":"category","embeddable":true,"href":"https:\/\/www.sichere-steiermark.at\/index.php?rest_route=%2Fwp%2Fv2%2Fcategories&post=2337"},{"taxonomy":"post_tag","embeddable":true,"href":"https:\/\/www.sichere-steiermark.at\/index.php?rest_route=%2Fwp%2Fv2%2Ftags&post=2337"}],"curies":[{"name":"wp","href":"https:\/\/api.w.org\/{rel}","templated":true}]}}