{"id":67,"date":"2020-04-03T09:00:53","date_gmt":"2020-04-03T07:00:53","guid":{"rendered":"https:\/\/demo.budflare.com\/simpleblog\/?p=67"},"modified":"2020-07-01T12:37:26","modified_gmt":"2020-07-01T10:37:26","slug":"interdumet-malesuada","status":"publish","type":"post","link":"https:\/\/www.sichere-steiermark.at\/?p=67","title":{"rendered":"BMW 8er Cabrio"},"content":{"rendered":"\t\t<div data-elementor-type=\"wp-post\" data-elementor-id=\"67\" class=\"elementor elementor-67\" data-elementor-post-type=\"post\">\n\t\t\t\t\t\t<section class=\"elementor-section elementor-top-section elementor-element elementor-element-64c92f6 elementor-section-boxed elementor-section-height-default elementor-section-height-default\" data-id=\"64c92f6\" data-element_type=\"section\">\n\t\t\t\t\t\t<div class=\"elementor-container elementor-column-gap-default\">\n\t\t\t\t\t<div class=\"elementor-column elementor-col-100 elementor-top-column elementor-element elementor-element-45b6819\" data-id=\"45b6819\" data-element_type=\"column\">\n\t\t\t<div class=\"elementor-widget-wrap elementor-element-populated\">\n\t\t\t\t\t\t<div class=\"elementor-element elementor-element-98e8917 elementor-widget elementor-widget-image\" data-id=\"98e8917\" data-element_type=\"widget\" data-widget_type=\"image.default\">\n\t\t\t\t<div class=\"elementor-widget-container\">\n\t\t\t\t\t\t\t\t\t\t\t\t<figure class=\"wp-caption\">\n\t\t\t\t\t\t\t\t\t\t\t<a href=\"https:\/\/www.sichere-steiermark.at\/wp-content\/uploads\/2020\/04\/bmw_01_20_01.jpg\" data-elementor-open-lightbox=\"yes\" data-elementor-lightbox-title=\"Foto: Hersteller BMW 8er\" data-e-action-hash=\"#elementor-action%3Aaction%3Dlightbox%26settings%3DeyJpZCI6MzY2LCJ1cmwiOiJodHRwczpcL1wvd3d3LnNpY2hlcmUtc3RlaWVybWFyay5hdFwvd3AtY29udGVudFwvdXBsb2Fkc1wvMjAyMFwvMDRcL2Jtd18wMV8yMF8wMS5qcGcifQ%3D%3D\">\n\t\t\t\t\t\t\t<img fetchpriority=\"high\" decoding=\"async\" width=\"1024\" height=\"683\" src=\"https:\/\/www.sichere-steiermark.at\/wp-content\/uploads\/2020\/04\/bmw_01_20_01-1024x683.jpg\" class=\"attachment-large size-large wp-image-366\" alt=\"\" srcset=\"https:\/\/www.sichere-steiermark.at\/wp-content\/uploads\/2020\/04\/bmw_01_20_01-1024x683.jpg 1024w, https:\/\/www.sichere-steiermark.at\/wp-content\/uploads\/2020\/04\/bmw_01_20_01-300x200.jpg 300w, https:\/\/www.sichere-steiermark.at\/wp-content\/uploads\/2020\/04\/bmw_01_20_01-768x512.jpg 768w, https:\/\/www.sichere-steiermark.at\/wp-content\/uploads\/2020\/04\/bmw_01_20_01.jpg 1200w\" sizes=\"(max-width: 1024px) 100vw, 1024px\" \/>\t\t\t\t\t\t\t\t<\/a>\n\t\t\t\t\t\t\t\t\t\t\t<figcaption class=\"widget-image-caption wp-caption-text\">Fotos Hersteller: BMW<\/figcaption>\n\t\t\t\t\t\t\t\t\t\t<\/figure>\n\t\t\t\t\t\t\t\t\t<\/div>\n\t\t\t\t<\/div>\n\t\t\t\t\t<\/div>\n\t\t<\/div>\n\t\t\t\t\t<\/div>\n\t\t<\/section>\n\t\t\t\t<section class=\"elementor-section elementor-top-section elementor-element elementor-element-cf21882 elementor-section-boxed elementor-section-height-default elementor-section-height-default\" data-id=\"cf21882\" data-element_type=\"section\">\n\t\t\t\t\t\t<div class=\"elementor-container elementor-column-gap-default\">\n\t\t\t\t\t<div class=\"elementor-column elementor-col-100 elementor-top-column elementor-element elementor-element-34c23ac\" data-id=\"34c23ac\" data-element_type=\"column\">\n\t\t\t<div class=\"elementor-widget-wrap elementor-element-populated\">\n\t\t\t\t\t\t<div class=\"elementor-element elementor-element-320b283 elementor-pagination-position-outside elementor-widget elementor-widget-image-carousel\" data-id=\"320b283\" data-element_type=\"widget\" data-settings=\"{&quot;slides_to_show&quot;:&quot;3&quot;,&quot;navigation&quot;:&quot;dots&quot;,&quot;autoplay&quot;:&quot;yes&quot;,&quot;pause_on_hover&quot;:&quot;yes&quot;,&quot;pause_on_interaction&quot;:&quot;yes&quot;,&quot;autoplay_speed&quot;:5000,&quot;infinite&quot;:&quot;yes&quot;,&quot;speed&quot;:500}\" data-widget_type=\"image-carousel.default\">\n\t\t\t\t<div class=\"elementor-widget-container\">\n\t\t\t\t\t\t\t<div class=\"elementor-image-carousel-wrapper swiper\" role=\"region\" aria-roledescription=\"carousel\" aria-label=\"Bild Karussell\" dir=\"ltr\">\n\t\t\t<div class=\"elementor-image-carousel swiper-wrapper\" aria-live=\"off\">\n\t\t\t\t\t\t\t\t<div class=\"swiper-slide\" role=\"group\" aria-roledescription=\"slide\" aria-label=\"1 von 6\"><a data-elementor-open-lightbox=\"yes\" data-elementor-lightbox-slideshow=\"320b283\" data-elementor-lightbox-title=\"Foto: Hersteller BMW 8er\" data-e-action-hash=\"#elementor-action%3Aaction%3Dlightbox%26settings%3DeyJpZCI6MzcyLCJ1cmwiOiJodHRwczpcL1wvd3d3LnNpY2hlcmUtc3RlaWVybWFyay5hdFwvd3AtY29udGVudFwvdXBsb2Fkc1wvMjAyMFwvMDRcL2Jtd18wN18yMF8wMS5qcGciLCJzbGlkZXNob3ciOiIzMjBiMjgzIn0%3D\" href=\"https:\/\/www.sichere-steiermark.at\/wp-content\/uploads\/2020\/04\/bmw_07_20_01.jpg\"><figure class=\"swiper-slide-inner\"><img decoding=\"async\" class=\"swiper-slide-image\" src=\"https:\/\/www.sichere-steiermark.at\/wp-content\/uploads\/2020\/04\/bmw_07_20_01-300x200.jpg\" alt=\"Foto: Hersteller BMW 8er\" \/><\/figure><\/a><\/div><div class=\"swiper-slide\" role=\"group\" aria-roledescription=\"slide\" aria-label=\"2 von 6\"><a data-elementor-open-lightbox=\"yes\" data-elementor-lightbox-slideshow=\"320b283\" data-elementor-lightbox-title=\"Foto: Hersteller BMW 8er\" data-e-action-hash=\"#elementor-action%3Aaction%3Dlightbox%26settings%3DeyJpZCI6MzY3LCJ1cmwiOiJodHRwczpcL1wvd3d3LnNpY2hlcmUtc3RlaWVybWFyay5hdFwvd3AtY29udGVudFwvdXBsb2Fkc1wvMjAyMFwvMDRcL2Jtd18wMl8yMF8wMS5qcGciLCJzbGlkZXNob3ciOiIzMjBiMjgzIn0%3D\" href=\"https:\/\/www.sichere-steiermark.at\/wp-content\/uploads\/2020\/04\/bmw_02_20_01.jpg\"><figure class=\"swiper-slide-inner\"><img decoding=\"async\" class=\"swiper-slide-image\" src=\"https:\/\/www.sichere-steiermark.at\/wp-content\/uploads\/2020\/04\/bmw_02_20_01-300x200.jpg\" alt=\"Foto: Hersteller BMW 8er\" \/><\/figure><\/a><\/div><div class=\"swiper-slide\" role=\"group\" aria-roledescription=\"slide\" aria-label=\"3 von 6\"><a data-elementor-open-lightbox=\"yes\" data-elementor-lightbox-slideshow=\"320b283\" data-elementor-lightbox-title=\"Foto: Hersteller BMW 8er\" data-e-action-hash=\"#elementor-action%3Aaction%3Dlightbox%26settings%3DeyJpZCI6MzY4LCJ1cmwiOiJodHRwczpcL1wvd3d3LnNpY2hlcmUtc3RlaWVybWFyay5hdFwvd3AtY29udGVudFwvdXBsb2Fkc1wvMjAyMFwvMDRcL2Jtd18wM18yMF8wMS5qcGciLCJzbGlkZXNob3ciOiIzMjBiMjgzIn0%3D\" href=\"https:\/\/www.sichere-steiermark.at\/wp-content\/uploads\/2020\/04\/bmw_03_20_01.jpg\"><figure class=\"swiper-slide-inner\"><img decoding=\"async\" class=\"swiper-slide-image\" src=\"https:\/\/www.sichere-steiermark.at\/wp-content\/uploads\/2020\/04\/bmw_03_20_01-300x200.jpg\" alt=\"Foto: Hersteller BMW 8er\" \/><\/figure><\/a><\/div><div class=\"swiper-slide\" role=\"group\" aria-roledescription=\"slide\" aria-label=\"4 von 6\"><a data-elementor-open-lightbox=\"yes\" data-elementor-lightbox-slideshow=\"320b283\" data-elementor-lightbox-title=\"Foto: Hersteller BMW 8er\" data-e-action-hash=\"#elementor-action%3Aaction%3Dlightbox%26settings%3DeyJpZCI6MzcxLCJ1cmwiOiJodHRwczpcL1wvd3d3LnNpY2hlcmUtc3RlaWVybWFyay5hdFwvd3AtY29udGVudFwvdXBsb2Fkc1wvMjAyMFwvMDRcL2Jtd18wNl8yMF8wMS5qcGciLCJzbGlkZXNob3ciOiIzMjBiMjgzIn0%3D\" href=\"https:\/\/www.sichere-steiermark.at\/wp-content\/uploads\/2020\/04\/bmw_06_20_01.jpg\"><figure class=\"swiper-slide-inner\"><img decoding=\"async\" class=\"swiper-slide-image\" src=\"https:\/\/www.sichere-steiermark.at\/wp-content\/uploads\/2020\/04\/bmw_06_20_01-300x200.jpg\" alt=\"Foto: Hersteller BMW 8er\" \/><\/figure><\/a><\/div><div class=\"swiper-slide\" role=\"group\" aria-roledescription=\"slide\" aria-label=\"5 von 6\"><a data-elementor-open-lightbox=\"yes\" data-elementor-lightbox-slideshow=\"320b283\" data-elementor-lightbox-title=\"Foto: Hersteller BMW 8er\" data-e-action-hash=\"#elementor-action%3Aaction%3Dlightbox%26settings%3DeyJpZCI6MzY5LCJ1cmwiOiJodHRwczpcL1wvd3d3LnNpY2hlcmUtc3RlaWVybWFyay5hdFwvd3AtY29udGVudFwvdXBsb2Fkc1wvMjAyMFwvMDRcL2Jtd18wNF8yMF8wMS5qcGciLCJzbGlkZXNob3ciOiIzMjBiMjgzIn0%3D\" href=\"https:\/\/www.sichere-steiermark.at\/wp-content\/uploads\/2020\/04\/bmw_04_20_01.jpg\"><figure class=\"swiper-slide-inner\"><img decoding=\"async\" class=\"swiper-slide-image\" src=\"https:\/\/www.sichere-steiermark.at\/wp-content\/uploads\/2020\/04\/bmw_04_20_01-300x200.jpg\" alt=\"Foto: Hersteller BMW 8er\" \/><\/figure><\/a><\/div><div class=\"swiper-slide\" role=\"group\" aria-roledescription=\"slide\" aria-label=\"6 von 6\"><a data-elementor-open-lightbox=\"yes\" data-elementor-lightbox-slideshow=\"320b283\" data-elementor-lightbox-title=\"Foto: Hersteller BMW 8er\" data-e-action-hash=\"#elementor-action%3Aaction%3Dlightbox%26settings%3DeyJpZCI6MzcwLCJ1cmwiOiJodHRwczpcL1wvd3d3LnNpY2hlcmUtc3RlaWVybWFyay5hdFwvd3AtY29udGVudFwvdXBsb2Fkc1wvMjAyMFwvMDRcL2Jtd18wNV8yMF8wMS5qcGciLCJzbGlkZXNob3ciOiIzMjBiMjgzIn0%3D\" href=\"https:\/\/www.sichere-steiermark.at\/wp-content\/uploads\/2020\/04\/bmw_05_20_01.jpg\"><figure class=\"swiper-slide-inner\"><img decoding=\"async\" class=\"swiper-slide-image\" src=\"https:\/\/www.sichere-steiermark.at\/wp-content\/uploads\/2020\/04\/bmw_05_20_01-300x200.jpg\" alt=\"Foto: Hersteller BMW 8er\" \/><\/figure><\/a><\/div>\t\t\t<\/div>\n\t\t\t\t\t\t\t\n\t\t\t\t\t\t\t\t\t<div class=\"swiper-pagination\"><\/div>\n\t\t\t\t\t\t\t\t\t<\/div>\n\t\t\t\t\t\t<\/div>\n\t\t\t\t<\/div>\n\t\t\t\t\t<\/div>\n\t\t<\/div>\n\t\t\t\t\t<\/div>\n\t\t<\/section>\n\t\t\t\t<section class=\"elementor-section elementor-top-section elementor-element elementor-element-2620fc8 elementor-section-boxed elementor-section-height-default elementor-section-height-default\" data-id=\"2620fc8\" data-element_type=\"section\">\n\t\t\t\t\t\t<div class=\"elementor-container elementor-column-gap-default\">\n\t\t\t\t\t<div class=\"elementor-column elementor-col-100 elementor-top-column elementor-element elementor-element-8cb0954\" data-id=\"8cb0954\" data-element_type=\"column\">\n\t\t\t<div class=\"elementor-widget-wrap elementor-element-populated\">\n\t\t\t\t\t\t<div class=\"elementor-element elementor-element-d6ccaef elementor-widget elementor-widget-theme-post-title elementor-page-title elementor-widget-heading\" data-id=\"d6ccaef\" data-element_type=\"widget\" data-widget_type=\"theme-post-title.default\">\n\t\t\t\t<div class=\"elementor-widget-container\">\n\t\t\t\t\t<h1 class=\"elementor-heading-title elementor-size-xxl\">BMW 8er Cabrio<\/h1>\t\t\t\t<\/div>\n\t\t\t\t<\/div>\n\t\t\t\t\t<\/div>\n\t\t<\/div>\n\t\t\t\t\t<\/div>\n\t\t<\/section>\n\t\t\t\t<section class=\"elementor-section elementor-top-section elementor-element elementor-element-b87543c elementor-section-boxed elementor-section-height-default elementor-section-height-default\" data-id=\"b87543c\" data-element_type=\"section\">\n\t\t\t\t\t\t<div class=\"elementor-container elementor-column-gap-default\">\n\t\t\t\t\t<div class=\"elementor-column elementor-col-100 elementor-top-column elementor-element elementor-element-2ecde68\" data-id=\"2ecde68\" data-element_type=\"column\">\n\t\t\t<div class=\"elementor-widget-wrap elementor-element-populated\">\n\t\t\t\t\t\t<div class=\"elementor-element elementor-element-de30d97 elementor-widget elementor-widget-text-editor\" data-id=\"de30d97\" data-element_type=\"widget\" data-widget_type=\"text-editor.default\">\n\t\t\t\t<div class=\"elementor-widget-container\">\n\t\t\t\t\t\t\t\t\t<h3>BMW setzt die Modelloffensive im Luxussegment fort und pr\u00e4sentiert einen offenen Sportwagen, der h\u00f6chste Anspr\u00fcche in den Bereichen Fahrdynamik, Emotionalit\u00e4t und Exklusivit\u00e4t erf\u00fcllt.<\/h3><p>Das neue BMW 8er Cabriolet verbindet herausragend sportliche Performance mit individueller Eleganz im Design und einer besonders luxuri\u00f6sen M\u00f6glichkeit, markentypische Fahrfreude und ein intensives Open-Air-Erlebnis zu genie\u00dfen.<\/p><p>Eine dynamisch gestreckte Linienf\u00fchrung und ein klassisches Textilverdeck pr\u00e4gen das eigenst\u00e4ndige Erscheinungsbild des offenen Viersitzers im Luxussegment. Die f\u00fcr die BMW-8er-Reihe entwickelte Antriebs- und Fahrwerkstechnik sowie eine au\u00dfergew\u00f6hnlich steife Karosseriestruktur bilden ideale Voraussetzungen f\u00fcr mitrei\u00dfende Sportlichkeit und souver\u00e4nen Langstreckenkomfort im neuen BMW 8er Cabriolet. Sein fortschrittlicher Charakter wird durch moderne Fahrerassistenzsysteme, ein Anzeige- und Bediensystem der j\u00fcngsten Generation und aktuellste Vernetzungstechnik einschlie\u00dflich BMW Intelligent Personal Assistant unterstrichen.<\/p><p>Das neue BMW 8er Cabriolet fasziniert beim entspannten Dahingleiten \u00fcber Gro\u00dfstadt-Boulevards ebenso wie auf kurvenreichen Landstra\u00dfen oder auf der Rennstrecke.<\/p><p>Zur Auswahl stehen drei besonders durchzugsstarke Motoren. Mit einer charakteristischen Kraft- und Soundentfaltung setzt sich der 390 kW\/530 PS starke V8-Ottomotor des BMW M850i xDrive Cabriolet (Kraftstoffverbrauch kombiniert: 10,0 bis 9,9 l\/100\u00a0km; CO2-Emissionen kombiniert: 229 bis 225 g\/km) in Szene. <br \/>Im BMW 840d xDrive Cabriolet (Kraftstoffverbrauch kombiniert: 6,3 bis 5,9 l\/100 km; CO2-Emissionen kombiniert: 165 bis 155 g\/km) kommt ein Reihensechszylinder-Diesel mit 235 kW\/320 PS zum Einsatz. <br \/>Und den BMW 840i gibt es als Heck oder Allrad Version mit 250 kW\/340 PS (Kraftstoffverbrauch kombiniert: 9,2 bis 8,9 l\/100 km; CO2-Emissionen kombiniert: 210 bis 201 g\/km \u2013 xDrive \/ Kraftstoffverbrauch kombiniert: 8,8 bis 839 l\/100 km; CO2-Emissionen kombiniert: 200 bis 189 g\/km Heckantrieb)<\/p><h3><b>Kraftvolle Formensprache, eigenst\u00e4ndige Linie<\/b><\/h3><p>Mit pr\u00e4zise gef\u00fchrten Linien und kraftvoll gestalteten Fl\u00e4chen verhilft die neue Designsprache der Marke dem BMW 8er Cabriolet zu einer individuellen, ebenso sportlichen wie eleganten Ausstrahlung. Vor allem bei ge\u00f6ffnetem Verdeck wird die stimmige Harmonie in der Gestaltung von Exterieur und Interieur deutlich. Die Armaturentafel, die T\u00fcrbr\u00fcstungen, die Schulterfl\u00e4chen im Bereich des Fonds und die Abdeckung des Verdeckkastens umschlie\u00dfen die Insassen auf den vier Sitzpl\u00e4tzen in einer flie\u00dfenden Bewegung. Die Verbindung zwischen Front und Heck wird dabei durch den b\u00fcndig ineinander \u00fcbergehenden Verlauf der Einfassung der Seitenfenster und des Verdeckkastens unterstrichen. Das gesamte Ambiente des Innenraums vermittelt Dynamik, Eleganz und individuellen Luxus.<\/p><p>Komfort und Sicherheit des neuen BMW 8er Cabriolet werden durch moderne Fahrerassistenzsysteme gesteigert. Zur serienm\u00e4\u00dfigen Ausstattung geh\u00f6ren das Head-Up-Display sowie der Driving Assistant, der die Auffahr- und Personenwarnung mit City-Bremsfunktion, die Spurverlassens- und die Spurwechselwarnung, die Speed-Limit-Info, die Querverkehrswarnung hinten und die Heckkollisionswarnung umfasst. Optional sind die aktive Geschwindigkeitsregelung mit Stop&amp;Go-Funktion, der Driving Assistant Professional, der zus\u00e4tzlich unter anderem den Lenk- und Spurf\u00fchrungsassistenten beinhaltet, sowie das System BMW Night Vision erh\u00e4ltlich. Zum Funktionsumfang des ebenfalls serienm\u00e4\u00dfigen Parkassistenten geh\u00f6ren R\u00fcckfahrkamera und R\u00fcckfahrassistent.<\/p><p>Serienm\u00e4\u00dfig ist das neue BMW 8er Cabriolet mit dem BMW Live Cockpit Professional ausgestattet. Es umfasst ein Navigations- und Multimediasystem sowie eine vollst\u00e4ndig digitale, hochaufl\u00f6sende Instrumentenkombi mit einer Bildschirmdiagonale von 12,3 Zoll hinter dem Lenkrad sowie ein 10,25 Zoll gro\u00dfes Control Display. Das neue BMW Operating System 7.0 zeichnet sich durch moderne, digitale und pr\u00e4zise an den Bed\u00fcrfnissen des Fahrers orientierte Funktionen aus. F\u00fcr die intuitive Bedienung hat der Fahrer die Wahl zwischen der Touch-Funktion des Control Displays, dem iDrive Controller, den Lenkradtasten und der Sprachsteuerung. Bestandteil des Bediensystems ist au\u00dferdem der BMW Intelligent Personal Assistant. Der per Sprachbedienung (\u201eHey BMW\u201c) aktivierbare digitale Begleiter unterst\u00fctzt den Fahrer bei der Bedienung von Fahrzeugfunktionen und gewinnt durch nahtlos \u00fcbertragene Updates mittels Remote Software Upgrade permanent an zus\u00e4tzlichen F\u00e4higkeiten.<\/p>\t\t\t\t\t\t\t\t<\/div>\n\t\t\t\t<\/div>\n\t\t\t\t\t<\/div>\n\t\t<\/div>\n\t\t\t\t\t<\/div>\n\t\t<\/section>\n\t\t\t\t<section class=\"elementor-section elementor-top-section elementor-element elementor-element-3ddfbf5 elementor-section-boxed elementor-section-height-default elementor-section-height-default\" data-id=\"3ddfbf5\" data-element_type=\"section\">\n\t\t\t\t\t\t<div class=\"elementor-container elementor-column-gap-default\">\n\t\t\t\t\t<div class=\"elementor-column elementor-col-100 elementor-top-column elementor-element elementor-element-4b99af2\" data-id=\"4b99af2\" data-element_type=\"column\">\n\t\t\t<div class=\"elementor-widget-wrap elementor-element-populated\">\n\t\t\t\t\t\t<div class=\"elementor-element elementor-element-7a31a1a elementor-widget-divider--view-line elementor-widget elementor-widget-divider\" data-id=\"7a31a1a\" data-element_type=\"widget\" data-widget_type=\"divider.default\">\n\t\t\t\t<div class=\"elementor-widget-container\">\n\t\t\t\t\t\t\t<div class=\"elementor-divider\">\n\t\t\t<span class=\"elementor-divider-separator\">\n\t\t\t\t\t\t<\/span>\n\t\t<\/div>\n\t\t\t\t\t\t<\/div>\n\t\t\t\t<\/div>\n\t\t\t\t\t<\/div>\n\t\t<\/div>\n\t\t\t\t\t<\/div>\n\t\t<\/section>\n\t\t\t\t<section class=\"elementor-section elementor-top-section elementor-element elementor-element-581456d elementor-section-boxed elementor-section-height-default elementor-section-height-default\" data-id=\"581456d\" data-element_type=\"section\">\n\t\t\t\t\t\t<div class=\"elementor-container elementor-column-gap-default\">\n\t\t\t\t\t<div class=\"elementor-column elementor-col-100 elementor-top-column elementor-element elementor-element-0ea3dc5\" data-id=\"0ea3dc5\" data-element_type=\"column\">\n\t\t\t<div class=\"elementor-widget-wrap elementor-element-populated\">\n\t\t\t\t\t\t<div class=\"elementor-element elementor-element-eb32a90 elementor-align-center elementor-widget elementor-widget-button\" data-id=\"eb32a90\" data-element_type=\"widget\" data-widget_type=\"button.default\">\n\t\t\t\t<div class=\"elementor-widget-container\">\n\t\t\t\t\t\t\t\t\t<div class=\"elementor-button-wrapper\">\n\t\t\t\t\t<a class=\"elementor-button elementor-button-link elementor-size-xs\" href=\"https:\/\/bmw-gady-graz.at\/\" target=\"_blank\">\n\t\t\t\t\t\t<span class=\"elementor-button-content-wrapper\">\n\t\t\t\t\t\t\t\t\t<span class=\"elementor-button-text\">GADY<\/span>\n\t\t\t\t\t<\/span>\n\t\t\t\t\t<\/a>\n\t\t\t\t<\/div>\n\t\t\t\t\t\t\t\t<\/div>\n\t\t\t\t<\/div>\n\t\t\t\t\t<\/div>\n\t\t<\/div>\n\t\t\t\t\t<\/div>\n\t\t<\/section>\n\t\t\t\t<\/div>\n\t\t","protected":false},"excerpt":{"rendered":"<p>Fotos Hersteller: BMW BMW setzt die Modelloffensive im Luxussegment fort und pr\u00e4sentiert einen offenen Sportwagen, der h\u00f6chste Anspr\u00fcche in den Bereichen Fahrdynamik, Emotionalit\u00e4t und Exklusivit\u00e4t erf\u00fcllt. Das neue BMW 8er Cabriolet verbindet herausragend sportliche Performance mit individueller Eleganz im Design und einer besonders luxuri\u00f6sen M\u00f6glichkeit, markentypische Fahrfreude und ein intensives Open-Air-Erlebnis zu genie\u00dfen. Eine dynamisch [&hellip;]<\/p>\n","protected":false},"author":1,"featured_media":366,"comment_status":"closed","ping_status":"open","sticky":false,"template":"","format":"standard","meta":{"ocean_post_layout":"","ocean_both_sidebars_style":"","ocean_both_sidebars_content_width":0,"ocean_both_sidebars_sidebars_width":0,"ocean_sidebar":"0","ocean_second_sidebar":"0","ocean_disable_margins":"enable","ocean_add_body_class":"","ocean_shortcode_before_top_bar":"","ocean_shortcode_after_top_bar":"","ocean_shortcode_before_header":"","ocean_shortcode_after_header":"","ocean_has_shortcode":"","ocean_shortcode_after_title":"","ocean_shortcode_before_footer_widgets":"","ocean_shortcode_after_footer_widgets":"","ocean_shortcode_before_footer_bottom":"","ocean_shortcode_after_footer_bottom":"","ocean_display_top_bar":"default","ocean_display_header":"default","ocean_header_style":"","ocean_center_header_left_menu":"0","ocean_custom_header_template":"0","ocean_custom_logo":0,"ocean_custom_retina_logo":0,"ocean_custom_logo_max_width":0,"ocean_custom_logo_tablet_max_width":0,"ocean_custom_logo_mobile_max_width":0,"ocean_custom_logo_max_height":0,"ocean_custom_logo_tablet_max_height":0,"ocean_custom_logo_mobile_max_height":0,"ocean_header_custom_menu":"0","ocean_menu_typo_font_family":"0","ocean_menu_typo_font_subset":"","ocean_menu_typo_font_size":0,"ocean_menu_typo_font_size_tablet":0,"ocean_menu_typo_font_size_mobile":0,"ocean_menu_typo_font_size_unit":"px","ocean_menu_typo_font_weight":"","ocean_menu_typo_font_weight_tablet":"","ocean_menu_typo_font_weight_mobile":"","ocean_menu_typo_transform":"","ocean_menu_typo_transform_tablet":"","ocean_menu_typo_transform_mobile":"","ocean_menu_typo_line_height":0,"ocean_menu_typo_line_height_tablet":0,"ocean_menu_typo_line_height_mobile":0,"ocean_menu_typo_line_height_unit":"","ocean_menu_typo_spacing":0,"ocean_menu_typo_spacing_tablet":0,"ocean_menu_typo_spacing_mobile":0,"ocean_menu_typo_spacing_unit":"","ocean_menu_link_color":"","ocean_menu_link_color_hover":"","ocean_menu_link_color_active":"","ocean_menu_link_background":"","ocean_menu_link_hover_background":"","ocean_menu_link_active_background":"","ocean_menu_social_links_bg":"","ocean_menu_social_hover_links_bg":"","ocean_menu_social_links_color":"","ocean_menu_social_hover_links_color":"","ocean_disable_title":"on","ocean_disable_heading":"default","ocean_post_title":"","ocean_post_subheading":"","ocean_post_title_style":"","ocean_post_title_background_color":"","ocean_post_title_background":0,"ocean_post_title_bg_image_position":"","ocean_post_title_bg_image_attachment":"","ocean_post_title_bg_image_repeat":"","ocean_post_title_bg_image_size":"","ocean_post_title_height":0,"ocean_post_title_bg_overlay":0.5,"ocean_post_title_bg_overlay_color":"","ocean_disable_breadcrumbs":"off","ocean_breadcrumbs_color":"","ocean_breadcrumbs_separator_color":"","ocean_breadcrumbs_links_color":"","ocean_breadcrumbs_links_hover_color":"","ocean_display_footer_widgets":"default","ocean_display_footer_bottom":"default","ocean_custom_footer_template":"0","osh_disable_topbar_sticky":"default","osh_disable_header_sticky":"default","osh_sticky_header_style":"default","osh_sticky_header_effect":"","osh_custom_sticky_logo":0,"osh_custom_retina_sticky_logo":0,"osh_custom_sticky_logo_height":0,"osh_background_color":"","osh_links_color":"","osh_links_hover_color":"","osh_links_active_color":"","osh_links_bg_color":"","osh_links_hover_bg_color":"","osh_links_active_bg_color":"","osh_menu_social_links_color":"","osh_menu_social_hover_links_color":"","ocean_post_oembed":"","ocean_post_self_hosted_media":"","ocean_post_video_embed":"","ocean_link_format":"","ocean_link_format_target":"self","ocean_quote_format":"","ocean_quote_format_link":"post","ocean_gallery_link_images":"off","ocean_gallery_id":[],"footnotes":""},"categories":[7],"tags":[39,29,45,44,46],"class_list":["post-67","post","type-post","status-publish","format-standard","has-post-thumbnail","hentry","category-autos","tag-allrad","tag-auto","tag-bmw","tag-cabrio","tag-xdrive","entry","has-media"],"_links":{"self":[{"href":"https:\/\/www.sichere-steiermark.at\/index.php?rest_route=\/wp\/v2\/posts\/67","targetHints":{"allow":["GET"]}}],"collection":[{"href":"https:\/\/www.sichere-steiermark.at\/index.php?rest_route=\/wp\/v2\/posts"}],"about":[{"href":"https:\/\/www.sichere-steiermark.at\/index.php?rest_route=\/wp\/v2\/types\/post"}],"author":[{"embeddable":true,"href":"https:\/\/www.sichere-steiermark.at\/index.php?rest_route=\/wp\/v2\/users\/1"}],"replies":[{"embeddable":true,"href":"https:\/\/www.sichere-steiermark.at\/index.php?rest_route=%2Fwp%2Fv2%2Fcomments&post=67"}],"version-history":[{"count":9,"href":"https:\/\/www.sichere-steiermark.at\/index.php?rest_route=\/wp\/v2\/posts\/67\/revisions"}],"predecessor-version":[{"id":784,"href":"https:\/\/www.sichere-steiermark.at\/index.php?rest_route=\/wp\/v2\/posts\/67\/revisions\/784"}],"wp:featuredmedia":[{"embeddable":true,"href":"https:\/\/www.sichere-steiermark.at\/index.php?rest_route=\/wp\/v2\/media\/366"}],"wp:attachment":[{"href":"https:\/\/www.sichere-steiermark.at\/index.php?rest_route=%2Fwp%2Fv2%2Fmedia&parent=67"}],"wp:term":[{"taxonomy":"category","embeddable":true,"href":"https:\/\/www.sichere-steiermark.at\/index.php?rest_route=%2Fwp%2Fv2%2Fcategories&post=67"},{"taxonomy":"post_tag","embeddable":true,"href":"https:\/\/www.sichere-steiermark.at\/index.php?rest_route=%2Fwp%2Fv2%2Ftags&post=67"}],"curies":[{"name":"wp","href":"https:\/\/api.w.org\/{rel}","templated":true}]}}