{"id":836,"date":"2020-07-01T14:22:27","date_gmt":"2020-07-01T12:22:27","guid":{"rendered":"https:\/\/www.sichere-steiermark.at\/?p=836"},"modified":"2020-07-01T14:26:10","modified_gmt":"2020-07-01T12:26:10","slug":"verschiebung-des-neuen-gesetzes-nachteile-fuer-drohnenpiloten","status":"publish","type":"post","link":"https:\/\/www.sichere-steiermark.at\/?p=836","title":{"rendered":"Verschiebung des neuen Gesetzes &#8211; Nachteile f\u00fcr Drohnenpiloten"},"content":{"rendered":"\t\t<div data-elementor-type=\"wp-post\" data-elementor-id=\"836\" class=\"elementor elementor-836\" data-elementor-post-type=\"post\">\n\t\t\t\t\t\t<section class=\"elementor-section elementor-top-section elementor-element elementor-element-a34e687 elementor-section-boxed elementor-section-height-default elementor-section-height-default\" data-id=\"a34e687\" data-element_type=\"section\">\n\t\t\t\t\t\t<div class=\"elementor-container elementor-column-gap-default\">\n\t\t\t\t\t<div class=\"elementor-column elementor-col-100 elementor-top-column elementor-element elementor-element-e284f33\" data-id=\"e284f33\" data-element_type=\"column\">\n\t\t\t<div class=\"elementor-widget-wrap elementor-element-populated\">\n\t\t\t\t\t\t<div class=\"elementor-element elementor-element-ce2a7f1 elementor-widget elementor-widget-theme-post-featured-image elementor-widget-image\" data-id=\"ce2a7f1\" data-element_type=\"widget\" data-widget_type=\"theme-post-featured-image.default\">\n\t\t\t\t<div class=\"elementor-widget-container\">\n\t\t\t\t\t\t\t\t\t\t\t\t<figure class=\"wp-caption\">\n\t\t\t\t\t\t\t\t\t\t<img fetchpriority=\"high\" decoding=\"async\" width=\"1024\" height=\"683\" src=\"https:\/\/www.sichere-steiermark.at\/wp-content\/uploads\/2020\/07\/oeamtc_drohne_tb_00004318_m-1024x683.jpg\" class=\"attachment-large size-large wp-image-837\" alt=\"\" srcset=\"https:\/\/www.sichere-steiermark.at\/wp-content\/uploads\/2020\/07\/oeamtc_drohne_tb_00004318_m-1024x683.jpg 1024w, https:\/\/www.sichere-steiermark.at\/wp-content\/uploads\/2020\/07\/oeamtc_drohne_tb_00004318_m-300x200.jpg 300w, https:\/\/www.sichere-steiermark.at\/wp-content\/uploads\/2020\/07\/oeamtc_drohne_tb_00004318_m-768x512.jpg 768w, https:\/\/www.sichere-steiermark.at\/wp-content\/uploads\/2020\/07\/oeamtc_drohne_tb_00004318_m.jpg 1200w\" sizes=\"(max-width: 1024px) 100vw, 1024px\" \/>\t\t\t\t\t\t\t\t\t\t\t<figcaption class=\"widget-image-caption wp-caption-text\">Fotos \u00d6AMTC<\/figcaption>\n\t\t\t\t\t\t\t\t\t\t<\/figure>\n\t\t\t\t\t\t\t\t\t<\/div>\n\t\t\t\t<\/div>\n\t\t\t\t\t<\/div>\n\t\t<\/div>\n\t\t\t\t\t<\/div>\n\t\t<\/section>\n\t\t\t\t<section class=\"elementor-section elementor-top-section elementor-element elementor-element-4e32cac elementor-section-boxed elementor-section-height-default elementor-section-height-default\" data-id=\"4e32cac\" data-element_type=\"section\">\n\t\t\t\t\t\t<div class=\"elementor-container elementor-column-gap-default\">\n\t\t\t\t\t<div class=\"elementor-column elementor-col-100 elementor-top-column elementor-element elementor-element-6d9e89d\" data-id=\"6d9e89d\" data-element_type=\"column\">\n\t\t\t<div class=\"elementor-widget-wrap elementor-element-populated\">\n\t\t\t\t\t\t<div class=\"elementor-element elementor-element-f6461ba elementor-widget elementor-widget-theme-post-title elementor-page-title elementor-widget-heading\" data-id=\"f6461ba\" data-element_type=\"widget\" data-widget_type=\"theme-post-title.default\">\n\t\t\t\t<div class=\"elementor-widget-container\">\n\t\t\t\t\t<h1 class=\"elementor-heading-title elementor-size-large\">Verschiebung des neuen Gesetzes &#8211; Nachteile f\u00fcr Drohnenpiloten<\/h1>\t\t\t\t<\/div>\n\t\t\t\t<\/div>\n\t\t\t\t\t<\/div>\n\t\t<\/div>\n\t\t\t\t\t<\/div>\n\t\t<\/section>\n\t\t\t\t<section class=\"elementor-section elementor-top-section elementor-element elementor-element-6667c1f elementor-section-boxed elementor-section-height-default elementor-section-height-default\" data-id=\"6667c1f\" data-element_type=\"section\">\n\t\t\t\t\t\t<div class=\"elementor-container elementor-column-gap-default\">\n\t\t\t\t\t<div class=\"elementor-column elementor-col-100 elementor-top-column elementor-element elementor-element-0d5e2b3\" data-id=\"0d5e2b3\" data-element_type=\"column\">\n\t\t\t<div class=\"elementor-widget-wrap elementor-element-populated\">\n\t\t\t\t\t\t<div class=\"elementor-element elementor-element-2c096a8 elementor-widget elementor-widget-text-editor\" data-id=\"2c096a8\" data-element_type=\"widget\" data-widget_type=\"text-editor.default\">\n\t\t\t\t<div class=\"elementor-widget-container\">\n\t\t\t\t\t\t\t\t\t<p><strong>Illegal im Luftraum unterwegs \u2013 Strafrahmen betr\u00e4gt bis zu 22.000 Euro<\/strong><\/p><p>Die Corona-Krise trifft auch die unbemannte Luftfahrt. Das f\u00fcr 1. Juli 2020 geplante EU-weite Drohnenregulativ wird von der EU-Kommission wohl auf J\u00e4nner 2021 verschoben \u2013 sehr zum Leidwesen der Drohnenpiloten. \u201eViele Drohnenpiloten haben die neuen Drohnen-Gesetze schon herbeigesehnt, da die erforderliche Online-Registrierung rascher und unkomplizierter funktionieren und mit ca. 30 Euro deutlich g\u00fcnstiger sein wird. Die aktuell notwendige Betriebsbewilligung der Luftfahrtbeh\u00f6rde kostet etwa 330 Euro\u201c, erkl\u00e4rt \u00d6AMTC-Drohnenexperte Benjamin Hetzendorfer.<\/p><p>Auch f\u00fcr etliche andere Verbesserungen f\u00fcr Drohnenpiloten hei\u00dft es nun warten. \u201eSo d\u00fcrfen nach derzeitiger Rechtslage die meisten Drohnen nur \u00fcber unbesiedeltem Gebiet fliegen. Diese Einschr\u00e4nkung wird mit dem neuen Gesetz zumindest f\u00fcr leichtere Drohnen wegfallen \u2013 mit klar definierten Abstandsregeln\u201c, so Hetzendorfer. F\u00fcr professionelle Anwender wird es mit dem neuen Regulativ mehr M\u00f6glichkeiten geben: So darf man dann z.\u2009\u2009B. Drohnen auch au\u00dferhalb der direkten Sichtverbindung im Rahmen sogenannter Standardszenarios fliegen. \u201eOn hold\u201c sind mit der Verschiebung auch Erleichterungen in der Praxis. \u201eSo soll bereits an der Verpackung der Drohne die entsprechende Klasse angebracht sein, alle weiteren Informationen zur Registrierung und den Anforderungen an den Drohnenpiloten liegen der Drohne ebenfalls bei\u201c, nennt der \u00d6AMTC-Drohnenexperte einige Vorteile.<\/p><p>Aufgrund der erwarteten Erleichterungen und Verbesserungen wollten viele Drohnenpiloten die Anmeldung bzw. Anschaffung eines Flugger\u00e4tes bis 1. Juli hin-ausz\u00f6gern. Nun hei\u00dft es weitere sechs Monate warten oder doch nach geltenden Bestimmungen fliegen. \u201eEine M\u00f6glichkeit w\u00e4re, die Drohne bis zur Geltung der neuen Gesetze als &#8218;Spielzeug&#8216; zu verwenden. Hier darf man die Drohne ohne luftfahrtrechtliche Bewilligung je nach Abfluggewicht bis maximal 30 Meter H\u00f6he \u2013 etwa bei einer 250 Gramm schweren Drohne \u2013 steuern\u201c, schl\u00e4gt Hetzendorfer als Alternative vor \u2013 wohlwissend, dass die meisten mit leistungsf\u00e4higeren Drohnen deutlich h\u00f6her fliegen wollen, um neue Perspektiven zu erlangen.<\/p><p>Die schlechteste Variante sei es, illegal im Luftraum unterwegs zu sein. \u201eDie Anzahl der &#8217;schwarzen Schafe&#8216; unter den Drohnenpiloten ist jetzt schon relativ hoch. Viele sind sich dabei nicht bewusst, dass der Strafrahmen daf\u00fcr bis 22.000 Euro betr\u00e4gt\u201c, stellt Hetzendorfer klar.<\/p><p><br \/><strong>Drohnen-Flugtrainings in\u00a0 <\/strong><strong>\u00d6AMTC Fahrtechnik Zentren \u2013 <\/strong><strong>neue Termine online<\/strong><\/p><p>Theoretische Grundlagen und ausreichend Praxis erh\u00e4lt man bei den Drohnen-Flugtrainings in den Fahrtechnik Zentren des \u00d6AMTC. \u201eIn unseren Drohnen-Flugtrainings k\u00f6nnen die Teilnehmer verschiedenste Modelle testen und den sicheren Umgang mit den Flugger\u00e4ten perfektionieren. \u2009Au\u00dferdem wird die aktuelle und zuk\u00fcnftige Rechtslage behandelt. Bei den Trainings profitieren angehende genauso wie erfahrene Drohnenpiloten von der \u00dcbung und dem Austausch\u201c, erkl\u00e4rt Karl-Martin Studener, Gesch\u00e4ftsf\u00fchrer der \u00d6AMTC Fahrtechnik. <br \/>Die neuen Termine findet man online unter <a href=\"https:\/\/www.oeamtc.at\/fahrtechnik\/drohnen\/\" target=\"_blank\" rel=\"noopener\">www.oeamtc.at\/fahrtechnik<\/a>.<\/p>\t\t\t\t\t\t\t\t<\/div>\n\t\t\t\t<\/div>\n\t\t\t\t\t<\/div>\n\t\t<\/div>\n\t\t\t\t\t<\/div>\n\t\t<\/section>\n\t\t\t\t<\/div>\n\t\t","protected":false},"excerpt":{"rendered":"<p>Illegal im Luftraum unterwegs \u2013 Strafrahmen betr\u00e4gt bis zu 22.000 Euro Die Corona-Krise trifft auch die unbemannte Luftfahrt. Das f\u00fcr 1. Juli 2020 geplante EU-weite Drohnenregulativ wird von der EU-Kommission wohl auf J\u00e4nner 2021 verschoben \u2013 sehr zum Leidwesen der Drohnenpiloten. \u201eViele Drohnenpiloten haben die neuen Drohnen-Gesetze schon herbeigesehnt, da die erforderliche Online-Registrierung rascher und [&hellip;]<\/p>\n","protected":false},"author":1,"featured_media":837,"comment_status":"open","ping_status":"open","sticky":false,"template":"","format":"standard","meta":{"ocean_post_layout":"","ocean_both_sidebars_style":"","ocean_both_sidebars_content_width":0,"ocean_both_sidebars_sidebars_width":0,"ocean_sidebar":"0","ocean_second_sidebar":"0","ocean_disable_margins":"enable","ocean_add_body_class":"","ocean_shortcode_before_top_bar":"","ocean_shortcode_after_top_bar":"","ocean_shortcode_before_header":"","ocean_shortcode_after_header":"","ocean_has_shortcode":"","ocean_shortcode_after_title":"","ocean_shortcode_before_footer_widgets":"","ocean_shortcode_after_footer_widgets":"","ocean_shortcode_before_footer_bottom":"","ocean_shortcode_after_footer_bottom":"","ocean_display_top_bar":"default","ocean_display_header":"default","ocean_header_style":"","ocean_center_header_left_menu":"0","ocean_custom_header_template":"0","ocean_custom_logo":0,"ocean_custom_retina_logo":0,"ocean_custom_logo_max_width":0,"ocean_custom_logo_tablet_max_width":0,"ocean_custom_logo_mobile_max_width":0,"ocean_custom_logo_max_height":0,"ocean_custom_logo_tablet_max_height":0,"ocean_custom_logo_mobile_max_height":0,"ocean_header_custom_menu":"0","ocean_menu_typo_font_family":"0","ocean_menu_typo_font_subset":"","ocean_menu_typo_font_size":0,"ocean_menu_typo_font_size_tablet":0,"ocean_menu_typo_font_size_mobile":0,"ocean_menu_typo_font_size_unit":"px","ocean_menu_typo_font_weight":"","ocean_menu_typo_font_weight_tablet":"","ocean_menu_typo_font_weight_mobile":"","ocean_menu_typo_transform":"","ocean_menu_typo_transform_tablet":"","ocean_menu_typo_transform_mobile":"","ocean_menu_typo_line_height":0,"ocean_menu_typo_line_height_tablet":0,"ocean_menu_typo_line_height_mobile":0,"ocean_menu_typo_line_height_unit":"","ocean_menu_typo_spacing":0,"ocean_menu_typo_spacing_tablet":0,"ocean_menu_typo_spacing_mobile":0,"ocean_menu_typo_spacing_unit":"","ocean_menu_link_color":"","ocean_menu_link_color_hover":"","ocean_menu_link_color_active":"","ocean_menu_link_background":"","ocean_menu_link_hover_background":"","ocean_menu_link_active_background":"","ocean_menu_social_links_bg":"","ocean_menu_social_hover_links_bg":"","ocean_menu_social_links_color":"","ocean_menu_social_hover_links_color":"","ocean_disable_title":"on","ocean_disable_heading":"default","ocean_post_title":"","ocean_post_subheading":"","ocean_post_title_style":"","ocean_post_title_background_color":"","ocean_post_title_background":0,"ocean_post_title_bg_image_position":"","ocean_post_title_bg_image_attachment":"","ocean_post_title_bg_image_repeat":"","ocean_post_title_bg_image_size":"","ocean_post_title_height":0,"ocean_post_title_bg_overlay":0.5,"ocean_post_title_bg_overlay_color":"","ocean_disable_breadcrumbs":"off","ocean_breadcrumbs_color":"","ocean_breadcrumbs_separator_color":"","ocean_breadcrumbs_links_color":"","ocean_breadcrumbs_links_hover_color":"","ocean_display_footer_widgets":"default","ocean_display_footer_bottom":"default","ocean_custom_footer_template":"0","osh_disable_topbar_sticky":"default","osh_disable_header_sticky":"default","osh_sticky_header_style":"default","osh_sticky_header_effect":"","osh_custom_sticky_logo":0,"osh_custom_retina_sticky_logo":0,"osh_custom_sticky_logo_height":0,"osh_background_color":"","osh_links_color":"","osh_links_hover_color":"","osh_links_active_color":"","osh_links_bg_color":"","osh_links_hover_bg_color":"","osh_links_active_bg_color":"","osh_menu_social_links_color":"","osh_menu_social_hover_links_color":"","ocean_post_oembed":"","ocean_post_self_hosted_media":"","ocean_post_video_embed":"","ocean_link_format":"","ocean_link_format_target":"self","ocean_quote_format":"","ocean_quote_format_link":"post","ocean_gallery_link_images":"off","ocean_gallery_id":[],"footnotes":""},"categories":[4],"tags":[73,98,99],"class_list":["post-836","post","type-post","status-publish","format-standard","has-post-thumbnail","hentry","category-aktivitaeten","tag-aktivitaeten","tag-drohnen","tag-gesetz","entry","has-media"],"_links":{"self":[{"href":"https:\/\/www.sichere-steiermark.at\/index.php?rest_route=\/wp\/v2\/posts\/836","targetHints":{"allow":["GET"]}}],"collection":[{"href":"https:\/\/www.sichere-steiermark.at\/index.php?rest_route=\/wp\/v2\/posts"}],"about":[{"href":"https:\/\/www.sichere-steiermark.at\/index.php?rest_route=\/wp\/v2\/types\/post"}],"author":[{"embeddable":true,"href":"https:\/\/www.sichere-steiermark.at\/index.php?rest_route=\/wp\/v2\/users\/1"}],"replies":[{"embeddable":true,"href":"https:\/\/www.sichere-steiermark.at\/index.php?rest_route=%2Fwp%2Fv2%2Fcomments&post=836"}],"version-history":[{"count":3,"href":"https:\/\/www.sichere-steiermark.at\/index.php?rest_route=\/wp\/v2\/posts\/836\/revisions"}],"predecessor-version":[{"id":840,"href":"https:\/\/www.sichere-steiermark.at\/index.php?rest_route=\/wp\/v2\/posts\/836\/revisions\/840"}],"wp:featuredmedia":[{"embeddable":true,"href":"https:\/\/www.sichere-steiermark.at\/index.php?rest_route=\/wp\/v2\/media\/837"}],"wp:attachment":[{"href":"https:\/\/www.sichere-steiermark.at\/index.php?rest_route=%2Fwp%2Fv2%2Fmedia&parent=836"}],"wp:term":[{"taxonomy":"category","embeddable":true,"href":"https:\/\/www.sichere-steiermark.at\/index.php?rest_route=%2Fwp%2Fv2%2Fcategories&post=836"},{"taxonomy":"post_tag","embeddable":true,"href":"https:\/\/www.sichere-steiermark.at\/index.php?rest_route=%2Fwp%2Fv2%2Ftags&post=836"}],"curies":[{"name":"wp","href":"https:\/\/api.w.org\/{rel}","templated":true}]}}