{"id":939,"date":"2020-10-12T11:58:00","date_gmt":"2020-10-12T09:58:00","guid":{"rendered":"https:\/\/www.sichere-steiermark.at\/?p=939"},"modified":"2020-10-12T12:10:09","modified_gmt":"2020-10-12T10:10:09","slug":"zukunft-ist-auswahl","status":"publish","type":"post","link":"https:\/\/www.sichere-steiermark.at\/?p=939","title":{"rendered":"Zukunft ist Auswahl"},"content":{"rendered":"\t\t<div data-elementor-type=\"wp-post\" data-elementor-id=\"939\" class=\"elementor elementor-939\" data-elementor-post-type=\"post\">\n\t\t\t\t\t\t<section class=\"elementor-section elementor-top-section elementor-element elementor-element-eef6341 elementor-section-boxed elementor-section-height-default elementor-section-height-default\" data-id=\"eef6341\" data-element_type=\"section\">\n\t\t\t\t\t\t<div class=\"elementor-container elementor-column-gap-default\">\n\t\t\t\t\t<div class=\"elementor-column elementor-col-100 elementor-top-column elementor-element elementor-element-08a53d4\" data-id=\"08a53d4\" data-element_type=\"column\">\n\t\t\t<div class=\"elementor-widget-wrap elementor-element-populated\">\n\t\t\t\t\t\t<div class=\"elementor-element elementor-element-e3adda0 elementor-widget elementor-widget-theme-post-featured-image elementor-widget-image\" data-id=\"e3adda0\" data-element_type=\"widget\" data-widget_type=\"theme-post-featured-image.default\">\n\t\t\t\t<div class=\"elementor-widget-container\">\n\t\t\t\t\t\t\t\t\t\t\t\t<figure class=\"wp-caption\">\n\t\t\t\t\t\t\t\t\t\t<img fetchpriority=\"high\" decoding=\"async\" width=\"1024\" height=\"679\" src=\"https:\/\/www.sichere-steiermark.at\/wp-content\/uploads\/2020\/10\/bmw_04-1024x679.jpg\" class=\"attachment-large size-large wp-image-940\" alt=\"\" srcset=\"https:\/\/www.sichere-steiermark.at\/wp-content\/uploads\/2020\/10\/bmw_04-1024x679.jpg 1024w, https:\/\/www.sichere-steiermark.at\/wp-content\/uploads\/2020\/10\/bmw_04-300x199.jpg 300w, https:\/\/www.sichere-steiermark.at\/wp-content\/uploads\/2020\/10\/bmw_04-768x509.jpg 768w, https:\/\/www.sichere-steiermark.at\/wp-content\/uploads\/2020\/10\/bmw_04.jpg 1200w\" sizes=\"(max-width: 1024px) 100vw, 1024px\" \/>\t\t\t\t\t\t\t\t\t\t\t<figcaption class=\"widget-image-caption wp-caption-text\">Fotos: Hersteller BMW<\/figcaption>\n\t\t\t\t\t\t\t\t\t\t<\/figure>\n\t\t\t\t\t\t\t\t\t<\/div>\n\t\t\t\t<\/div>\n\t\t\t\t\t<\/div>\n\t\t<\/div>\n\t\t\t\t\t<\/div>\n\t\t<\/section>\n\t\t\t\t<section class=\"elementor-section elementor-top-section elementor-element elementor-element-98dfa9f elementor-section-boxed elementor-section-height-default elementor-section-height-default\" data-id=\"98dfa9f\" data-element_type=\"section\">\n\t\t\t\t\t\t<div class=\"elementor-container elementor-column-gap-default\">\n\t\t\t\t\t<div class=\"elementor-column elementor-col-100 elementor-top-column elementor-element elementor-element-25bc7a8\" data-id=\"25bc7a8\" data-element_type=\"column\">\n\t\t\t<div class=\"elementor-widget-wrap elementor-element-populated\">\n\t\t\t\t\t\t<div class=\"elementor-element elementor-element-5620dde elementor-pagination-position-outside elementor-widget elementor-widget-image-carousel\" data-id=\"5620dde\" data-element_type=\"widget\" data-settings=\"{&quot;slides_to_show&quot;:&quot;3&quot;,&quot;navigation&quot;:&quot;dots&quot;,&quot;autoplay&quot;:&quot;yes&quot;,&quot;pause_on_hover&quot;:&quot;yes&quot;,&quot;pause_on_interaction&quot;:&quot;yes&quot;,&quot;autoplay_speed&quot;:5000,&quot;infinite&quot;:&quot;yes&quot;,&quot;speed&quot;:500}\" data-widget_type=\"image-carousel.default\">\n\t\t\t\t<div class=\"elementor-widget-container\">\n\t\t\t\t\t\t\t<div class=\"elementor-image-carousel-wrapper swiper\" role=\"region\" aria-roledescription=\"carousel\" aria-label=\"Bild Karussell\" dir=\"ltr\">\n\t\t\t<div class=\"elementor-image-carousel swiper-wrapper\" aria-live=\"off\">\n\t\t\t\t\t\t\t\t<div class=\"swiper-slide\" role=\"group\" aria-roledescription=\"slide\" aria-label=\"1 von 5\"><a data-elementor-open-lightbox=\"yes\" data-elementor-lightbox-slideshow=\"5620dde\" data-elementor-lightbox-title=\"bmw_01\" data-e-action-hash=\"#elementor-action%3Aaction%3Dlightbox%26settings%3DeyJpZCI6OTQ0LCJ1cmwiOiJodHRwczpcL1wvd3d3LnNpY2hlcmUtc3RlaWVybWFyay5hdFwvd3AtY29udGVudFwvdXBsb2Fkc1wvMjAyMFwvMTBcL2Jtd18wMS5qcGciLCJzbGlkZXNob3ciOiI1NjIwZGRlIn0%3D\" href=\"https:\/\/www.sichere-steiermark.at\/wp-content\/uploads\/2020\/10\/bmw_01.jpg\"><figure class=\"swiper-slide-inner\"><img decoding=\"async\" class=\"swiper-slide-image\" src=\"https:\/\/www.sichere-steiermark.at\/wp-content\/uploads\/2020\/10\/bmw_01-300x200.jpg\" alt=\"bmw_01\" \/><\/figure><\/a><\/div><div class=\"swiper-slide\" role=\"group\" aria-roledescription=\"slide\" aria-label=\"2 von 5\"><a data-elementor-open-lightbox=\"yes\" data-elementor-lightbox-slideshow=\"5620dde\" data-elementor-lightbox-title=\"bmw_03\" data-e-action-hash=\"#elementor-action%3Aaction%3Dlightbox%26settings%3DeyJpZCI6OTQ1LCJ1cmwiOiJodHRwczpcL1wvd3d3LnNpY2hlcmUtc3RlaWVybWFyay5hdFwvd3AtY29udGVudFwvdXBsb2Fkc1wvMjAyMFwvMTBcL2Jtd18wMy5qcGciLCJzbGlkZXNob3ciOiI1NjIwZGRlIn0%3D\" href=\"https:\/\/www.sichere-steiermark.at\/wp-content\/uploads\/2020\/10\/bmw_03.jpg\"><figure class=\"swiper-slide-inner\"><img decoding=\"async\" class=\"swiper-slide-image\" src=\"https:\/\/www.sichere-steiermark.at\/wp-content\/uploads\/2020\/10\/bmw_03-300x202.jpg\" alt=\"bmw_03\" \/><\/figure><\/a><\/div><div class=\"swiper-slide\" role=\"group\" aria-roledescription=\"slide\" aria-label=\"3 von 5\"><a data-elementor-open-lightbox=\"yes\" data-elementor-lightbox-slideshow=\"5620dde\" data-elementor-lightbox-title=\"bmw_07\" data-e-action-hash=\"#elementor-action%3Aaction%3Dlightbox%26settings%3DeyJpZCI6OTQ2LCJ1cmwiOiJodHRwczpcL1wvd3d3LnNpY2hlcmUtc3RlaWVybWFyay5hdFwvd3AtY29udGVudFwvdXBsb2Fkc1wvMjAyMFwvMTBcL2Jtd18wNy5qcGciLCJzbGlkZXNob3ciOiI1NjIwZGRlIn0%3D\" href=\"https:\/\/www.sichere-steiermark.at\/wp-content\/uploads\/2020\/10\/bmw_07.jpg\"><figure class=\"swiper-slide-inner\"><img decoding=\"async\" class=\"swiper-slide-image\" src=\"https:\/\/www.sichere-steiermark.at\/wp-content\/uploads\/2020\/10\/bmw_07-300x200.jpg\" alt=\"bmw_07\" \/><\/figure><\/a><\/div><div class=\"swiper-slide\" role=\"group\" aria-roledescription=\"slide\" aria-label=\"4 von 5\"><a data-elementor-open-lightbox=\"yes\" data-elementor-lightbox-slideshow=\"5620dde\" data-elementor-lightbox-title=\"bmw_09\" data-e-action-hash=\"#elementor-action%3Aaction%3Dlightbox%26settings%3DeyJpZCI6OTQ3LCJ1cmwiOiJodHRwczpcL1wvd3d3LnNpY2hlcmUtc3RlaWVybWFyay5hdFwvd3AtY29udGVudFwvdXBsb2Fkc1wvMjAyMFwvMTBcL2Jtd18wOS5qcGciLCJzbGlkZXNob3ciOiI1NjIwZGRlIn0%3D\" href=\"https:\/\/www.sichere-steiermark.at\/wp-content\/uploads\/2020\/10\/bmw_09.jpg\"><figure class=\"swiper-slide-inner\"><img decoding=\"async\" class=\"swiper-slide-image\" src=\"https:\/\/www.sichere-steiermark.at\/wp-content\/uploads\/2020\/10\/bmw_09-300x200.jpg\" alt=\"bmw_09\" \/><\/figure><\/a><\/div><div class=\"swiper-slide\" role=\"group\" aria-roledescription=\"slide\" aria-label=\"5 von 5\"><a data-elementor-open-lightbox=\"yes\" data-elementor-lightbox-slideshow=\"5620dde\" data-elementor-lightbox-title=\"bmw_10\" data-e-action-hash=\"#elementor-action%3Aaction%3Dlightbox%26settings%3DeyJpZCI6OTQ4LCJ1cmwiOiJodHRwczpcL1wvd3d3LnNpY2hlcmUtc3RlaWVybWFyay5hdFwvd3AtY29udGVudFwvdXBsb2Fkc1wvMjAyMFwvMTBcL2Jtd18xMC5qcGciLCJzbGlkZXNob3ciOiI1NjIwZGRlIn0%3D\" href=\"https:\/\/www.sichere-steiermark.at\/wp-content\/uploads\/2020\/10\/bmw_10.jpg\"><figure class=\"swiper-slide-inner\"><img decoding=\"async\" class=\"swiper-slide-image\" src=\"https:\/\/www.sichere-steiermark.at\/wp-content\/uploads\/2020\/10\/bmw_10-300x200.jpg\" alt=\"bmw_10\" \/><\/figure><\/a><\/div>\t\t\t<\/div>\n\t\t\t\t\t\t\t\n\t\t\t\t\t\t\t\t\t<div class=\"swiper-pagination\"><\/div>\n\t\t\t\t\t\t\t\t\t<\/div>\n\t\t\t\t\t\t<\/div>\n\t\t\t\t<\/div>\n\t\t\t\t\t<\/div>\n\t\t<\/div>\n\t\t\t\t\t<\/div>\n\t\t<\/section>\n\t\t\t\t<section class=\"elementor-section elementor-top-section elementor-element elementor-element-4ac4d8a elementor-section-boxed elementor-section-height-default elementor-section-height-default\" data-id=\"4ac4d8a\" data-element_type=\"section\">\n\t\t\t\t\t\t<div class=\"elementor-container elementor-column-gap-default\">\n\t\t\t\t\t<div class=\"elementor-column elementor-col-100 elementor-top-column elementor-element elementor-element-3f71edc\" data-id=\"3f71edc\" data-element_type=\"column\">\n\t\t\t<div class=\"elementor-widget-wrap elementor-element-populated\">\n\t\t\t\t\t\t<div class=\"elementor-element elementor-element-371efa8 elementor-widget elementor-widget-theme-post-title elementor-page-title elementor-widget-heading\" data-id=\"371efa8\" data-element_type=\"widget\" data-widget_type=\"theme-post-title.default\">\n\t\t\t\t<div class=\"elementor-widget-container\">\n\t\t\t\t\t<h1 class=\"elementor-heading-title elementor-size-xxl\">Zukunft ist Auswahl<\/h1>\t\t\t\t<\/div>\n\t\t\t\t<\/div>\n\t\t\t\t\t<\/div>\n\t\t<\/div>\n\t\t\t\t\t<\/div>\n\t\t<\/section>\n\t\t\t\t<section class=\"elementor-section elementor-top-section elementor-element elementor-element-6de19cc elementor-section-boxed elementor-section-height-default elementor-section-height-default\" data-id=\"6de19cc\" data-element_type=\"section\">\n\t\t\t\t\t\t<div class=\"elementor-container elementor-column-gap-default\">\n\t\t\t\t\t<div class=\"elementor-column elementor-col-100 elementor-top-column elementor-element elementor-element-16eb889\" data-id=\"16eb889\" data-element_type=\"column\">\n\t\t\t<div class=\"elementor-widget-wrap elementor-element-populated\">\n\t\t\t\t\t\t<div class=\"elementor-element elementor-element-6be5202 elementor-widget elementor-widget-text-editor\" data-id=\"6be5202\" data-element_type=\"widget\" data-widget_type=\"text-editor.default\">\n\t\t\t\t<div class=\"elementor-widget-container\">\n\t\t\t\t\t\t\t\t\t<h4>BMW setzt mit seiner Firmen-<br \/>Philosophie \u201eZunkunft ist Auswahl\u201c einen gro\u00dfen Schritt in Richtung Individualisierung und erm\u00f6glicht seinen Kunden damit, die Zukunft selbst in die Hand zu nehmen.<br \/>Noch nie war die Auswahlm\u00f6glichkeit in Bezug auf Design, Antrieb, Assistenzsysteme und Digitalisierung so gro\u00df und breit gef\u00e4chert wie heute bei BMW. <br \/>Damit erm\u00f6glicht BMW, dass sich jeder Kunde genau das Auto konfiguriert, das auf seine Bed\u00fcrfnisse und W\u00fcnsche an seine Mobilit\u00e4t zugeschnitten ist und mit dem er noch mehr Freude am Fahren hat.<\/h4>\t\t\t\t\t\t\t\t<\/div>\n\t\t\t\t<\/div>\n\t\t\t\t\t<\/div>\n\t\t<\/div>\n\t\t\t\t\t<\/div>\n\t\t<\/section>\n\t\t\t\t<section class=\"elementor-section elementor-top-section elementor-element elementor-element-c5f5717 elementor-section-boxed elementor-section-height-default elementor-section-height-default\" data-id=\"c5f5717\" data-element_type=\"section\">\n\t\t\t\t\t\t<div class=\"elementor-container elementor-column-gap-default\">\n\t\t\t\t\t<div class=\"elementor-column elementor-col-100 elementor-top-column elementor-element elementor-element-f4a95cb\" data-id=\"f4a95cb\" data-element_type=\"column\">\n\t\t\t<div class=\"elementor-widget-wrap elementor-element-populated\">\n\t\t\t\t\t\t<div class=\"elementor-element elementor-element-ddceae9 elementor-widget elementor-widget-image\" data-id=\"ddceae9\" data-element_type=\"widget\" data-widget_type=\"image.default\">\n\t\t\t\t<div class=\"elementor-widget-container\">\n\t\t\t\t\t\t\t\t\t\t\t\t\t\t\t<img decoding=\"async\" width=\"1024\" height=\"683\" src=\"https:\/\/www.sichere-steiermark.at\/wp-content\/uploads\/2020\/10\/bmw_05-1024x683.jpg\" class=\"attachment-large size-large wp-image-949\" alt=\"\" srcset=\"https:\/\/www.sichere-steiermark.at\/wp-content\/uploads\/2020\/10\/bmw_05-1024x683.jpg 1024w, https:\/\/www.sichere-steiermark.at\/wp-content\/uploads\/2020\/10\/bmw_05-300x200.jpg 300w, https:\/\/www.sichere-steiermark.at\/wp-content\/uploads\/2020\/10\/bmw_05-768x512.jpg 768w, https:\/\/www.sichere-steiermark.at\/wp-content\/uploads\/2020\/10\/bmw_05.jpg 1200w\" sizes=\"(max-width: 1024px) 100vw, 1024px\" \/>\t\t\t\t\t\t\t\t\t\t\t\t\t\t\t<\/div>\n\t\t\t\t<\/div>\n\t\t\t\t<div class=\"elementor-element elementor-element-63aab6a elementor-widget elementor-widget-text-editor\" data-id=\"63aab6a\" data-element_type=\"widget\" data-widget_type=\"text-editor.default\">\n\t\t\t\t<div class=\"elementor-widget-container\">\n\t\t\t\t\t\t\t\t\t<h2>Digitalisierung<\/h2><p>Was kann Ihr BMW f\u00fcr Sie tun? Eine Vielzahl n\u00fctzlicher Dienste erleichtern smart und innovativ Ihr Leben und machen jede Fahrt zum Erlebnis. BMW Connectet+ zum Beispiel erm\u00f6glicht eine noch einfachere Anzeige und Bedienung von Smartphone-Inhalten auf dem Control Display des BMW. Ein anderes Beispiel ist der BMW Digital Key \u2013 ein digitaler Autoschl\u00fcssel, mit dem Sie Ihren BMW komfortabel und sicher entriegeln, abschlie\u00dfen und auch starten k\u00f6nnen \u2013, all das mit Ihrem iPhone.<br \/>Aber auch die Smartphone-Integration h\u00e4lt in Ihrem neuen BMW Einzug. Mit ihr unterst\u00fctzt Ihr Fahrzeug Apple Car Play\u00ae und Android Auto\u00ae mittels kabelloser Verbindung von Smartphone und Fahrzeug. Dadurch k\u00f6nnen Sie bequem gewohnte Funktionen und verschiedene Apps im Fahrzeug nutzen.<\/p>\t\t\t\t\t\t\t\t<\/div>\n\t\t\t\t<\/div>\n\t\t\t\t\t<\/div>\n\t\t<\/div>\n\t\t\t\t\t<\/div>\n\t\t<\/section>\n\t\t\t\t<section class=\"elementor-section elementor-top-section elementor-element elementor-element-49aa74a elementor-section-boxed elementor-section-height-default elementor-section-height-default\" data-id=\"49aa74a\" data-element_type=\"section\">\n\t\t\t\t\t\t<div class=\"elementor-container elementor-column-gap-default\">\n\t\t\t\t\t<div class=\"elementor-column elementor-col-100 elementor-top-column elementor-element elementor-element-307ea67\" data-id=\"307ea67\" data-element_type=\"column\">\n\t\t\t<div class=\"elementor-widget-wrap elementor-element-populated\">\n\t\t\t\t\t\t<div class=\"elementor-element elementor-element-920581d elementor-widget elementor-widget-image\" data-id=\"920581d\" data-element_type=\"widget\" data-widget_type=\"image.default\">\n\t\t\t\t<div class=\"elementor-widget-container\">\n\t\t\t\t\t\t\t\t\t\t\t\t\t\t\t<img fetchpriority=\"high\" decoding=\"async\" width=\"1024\" height=\"679\" src=\"https:\/\/www.sichere-steiermark.at\/wp-content\/uploads\/2020\/10\/bmw_04-1024x679.jpg\" class=\"attachment-large size-large wp-image-940\" alt=\"\" srcset=\"https:\/\/www.sichere-steiermark.at\/wp-content\/uploads\/2020\/10\/bmw_04-1024x679.jpg 1024w, https:\/\/www.sichere-steiermark.at\/wp-content\/uploads\/2020\/10\/bmw_04-300x199.jpg 300w, https:\/\/www.sichere-steiermark.at\/wp-content\/uploads\/2020\/10\/bmw_04-768x509.jpg 768w, https:\/\/www.sichere-steiermark.at\/wp-content\/uploads\/2020\/10\/bmw_04.jpg 1200w\" sizes=\"(max-width: 1024px) 100vw, 1024px\" \/>\t\t\t\t\t\t\t\t\t\t\t\t\t\t\t<\/div>\n\t\t\t\t<\/div>\n\t\t\t\t<div class=\"elementor-element elementor-element-4f7731d elementor-widget elementor-widget-text-editor\" data-id=\"4f7731d\" data-element_type=\"widget\" data-widget_type=\"text-editor.default\">\n\t\t\t\t<div class=\"elementor-widget-container\">\n\t\t\t\t\t\t\t\t\t<h2>Design und Ausstattung<\/h2><p>Entdecken Sie die \u2009Vielfalt. F\u00fcr Ihren neuen BMW steht eine gro\u00dfe Auswahl an Ausstattungslinien f\u00fcr Sie bereit.\u00a0<span style=\"font-size: 14px;\">So bekommt Ihr neuer BMW z. B. mit der Ausstattungslinie M Sport einen komplett neuen Look. Sie streichen mit einem M Aerodynamikpaket mit Frontsch\u00fcrze, Seitenschwellern und Hecksch\u00fcrze in Wagenfarbe, die BMW-typische Sportlichkeit wesentlich heraus und gewinnen zudem noch zus\u00e4tzliche fahrdynamische Qualit\u00e4t. \u2009Auch im Innenraum setzt sich diese Sportlichkeit durch Sportsitze und ein M Sportlederlenkrad fort.\u00a0<\/span><span style=\"font-size: 14px;\">Mit den Ausstattungslinien Advantage, Sport Line, Luxury Line, M Sportpaket oder xLine, bringen Sie noch mehr Individualit\u00e4t und Freude am Fahren in Ihren neuen BMW.<\/span><\/p><div>\u00a0<\/div>\t\t\t\t\t\t\t\t<\/div>\n\t\t\t\t<\/div>\n\t\t\t\t\t<\/div>\n\t\t<\/div>\n\t\t\t\t\t<\/div>\n\t\t<\/section>\n\t\t\t\t<section class=\"elementor-section elementor-top-section elementor-element elementor-element-4123041 elementor-section-boxed elementor-section-height-default elementor-section-height-default\" data-id=\"4123041\" data-element_type=\"section\">\n\t\t\t\t\t\t<div class=\"elementor-container elementor-column-gap-default\">\n\t\t\t\t\t<div class=\"elementor-column elementor-col-100 elementor-top-column elementor-element elementor-element-a434ef3\" data-id=\"a434ef3\" data-element_type=\"column\">\n\t\t\t<div class=\"elementor-widget-wrap elementor-element-populated\">\n\t\t\t\t\t\t<div class=\"elementor-element elementor-element-eb00721 elementor-widget elementor-widget-image\" data-id=\"eb00721\" data-element_type=\"widget\" data-widget_type=\"image.default\">\n\t\t\t\t<div class=\"elementor-widget-container\">\n\t\t\t\t\t\t\t\t\t\t\t\t\t\t\t<img decoding=\"async\" width=\"1024\" height=\"682\" src=\"https:\/\/www.sichere-steiermark.at\/wp-content\/uploads\/2020\/10\/bmw_06-1024x682.jpg\" class=\"attachment-large size-large wp-image-951\" alt=\"\" srcset=\"https:\/\/www.sichere-steiermark.at\/wp-content\/uploads\/2020\/10\/bmw_06-1024x682.jpg 1024w, https:\/\/www.sichere-steiermark.at\/wp-content\/uploads\/2020\/10\/bmw_06-300x200.jpg 300w, https:\/\/www.sichere-steiermark.at\/wp-content\/uploads\/2020\/10\/bmw_06-768x511.jpg 768w, https:\/\/www.sichere-steiermark.at\/wp-content\/uploads\/2020\/10\/bmw_06.jpg 1200w\" sizes=\"(max-width: 1024px) 100vw, 1024px\" \/>\t\t\t\t\t\t\t\t\t\t\t\t\t\t\t<\/div>\n\t\t\t\t<\/div>\n\t\t\t\t<div class=\"elementor-element elementor-element-588b182 elementor-widget elementor-widget-text-editor\" data-id=\"588b182\" data-element_type=\"widget\" data-widget_type=\"text-editor.default\">\n\t\t\t\t<div class=\"elementor-widget-container\">\n\t\t\t\t\t\t\t\t\t<h2>Zukunftsweisende Antriebskonzepte<\/h2><p>\u00a0<\/p><p>Ob Twinpower-Turbo-Motoren, Plug-In-Hybrid oder eDrive \u2013 BMW setzt f\u00fcr noch mehr Freude am Fahren innovative Antriebskonzepte ein, die f\u00fcr mehr Dynamik und Leistungsf\u00e4higkeit bei weniger Emission und \u2009Verbrauch sorgen.\u00a0<span style=\"font-size: 14px;\">In der neuesten Generation pr\u00e4sentiert sich die BMW EfficientDynamics Motorenfamilie sparsamer, schadstoff\u00e4rmer und leistungsst\u00e4rker denn je. \u2009Auch in den BMW TwinPower Turbo-Dieselmotoren spiegelt sich die konsequente Umsetzung des BMW EfficientDynamics Gedankens \u2013 Bestwerte bei Sparsamkeit, Kraftausbeute und Laufverhalten mit niedrigem Verbrauch zu kombinieren \u2013 wider.\u00a0<\/span><\/p><p><span style=\"font-size: 14px;\">BMW Fahrzeuge mit Hybridantrieb verf\u00fcgen \u00fcber zwei Motoren: einen Verbrennungs- und einen Elektromotor. In Verbindung mit modernsten Lithium-Ionen-Hochleistungsakkus f\u00fchrt dies zu einer erh\u00f6hten Reichweite und einem Plus an Kraft und Dynamik. Das Wiederaufladen des Akkus kann sowohl \u00fcber normale Steckdosen und Ladestationen geschehen, als auch \u00fcber die Bremsenergier\u00fcckgewinnung.\u00a0<\/span><span style=\"font-size: 14px;\">Die zukunftweisenden BMW Elektrofahrzeuge mit eDrive-Antrieb fahren ausschlie\u00dflich mit Strom, der, in einer Batterie gespeichert, die elektrische Reichweite bestimmt. Das Aufladen kann an der normalen Steckdose, an BMW Wallboxen oder an \u00f6ffentlichen Ladestationen erfolgen.<\/span><\/p><p>Zus\u00e4tzlich forscht BMW seit Jahren an alternativen Antriebsformen wie der Wasserstoff-Brennstoffzellen-Technologie, die eine uneingeschr\u00e4nkte emissionsfreie Mobilit\u00e4t erm\u00f6glicht.\u00a0<span style=\"font-size: 14px;\">Die Antriebstechnologie bei BMW bedeutet f\u00fcr den Kunden auch bei verantwortungsvoller pers\u00f6nlicher Wahl keine Kompromisse eingehen zu m\u00fcssen.\u00a0<\/span><\/p><p>.<\/p>\t\t\t\t\t\t\t\t<\/div>\n\t\t\t\t<\/div>\n\t\t\t\t\t<\/div>\n\t\t<\/div>\n\t\t\t\t\t<\/div>\n\t\t<\/section>\n\t\t\t\t<section class=\"elementor-section elementor-top-section elementor-element elementor-element-04a20be elementor-section-boxed elementor-section-height-default elementor-section-height-default\" data-id=\"04a20be\" data-element_type=\"section\">\n\t\t\t\t\t\t<div class=\"elementor-container elementor-column-gap-default\">\n\t\t\t\t\t<div class=\"elementor-column elementor-col-100 elementor-top-column elementor-element elementor-element-7203d9a\" data-id=\"7203d9a\" data-element_type=\"column\">\n\t\t\t<div class=\"elementor-widget-wrap elementor-element-populated\">\n\t\t\t\t\t\t<div class=\"elementor-element elementor-element-e586132 elementor-widget elementor-widget-image\" data-id=\"e586132\" data-element_type=\"widget\" data-widget_type=\"image.default\">\n\t\t\t\t<div class=\"elementor-widget-container\">\n\t\t\t\t\t\t\t\t\t\t\t\t\t\t\t<img loading=\"lazy\" decoding=\"async\" width=\"1024\" height=\"691\" src=\"https:\/\/www.sichere-steiermark.at\/wp-content\/uploads\/2020\/10\/bmw_08-1024x691.jpg\" class=\"attachment-large size-large wp-image-952\" alt=\"\" srcset=\"https:\/\/www.sichere-steiermark.at\/wp-content\/uploads\/2020\/10\/bmw_08-1024x691.jpg 1024w, https:\/\/www.sichere-steiermark.at\/wp-content\/uploads\/2020\/10\/bmw_08-300x203.jpg 300w, https:\/\/www.sichere-steiermark.at\/wp-content\/uploads\/2020\/10\/bmw_08-768x518.jpg 768w, https:\/\/www.sichere-steiermark.at\/wp-content\/uploads\/2020\/10\/bmw_08.jpg 1200w\" sizes=\"(max-width: 1024px) 100vw, 1024px\" \/>\t\t\t\t\t\t\t\t\t\t\t\t\t\t\t<\/div>\n\t\t\t\t<\/div>\n\t\t\t\t<div class=\"elementor-element elementor-element-2f0d7f7 elementor-widget elementor-widget-text-editor\" data-id=\"2f0d7f7\" data-element_type=\"widget\" data-widget_type=\"text-editor.default\">\n\t\t\t\t<div class=\"elementor-widget-container\">\n\t\t\t\t\t\t\t\t\t<h2>Fahrerassistenzsysteme<\/h2><p>Fahrerassistenzsysteme sind aus modernen Autos nicht mehr wegzudenken und werden sich in absehbarer Zeit zu komplexen Systemen weiterentwickeln, die die Fahraufgabe und -verantwortung mehr und mehr auf das Fahrzeug \u00fcbertragen. Je nach System und Stand der Entwicklung wird eine aktive Beteiligung des Fahrers wenn gew\u00fcnscht immer weniger und letztendlich gar nicht mehr notwendig sein.<br \/>BMW bietet eine Vielzahl an Fahrerassistenzsystemen an. Besonders beliebt ist zum Beispiel der Parking Assistant, welcher Sie beim Rangieren, Ein- bzw. Ausparken unterst\u00fctzt und Sie vor Parksch\u00e4den sch\u00fctzt. Oder der Driving Assistant Professional, welcher optimalen Komfort und Sicherheit in kritischen oder monotonen Situationen bietet. Aber auch Berganfahrassistent oder Verkehrszeichenerkennung geh\u00f6ren zur gro\u00dfen Auswahl an Assistenzsytemen von BMW.<\/p>\t\t\t\t\t\t\t\t<\/div>\n\t\t\t\t<\/div>\n\t\t\t\t\t<\/div>\n\t\t<\/div>\n\t\t\t\t\t<\/div>\n\t\t<\/section>\n\t\t\t\t<section class=\"elementor-section elementor-top-section elementor-element elementor-element-a78982d elementor-section-boxed elementor-section-height-default elementor-section-height-default\" data-id=\"a78982d\" data-element_type=\"section\">\n\t\t\t\t\t\t<div class=\"elementor-container elementor-column-gap-default\">\n\t\t\t\t\t<div class=\"elementor-column elementor-col-100 elementor-top-column elementor-element elementor-element-f04e8b4\" data-id=\"f04e8b4\" data-element_type=\"column\">\n\t\t\t<div class=\"elementor-widget-wrap elementor-element-populated\">\n\t\t\t\t\t\t<div class=\"elementor-element elementor-element-1dd7349 elementor-widget-divider--view-line elementor-widget elementor-widget-divider\" data-id=\"1dd7349\" data-element_type=\"widget\" data-widget_type=\"divider.default\">\n\t\t\t\t<div class=\"elementor-widget-container\">\n\t\t\t\t\t\t\t<div class=\"elementor-divider\">\n\t\t\t<span class=\"elementor-divider-separator\">\n\t\t\t\t\t\t<\/span>\n\t\t<\/div>\n\t\t\t\t\t\t<\/div>\n\t\t\t\t<\/div>\n\t\t\t\t\t<\/div>\n\t\t<\/div>\n\t\t\t\t\t<\/div>\n\t\t<\/section>\n\t\t\t\t<section class=\"elementor-section elementor-top-section elementor-element elementor-element-00ff41c elementor-section-boxed elementor-section-height-default elementor-section-height-default\" data-id=\"00ff41c\" data-element_type=\"section\">\n\t\t\t\t\t\t<div class=\"elementor-container elementor-column-gap-default\">\n\t\t\t\t\t<div class=\"elementor-column elementor-col-100 elementor-top-column elementor-element elementor-element-1efc2bc\" data-id=\"1efc2bc\" data-element_type=\"column\">\n\t\t\t<div class=\"elementor-widget-wrap elementor-element-populated\">\n\t\t\t\t\t\t<div class=\"elementor-element elementor-element-d6c3b19 elementor-align-center elementor-widget elementor-widget-button\" data-id=\"d6c3b19\" data-element_type=\"widget\" data-widget_type=\"button.default\">\n\t\t\t\t<div class=\"elementor-widget-container\">\n\t\t\t\t\t\t\t\t\t<div class=\"elementor-button-wrapper\">\n\t\t\t\t\t<a class=\"elementor-button elementor-button-link elementor-size-xs\" href=\"https:\/\/www.bmw.at\/de\/topics\/details\/angebote_bmw\/zukunft-ist-auswahl.html\" target=\"_blank\">\n\t\t\t\t\t\t<span class=\"elementor-button-content-wrapper\">\n\t\t\t\t\t\t\t\t\t<span class=\"elementor-button-text\">BMW<\/span>\n\t\t\t\t\t<\/span>\n\t\t\t\t\t<\/a>\n\t\t\t\t<\/div>\n\t\t\t\t\t\t\t\t<\/div>\n\t\t\t\t<\/div>\n\t\t\t\t\t<\/div>\n\t\t<\/div>\n\t\t\t\t\t<\/div>\n\t\t<\/section>\n\t\t\t\t<\/div>\n\t\t","protected":false},"excerpt":{"rendered":"<p>BMW setzt mit seiner Firmen- Philosophie \u201eZunkunft ist Auswahl\u201c einen gro\u00dfen Schritt in Richtung Individualisierung und erm\u00f6glicht seinen Kunden damit, die Zukunft selbst in die Hand zu nehmen. Noch nie war die Auswahlm\u00f6glichkeit in Bezug auf Design, Antrieb, Assistenzsysteme und Digitalisierung so gro\u00df und breit gef\u00e4chert wie heute bei BMW. Damit erm\u00f6glicht BMW, dass sich [&hellip;]<\/p>\n","protected":false},"author":1,"featured_media":940,"comment_status":"closed","ping_status":"open","sticky":false,"template":"","format":"standard","meta":{"ocean_post_layout":"","ocean_both_sidebars_style":"","ocean_both_sidebars_content_width":0,"ocean_both_sidebars_sidebars_width":0,"ocean_sidebar":"0","ocean_second_sidebar":"0","ocean_disable_margins":"enable","ocean_add_body_class":"","ocean_shortcode_before_top_bar":"","ocean_shortcode_after_top_bar":"","ocean_shortcode_before_header":"","ocean_shortcode_after_header":"","ocean_has_shortcode":"","ocean_shortcode_after_title":"","ocean_shortcode_before_footer_widgets":"","ocean_shortcode_after_footer_widgets":"","ocean_shortcode_before_footer_bottom":"","ocean_shortcode_after_footer_bottom":"","ocean_display_top_bar":"default","ocean_display_header":"default","ocean_header_style":"","ocean_center_header_left_menu":"0","ocean_custom_header_template":"0","ocean_custom_logo":0,"ocean_custom_retina_logo":0,"ocean_custom_logo_max_width":0,"ocean_custom_logo_tablet_max_width":0,"ocean_custom_logo_mobile_max_width":0,"ocean_custom_logo_max_height":0,"ocean_custom_logo_tablet_max_height":0,"ocean_custom_logo_mobile_max_height":0,"ocean_header_custom_menu":"0","ocean_menu_typo_font_family":"0","ocean_menu_typo_font_subset":"","ocean_menu_typo_font_size":0,"ocean_menu_typo_font_size_tablet":0,"ocean_menu_typo_font_size_mobile":0,"ocean_menu_typo_font_size_unit":"px","ocean_menu_typo_font_weight":"","ocean_menu_typo_font_weight_tablet":"","ocean_menu_typo_font_weight_mobile":"","ocean_menu_typo_transform":"","ocean_menu_typo_transform_tablet":"","ocean_menu_typo_transform_mobile":"","ocean_menu_typo_line_height":0,"ocean_menu_typo_line_height_tablet":0,"ocean_menu_typo_line_height_mobile":0,"ocean_menu_typo_line_height_unit":"","ocean_menu_typo_spacing":0,"ocean_menu_typo_spacing_tablet":0,"ocean_menu_typo_spacing_mobile":0,"ocean_menu_typo_spacing_unit":"","ocean_menu_link_color":"","ocean_menu_link_color_hover":"","ocean_menu_link_color_active":"","ocean_menu_link_background":"","ocean_menu_link_hover_background":"","ocean_menu_link_active_background":"","ocean_menu_social_links_bg":"","ocean_menu_social_hover_links_bg":"","ocean_menu_social_links_color":"","ocean_menu_social_hover_links_color":"","ocean_disable_title":"on","ocean_disable_heading":"default","ocean_post_title":"","ocean_post_subheading":"","ocean_post_title_style":"","ocean_post_title_background_color":"","ocean_post_title_background":0,"ocean_post_title_bg_image_position":"","ocean_post_title_bg_image_attachment":"","ocean_post_title_bg_image_repeat":"","ocean_post_title_bg_image_size":"","ocean_post_title_height":0,"ocean_post_title_bg_overlay":0.5,"ocean_post_title_bg_overlay_color":"","ocean_disable_breadcrumbs":"off","ocean_breadcrumbs_color":"","ocean_breadcrumbs_separator_color":"","ocean_breadcrumbs_links_color":"","ocean_breadcrumbs_links_hover_color":"","ocean_display_footer_widgets":"default","ocean_display_footer_bottom":"default","ocean_custom_footer_template":"0","osh_disable_topbar_sticky":"default","osh_disable_header_sticky":"default","osh_sticky_header_style":"default","osh_sticky_header_effect":"","osh_custom_sticky_logo":0,"osh_custom_retina_sticky_logo":0,"osh_custom_sticky_logo_height":0,"osh_background_color":"","osh_links_color":"","osh_links_hover_color":"","osh_links_active_color":"","osh_links_bg_color":"","osh_links_hover_bg_color":"","osh_links_active_bg_color":"","osh_menu_social_links_color":"","osh_menu_social_hover_links_color":"","ocean_post_oembed":"","ocean_post_self_hosted_media":"","ocean_post_video_embed":"","ocean_link_format":"","ocean_link_format_target":"self","ocean_quote_format":"","ocean_quote_format_link":"post","ocean_gallery_link_images":"off","ocean_gallery_id":[],"footnotes":""},"categories":[7],"tags":[29,45,37,119],"class_list":["post-939","post","type-post","status-publish","format-standard","has-post-thumbnail","hentry","category-autos","tag-auto","tag-bmw","tag-hybrid","tag-zukunft","entry","has-media"],"_links":{"self":[{"href":"https:\/\/www.sichere-steiermark.at\/index.php?rest_route=\/wp\/v2\/posts\/939","targetHints":{"allow":["GET"]}}],"collection":[{"href":"https:\/\/www.sichere-steiermark.at\/index.php?rest_route=\/wp\/v2\/posts"}],"about":[{"href":"https:\/\/www.sichere-steiermark.at\/index.php?rest_route=\/wp\/v2\/types\/post"}],"author":[{"embeddable":true,"href":"https:\/\/www.sichere-steiermark.at\/index.php?rest_route=\/wp\/v2\/users\/1"}],"replies":[{"embeddable":true,"href":"https:\/\/www.sichere-steiermark.at\/index.php?rest_route=%2Fwp%2Fv2%2Fcomments&post=939"}],"version-history":[{"count":4,"href":"https:\/\/www.sichere-steiermark.at\/index.php?rest_route=\/wp\/v2\/posts\/939\/revisions"}],"predecessor-version":[{"id":955,"href":"https:\/\/www.sichere-steiermark.at\/index.php?rest_route=\/wp\/v2\/posts\/939\/revisions\/955"}],"wp:featuredmedia":[{"embeddable":true,"href":"https:\/\/www.sichere-steiermark.at\/index.php?rest_route=\/wp\/v2\/media\/940"}],"wp:attachment":[{"href":"https:\/\/www.sichere-steiermark.at\/index.php?rest_route=%2Fwp%2Fv2%2Fmedia&parent=939"}],"wp:term":[{"taxonomy":"category","embeddable":true,"href":"https:\/\/www.sichere-steiermark.at\/index.php?rest_route=%2Fwp%2Fv2%2Fcategories&post=939"},{"taxonomy":"post_tag","embeddable":true,"href":"https:\/\/www.sichere-steiermark.at\/index.php?rest_route=%2Fwp%2Fv2%2Ftags&post=939"}],"curies":[{"name":"wp","href":"https:\/\/api.w.org\/{rel}","templated":true}]}}