{"id":970,"date":"2020-10-19T15:15:39","date_gmt":"2020-10-19T13:15:39","guid":{"rendered":"https:\/\/www.sichere-steiermark.at\/?p=970"},"modified":"2020-10-20T14:01:03","modified_gmt":"2020-10-20T12:01:03","slug":"opel-astra","status":"publish","type":"post","link":"https:\/\/www.sichere-steiermark.at\/?p=970","title":{"rendered":"Opel Astra"},"content":{"rendered":"\t\t<div data-elementor-type=\"wp-post\" data-elementor-id=\"970\" class=\"elementor elementor-970\" data-elementor-post-type=\"post\">\n\t\t\t\t\t\t<section class=\"elementor-section elementor-top-section elementor-element elementor-element-c3f000c elementor-section-boxed elementor-section-height-default elementor-section-height-default\" data-id=\"c3f000c\" data-element_type=\"section\">\n\t\t\t\t\t\t<div class=\"elementor-container elementor-column-gap-default\">\n\t\t\t\t\t<div class=\"elementor-column elementor-col-100 elementor-top-column elementor-element elementor-element-88ab07c\" data-id=\"88ab07c\" data-element_type=\"column\">\n\t\t\t<div class=\"elementor-widget-wrap elementor-element-populated\">\n\t\t\t\t\t\t<div class=\"elementor-element elementor-element-74d9307 elementor-widget elementor-widget-theme-post-featured-image elementor-widget-image\" data-id=\"74d9307\" data-element_type=\"widget\" data-widget_type=\"theme-post-featured-image.default\">\n\t\t\t\t<div class=\"elementor-widget-container\">\n\t\t\t\t\t\t\t\t\t\t\t\t<figure class=\"wp-caption\">\n\t\t\t\t\t\t\t\t\t\t<img fetchpriority=\"high\" decoding=\"async\" width=\"1024\" height=\"683\" src=\"https:\/\/www.sichere-steiermark.at\/wp-content\/uploads\/2020\/10\/opel_astra_2-1024x683.jpg\" class=\"attachment-large size-large wp-image-971\" alt=\"\" srcset=\"https:\/\/www.sichere-steiermark.at\/wp-content\/uploads\/2020\/10\/opel_astra_2-1024x683.jpg 1024w, https:\/\/www.sichere-steiermark.at\/wp-content\/uploads\/2020\/10\/opel_astra_2-300x200.jpg 300w, https:\/\/www.sichere-steiermark.at\/wp-content\/uploads\/2020\/10\/opel_astra_2-768x512.jpg 768w, https:\/\/www.sichere-steiermark.at\/wp-content\/uploads\/2020\/10\/opel_astra_2.jpg 1200w\" sizes=\"(max-width: 1024px) 100vw, 1024px\" \/>\t\t\t\t\t\t\t\t\t\t\t<figcaption class=\"widget-image-caption wp-caption-text\">Fotos: Hersteller Opel<\/figcaption>\n\t\t\t\t\t\t\t\t\t\t<\/figure>\n\t\t\t\t\t\t\t\t\t<\/div>\n\t\t\t\t<\/div>\n\t\t\t\t\t<\/div>\n\t\t<\/div>\n\t\t\t\t\t<\/div>\n\t\t<\/section>\n\t\t\t\t<section class=\"elementor-section elementor-top-section elementor-element elementor-element-0a48cba elementor-section-boxed elementor-section-height-default elementor-section-height-default\" data-id=\"0a48cba\" data-element_type=\"section\">\n\t\t\t\t\t\t<div class=\"elementor-container elementor-column-gap-default\">\n\t\t\t\t\t<div class=\"elementor-column elementor-col-100 elementor-top-column elementor-element elementor-element-1549bb6\" data-id=\"1549bb6\" data-element_type=\"column\">\n\t\t\t<div class=\"elementor-widget-wrap elementor-element-populated\">\n\t\t\t\t\t\t<div class=\"elementor-element elementor-element-ef4f2de elementor-pagination-position-outside elementor-widget elementor-widget-image-carousel\" data-id=\"ef4f2de\" data-element_type=\"widget\" data-settings=\"{&quot;slides_to_show&quot;:&quot;3&quot;,&quot;navigation&quot;:&quot;dots&quot;,&quot;autoplay&quot;:&quot;yes&quot;,&quot;pause_on_hover&quot;:&quot;yes&quot;,&quot;pause_on_interaction&quot;:&quot;yes&quot;,&quot;autoplay_speed&quot;:5000,&quot;infinite&quot;:&quot;yes&quot;,&quot;speed&quot;:500}\" data-widget_type=\"image-carousel.default\">\n\t\t\t\t<div class=\"elementor-widget-container\">\n\t\t\t\t\t\t\t<div class=\"elementor-image-carousel-wrapper swiper\" role=\"region\" aria-roledescription=\"carousel\" aria-label=\"Bild Karussell\" dir=\"ltr\">\n\t\t\t<div class=\"elementor-image-carousel swiper-wrapper\" aria-live=\"off\">\n\t\t\t\t\t\t\t\t<div class=\"swiper-slide\" role=\"group\" aria-roledescription=\"slide\" aria-label=\"1 von 6\"><a data-elementor-open-lightbox=\"yes\" data-elementor-lightbox-slideshow=\"ef4f2de\" data-elementor-lightbox-title=\"opel_astra_3\" data-e-action-hash=\"#elementor-action%3Aaction%3Dlightbox%26settings%3DeyJpZCI6OTcyLCJ1cmwiOiJodHRwczpcL1wvd3d3LnNpY2hlcmUtc3RlaWVybWFyay5hdFwvd3AtY29udGVudFwvdXBsb2Fkc1wvMjAyMFwvMTBcL29wZWxfYXN0cmFfMy5qcGciLCJzbGlkZXNob3ciOiJlZjRmMmRlIn0%3D\" href=\"https:\/\/www.sichere-steiermark.at\/wp-content\/uploads\/2020\/10\/opel_astra_3.jpg\"><figure class=\"swiper-slide-inner\"><img decoding=\"async\" class=\"swiper-slide-image\" src=\"https:\/\/www.sichere-steiermark.at\/wp-content\/uploads\/2020\/10\/opel_astra_3-300x200.jpg\" alt=\"opel_astra_3\" \/><\/figure><\/a><\/div><div class=\"swiper-slide\" role=\"group\" aria-roledescription=\"slide\" aria-label=\"2 von 6\"><a data-elementor-open-lightbox=\"yes\" data-elementor-lightbox-slideshow=\"ef4f2de\" data-elementor-lightbox-title=\"opel_astra_8\" data-e-action-hash=\"#elementor-action%3Aaction%3Dlightbox%26settings%3DeyJpZCI6OTc3LCJ1cmwiOiJodHRwczpcL1wvd3d3LnNpY2hlcmUtc3RlaWVybWFyay5hdFwvd3AtY29udGVudFwvdXBsb2Fkc1wvMjAyMFwvMTBcL29wZWxfYXN0cmFfOC5qcGciLCJzbGlkZXNob3ciOiJlZjRmMmRlIn0%3D\" href=\"https:\/\/www.sichere-steiermark.at\/wp-content\/uploads\/2020\/10\/opel_astra_8.jpg\"><figure class=\"swiper-slide-inner\"><img decoding=\"async\" class=\"swiper-slide-image\" src=\"https:\/\/www.sichere-steiermark.at\/wp-content\/uploads\/2020\/10\/opel_astra_8-300x200.jpg\" alt=\"opel_astra_8\" \/><\/figure><\/a><\/div><div class=\"swiper-slide\" role=\"group\" aria-roledescription=\"slide\" aria-label=\"3 von 6\"><a data-elementor-open-lightbox=\"yes\" data-elementor-lightbox-slideshow=\"ef4f2de\" data-elementor-lightbox-title=\"opel_astra_4\" data-e-action-hash=\"#elementor-action%3Aaction%3Dlightbox%26settings%3DeyJpZCI6OTczLCJ1cmwiOiJodHRwczpcL1wvd3d3LnNpY2hlcmUtc3RlaWVybWFyay5hdFwvd3AtY29udGVudFwvdXBsb2Fkc1wvMjAyMFwvMTBcL29wZWxfYXN0cmFfNC5qcGciLCJzbGlkZXNob3ciOiJlZjRmMmRlIn0%3D\" href=\"https:\/\/www.sichere-steiermark.at\/wp-content\/uploads\/2020\/10\/opel_astra_4.jpg\"><figure class=\"swiper-slide-inner\"><img decoding=\"async\" class=\"swiper-slide-image\" src=\"https:\/\/www.sichere-steiermark.at\/wp-content\/uploads\/2020\/10\/opel_astra_4-300x200.jpg\" alt=\"opel_astra_4\" \/><\/figure><\/a><\/div><div class=\"swiper-slide\" role=\"group\" aria-roledescription=\"slide\" aria-label=\"4 von 6\"><a data-elementor-open-lightbox=\"yes\" data-elementor-lightbox-slideshow=\"ef4f2de\" data-elementor-lightbox-title=\"opel_astra_5\" data-e-action-hash=\"#elementor-action%3Aaction%3Dlightbox%26settings%3DeyJpZCI6OTc0LCJ1cmwiOiJodHRwczpcL1wvd3d3LnNpY2hlcmUtc3RlaWVybWFyay5hdFwvd3AtY29udGVudFwvdXBsb2Fkc1wvMjAyMFwvMTBcL29wZWxfYXN0cmFfNS5qcGciLCJzbGlkZXNob3ciOiJlZjRmMmRlIn0%3D\" href=\"https:\/\/www.sichere-steiermark.at\/wp-content\/uploads\/2020\/10\/opel_astra_5.jpg\"><figure class=\"swiper-slide-inner\"><img decoding=\"async\" class=\"swiper-slide-image\" src=\"https:\/\/www.sichere-steiermark.at\/wp-content\/uploads\/2020\/10\/opel_astra_5-300x200.jpg\" alt=\"opel_astra_5\" \/><\/figure><\/a><\/div><div class=\"swiper-slide\" role=\"group\" aria-roledescription=\"slide\" aria-label=\"5 von 6\"><a data-elementor-open-lightbox=\"yes\" data-elementor-lightbox-slideshow=\"ef4f2de\" data-elementor-lightbox-title=\"opel_astra_6\" data-e-action-hash=\"#elementor-action%3Aaction%3Dlightbox%26settings%3DeyJpZCI6OTc1LCJ1cmwiOiJodHRwczpcL1wvd3d3LnNpY2hlcmUtc3RlaWVybWFyay5hdFwvd3AtY29udGVudFwvdXBsb2Fkc1wvMjAyMFwvMTBcL29wZWxfYXN0cmFfNi5qcGciLCJzbGlkZXNob3ciOiJlZjRmMmRlIn0%3D\" href=\"https:\/\/www.sichere-steiermark.at\/wp-content\/uploads\/2020\/10\/opel_astra_6.jpg\"><figure class=\"swiper-slide-inner\"><img decoding=\"async\" class=\"swiper-slide-image\" src=\"https:\/\/www.sichere-steiermark.at\/wp-content\/uploads\/2020\/10\/opel_astra_6-300x200.jpg\" alt=\"opel_astra_6\" \/><\/figure><\/a><\/div><div class=\"swiper-slide\" role=\"group\" aria-roledescription=\"slide\" aria-label=\"6 von 6\"><a data-elementor-open-lightbox=\"yes\" data-elementor-lightbox-slideshow=\"ef4f2de\" data-elementor-lightbox-title=\"opel_astra_7\" data-e-action-hash=\"#elementor-action%3Aaction%3Dlightbox%26settings%3DeyJpZCI6OTc2LCJ1cmwiOiJodHRwczpcL1wvd3d3LnNpY2hlcmUtc3RlaWVybWFyay5hdFwvd3AtY29udGVudFwvdXBsb2Fkc1wvMjAyMFwvMTBcL29wZWxfYXN0cmFfNy5qcGciLCJzbGlkZXNob3ciOiJlZjRmMmRlIn0%3D\" href=\"https:\/\/www.sichere-steiermark.at\/wp-content\/uploads\/2020\/10\/opel_astra_7.jpg\"><figure class=\"swiper-slide-inner\"><img decoding=\"async\" class=\"swiper-slide-image\" src=\"https:\/\/www.sichere-steiermark.at\/wp-content\/uploads\/2020\/10\/opel_astra_7-300x200.jpg\" alt=\"opel_astra_7\" \/><\/figure><\/a><\/div>\t\t\t<\/div>\n\t\t\t\t\t\t\t\n\t\t\t\t\t\t\t\t\t<div class=\"swiper-pagination\"><\/div>\n\t\t\t\t\t\t\t\t\t<\/div>\n\t\t\t\t\t\t<\/div>\n\t\t\t\t<\/div>\n\t\t\t\t\t<\/div>\n\t\t<\/div>\n\t\t\t\t\t<\/div>\n\t\t<\/section>\n\t\t\t\t<section class=\"elementor-section elementor-top-section elementor-element elementor-element-c392827 elementor-section-boxed elementor-section-height-default elementor-section-height-default\" data-id=\"c392827\" data-element_type=\"section\">\n\t\t\t\t\t\t<div class=\"elementor-container elementor-column-gap-default\">\n\t\t\t\t\t<div class=\"elementor-column elementor-col-100 elementor-top-column elementor-element elementor-element-b2a94cb\" data-id=\"b2a94cb\" data-element_type=\"column\">\n\t\t\t<div class=\"elementor-widget-wrap elementor-element-populated\">\n\t\t\t\t\t\t<div class=\"elementor-element elementor-element-9ab929d elementor-widget elementor-widget-theme-post-title elementor-page-title elementor-widget-heading\" data-id=\"9ab929d\" data-element_type=\"widget\" data-widget_type=\"theme-post-title.default\">\n\t\t\t\t<div class=\"elementor-widget-container\">\n\t\t\t\t\t<h1 class=\"elementor-heading-title elementor-size-xxl\">Opel Astra<\/h1>\t\t\t\t<\/div>\n\t\t\t\t<\/div>\n\t\t\t\t\t<\/div>\n\t\t<\/div>\n\t\t\t\t\t<\/div>\n\t\t<\/section>\n\t\t\t\t<section class=\"elementor-section elementor-top-section elementor-element elementor-element-d3d4d7f elementor-section-boxed elementor-section-height-default elementor-section-height-default\" data-id=\"d3d4d7f\" data-element_type=\"section\">\n\t\t\t\t\t\t<div class=\"elementor-container elementor-column-gap-default\">\n\t\t\t\t\t<div class=\"elementor-column elementor-col-100 elementor-top-column elementor-element elementor-element-bd4b11e\" data-id=\"bd4b11e\" data-element_type=\"column\">\n\t\t\t<div class=\"elementor-widget-wrap elementor-element-populated\">\n\t\t\t\t\t\t<div class=\"elementor-element elementor-element-d89ee16 elementor-widget elementor-widget-text-editor\" data-id=\"d89ee16\" data-element_type=\"widget\" data-widget_type=\"text-editor.default\">\n\t\t\t\t<div class=\"elementor-widget-container\">\n\t\t\t\t\t\t\t\t\t<h3>Bis zu 19 Prozent weniger CO2: der effizienteste Opel Astra aller Zeiten.<\/h3><p><br \/>Mit einer herausragenden Aero-<br \/>dynamik, einer komplett neuen Motorengeneration und den ebenfalls neu entwickelten Getrieben setzt der Opel Astra Ma\u00dfst\u00e4be in Sachen Effizienz und niedriger Emissionen. Im Vergleich zum Vorg\u00e4nger reduziert sich der CO2-Aussto\u00df daher um bis zu 19 Prozent. Mit der Leichtbauweise (200 Kilogramm leichter als der Vorg\u00e4nger) und Top-Technologien aus h\u00f6heren Fahrzeugklassen setzte der Astra bereits Standards. Diese Strategie f\u00fchrt Opel kompromisslos fort.<\/p><p>Die hochmodernen Astra-Dreizylinder sorgen nicht nur f\u00fcr lebendige Fahrleistungen, sondern garantieren auch reichlich Fahrkomfort mit minimaler Ger\u00e4uschentwicklung. Bereits die Basismotorisierungen verf\u00fcgen jetzt serienm\u00e4\u00dfig \u00fcber Sechsgang-Schaltgetriebe. Als Highlight gibt es optional eine sanft schaltende, reibungsreduzierte Neunstufen-Automatik.<\/p><p>Das bekannt dynamische Chassis des <br \/>Astra ist mit feiner Hand weiterentwickelt worden: Neue Sto\u00dfd\u00e4mpfer steigern den Fahrkomfort. Mit dem optionalen Sportfahrwerk kommen straffere D\u00e4mpfer, eine direktere Lenkung sowie eine fahraktive Watts-Link-Hinterachse an Bord.<\/p><p>F\u00fcr die vorbildliche Effizienz mit viel Fahrspa\u00df sind vor allem die ebenso wirtschaftlichen wie lebendigen Turbobenziner und Turbodiesel verantwortlich.<br \/>Die kompakten Dreizylinder-Turbobenziner sind mit 1,2 und 1,4 Liter Hubraum verf\u00fcgbar. Mit einer Leistungsspanne von 81 kW\/110 PS bis 107 kW\/145 PS und einem maximalen Drehmoment von 195 bis 236 Newtonmeter verbinden sie h\u00f6chste Effizienz mit viel Fahrspa\u00df.<br \/>Das gleiche positive Bild zeichnen die 1,5-Liter-Dieseltriebwerke im neuen <br \/>Astra. Die 77 kW\/105 PS bis 90 kW\/122\u00a0PS starken Dreizylinder bieten je nach Leistungsstufe ein maximales Drehmoment von 260 bis 300 Newtonmeter.<\/p><p>Ebenso vorbildlich wie die Antriebe sind auch die weiteren Top-Technologien im Kompaktklasse-Bestseller von Opel. Schon bisher bietet der Astra ein Portfolio an hochmodernen Features und Assistenzsystemen, das in dieser Fahrzeugklasse seinesgleichen sucht \u2013 allen voran das intelligente, blendfreie IntelliLux LED\u00ae Matrix-Licht. Zum umfangreichen Angebot z\u00e4hlen dar\u00fcber hinaus Systeme wie adaptiver Geschwindigkeitsregler, Abstandsanzeige, Frontkollisionswarner mit automatischer Notbremsung, Verkehrsschild- und Spurhalte-Assistent, um nur einige zu nennen. Dazu kommen die von der Aktion Gesunder R\u00fccken e.V. (AGR) zertifizierten Ergonomie-Sitze mit \u2009Ventilation und Massagefunktion. Opel hat das Fahrzeug au\u00dferdem mit einer neuen optionalen Hightech-Frontkamera sowie einer R\u00fcckfahrkamera weiter konsequent digitalisiert.<\/p>\t\t\t\t\t\t\t\t<\/div>\n\t\t\t\t<\/div>\n\t\t\t\t\t<\/div>\n\t\t<\/div>\n\t\t\t\t\t<\/div>\n\t\t<\/section>\n\t\t\t\t<section class=\"elementor-section elementor-top-section elementor-element elementor-element-507944d elementor-section-boxed elementor-section-height-default elementor-section-height-default\" data-id=\"507944d\" data-element_type=\"section\">\n\t\t\t\t\t\t<div class=\"elementor-container elementor-column-gap-default\">\n\t\t\t\t\t<div class=\"elementor-column elementor-col-100 elementor-top-column elementor-element elementor-element-6ebc35b\" data-id=\"6ebc35b\" data-element_type=\"column\">\n\t\t\t<div class=\"elementor-widget-wrap elementor-element-populated\">\n\t\t\t\t\t\t<div class=\"elementor-element elementor-element-818b3d7 elementor-widget-divider--view-line elementor-widget elementor-widget-divider\" data-id=\"818b3d7\" data-element_type=\"widget\" data-widget_type=\"divider.default\">\n\t\t\t\t<div class=\"elementor-widget-container\">\n\t\t\t\t\t\t\t<div class=\"elementor-divider\">\n\t\t\t<span class=\"elementor-divider-separator\">\n\t\t\t\t\t\t<\/span>\n\t\t<\/div>\n\t\t\t\t\t\t<\/div>\n\t\t\t\t<\/div>\n\t\t\t\t\t<\/div>\n\t\t<\/div>\n\t\t\t\t\t<\/div>\n\t\t<\/section>\n\t\t\t\t<section class=\"elementor-section elementor-top-section elementor-element elementor-element-be0d15b elementor-section-boxed elementor-section-height-default elementor-section-height-default\" data-id=\"be0d15b\" data-element_type=\"section\">\n\t\t\t\t\t\t<div class=\"elementor-container elementor-column-gap-default\">\n\t\t\t\t\t<div class=\"elementor-column elementor-col-100 elementor-top-column elementor-element elementor-element-0c138a6\" data-id=\"0c138a6\" data-element_type=\"column\">\n\t\t\t<div class=\"elementor-widget-wrap elementor-element-populated\">\n\t\t\t\t\t\t<div class=\"elementor-element elementor-element-f1e6ea8 elementor-widget elementor-widget-text-editor\" data-id=\"f1e6ea8\" data-element_type=\"widget\" data-widget_type=\"text-editor.default\">\n\t\t\t\t<div class=\"elementor-widget-container\">\n\t\t\t\t\t\t\t\t\t<h3>Einige Highlights:<\/h3><ul><li>Motorengeneration: f\u00fcr minimalen Verbrauch und niedrige Emissionen<\/li><li>Alle Triebwerke erf\u00fcllen Euro 6d<\/li><li>Top-Aerodynamik f\u00fcr niedrigste Luftwiderstandswerte<\/li><li>Effiziente Neunstufen-Automatik f\u00fcr F\u00fcnft\u00fcrer und Sports Tourer<\/li><li>Beheizbare Frontscheibe, neues Infotainment, Wireless Charging, Superlicht IntelliLux-LED\u00ae-Matrix und AGR-Komfortsitze<\/li><\/ul>\t\t\t\t\t\t\t\t<\/div>\n\t\t\t\t<\/div>\n\t\t\t\t\t<\/div>\n\t\t<\/div>\n\t\t\t\t\t<\/div>\n\t\t<\/section>\n\t\t\t\t<section class=\"elementor-section elementor-top-section elementor-element elementor-element-36f0b77 elementor-section-boxed elementor-section-height-default elementor-section-height-default\" data-id=\"36f0b77\" data-element_type=\"section\">\n\t\t\t\t\t\t<div class=\"elementor-container elementor-column-gap-default\">\n\t\t\t\t\t<div class=\"elementor-column elementor-col-100 elementor-top-column elementor-element elementor-element-9e6f634\" data-id=\"9e6f634\" data-element_type=\"column\">\n\t\t\t<div class=\"elementor-widget-wrap elementor-element-populated\">\n\t\t\t\t\t\t<div class=\"elementor-element elementor-element-84553c5 elementor-widget-divider--view-line elementor-widget elementor-widget-divider\" data-id=\"84553c5\" data-element_type=\"widget\" data-widget_type=\"divider.default\">\n\t\t\t\t<div class=\"elementor-widget-container\">\n\t\t\t\t\t\t\t<div class=\"elementor-divider\">\n\t\t\t<span class=\"elementor-divider-separator\">\n\t\t\t\t\t\t<\/span>\n\t\t<\/div>\n\t\t\t\t\t\t<\/div>\n\t\t\t\t<\/div>\n\t\t\t\t\t<\/div>\n\t\t<\/div>\n\t\t\t\t\t<\/div>\n\t\t<\/section>\n\t\t\t\t<section class=\"elementor-section elementor-top-section elementor-element elementor-element-2ebd161 elementor-section-boxed elementor-section-height-default elementor-section-height-default\" data-id=\"2ebd161\" data-element_type=\"section\">\n\t\t\t\t\t\t<div class=\"elementor-container elementor-column-gap-default\">\n\t\t\t\t\t<div class=\"elementor-column elementor-col-100 elementor-top-column elementor-element elementor-element-7df9aa4\" data-id=\"7df9aa4\" data-element_type=\"column\">\n\t\t\t<div class=\"elementor-widget-wrap elementor-element-populated\">\n\t\t\t\t\t\t<div class=\"elementor-element elementor-element-e2e3cd6 elementor-align-center elementor-widget elementor-widget-button\" data-id=\"e2e3cd6\" data-element_type=\"widget\" data-widget_type=\"button.default\">\n\t\t\t\t<div class=\"elementor-widget-container\">\n\t\t\t\t\t\t\t\t\t<div class=\"elementor-button-wrapper\">\n\t\t\t\t\t<a class=\"elementor-button elementor-button-link elementor-size-xs\" href=\"http:\/\/www.opelfior.at\" target=\"_blank\">\n\t\t\t\t\t\t<span class=\"elementor-button-content-wrapper\">\n\t\t\t\t\t\t\t\t\t<span class=\"elementor-button-text\">Opel Fior<\/span>\n\t\t\t\t\t<\/span>\n\t\t\t\t\t<\/a>\n\t\t\t\t<\/div>\n\t\t\t\t\t\t\t\t<\/div>\n\t\t\t\t<\/div>\n\t\t\t\t\t<\/div>\n\t\t<\/div>\n\t\t\t\t\t<\/div>\n\t\t<\/section>\n\t\t\t\t<\/div>\n\t\t","protected":false},"excerpt":{"rendered":"<p>Bis zu 19 Prozent weniger CO2: der effizienteste Opel Astra aller Zeiten. Mit einer herausragenden Aero- dynamik, einer komplett neuen Motorengeneration und den ebenfalls neu entwickelten Getrieben setzt der Opel Astra Ma\u00dfst\u00e4be in Sachen Effizienz und niedriger Emissionen. Im Vergleich zum Vorg\u00e4nger reduziert sich der CO2-Aussto\u00df daher um bis zu 19 Prozent. Mit der Leichtbauweise [&hellip;]<\/p>\n","protected":false},"author":1,"featured_media":971,"comment_status":"closed","ping_status":"open","sticky":false,"template":"","format":"standard","meta":{"ocean_post_layout":"","ocean_both_sidebars_style":"","ocean_both_sidebars_content_width":0,"ocean_both_sidebars_sidebars_width":0,"ocean_sidebar":"0","ocean_second_sidebar":"0","ocean_disable_margins":"enable","ocean_add_body_class":"","ocean_shortcode_before_top_bar":"","ocean_shortcode_after_top_bar":"","ocean_shortcode_before_header":"","ocean_shortcode_after_header":"","ocean_has_shortcode":"","ocean_shortcode_after_title":"","ocean_shortcode_before_footer_widgets":"","ocean_shortcode_after_footer_widgets":"","ocean_shortcode_before_footer_bottom":"","ocean_shortcode_after_footer_bottom":"","ocean_display_top_bar":"default","ocean_display_header":"default","ocean_header_style":"","ocean_center_header_left_menu":"0","ocean_custom_header_template":"0","ocean_custom_logo":0,"ocean_custom_retina_logo":0,"ocean_custom_logo_max_width":0,"ocean_custom_logo_tablet_max_width":0,"ocean_custom_logo_mobile_max_width":0,"ocean_custom_logo_max_height":0,"ocean_custom_logo_tablet_max_height":0,"ocean_custom_logo_mobile_max_height":0,"ocean_header_custom_menu":"0","ocean_menu_typo_font_family":"0","ocean_menu_typo_font_subset":"","ocean_menu_typo_font_size":0,"ocean_menu_typo_font_size_tablet":0,"ocean_menu_typo_font_size_mobile":0,"ocean_menu_typo_font_size_unit":"px","ocean_menu_typo_font_weight":"","ocean_menu_typo_font_weight_tablet":"","ocean_menu_typo_font_weight_mobile":"","ocean_menu_typo_transform":"","ocean_menu_typo_transform_tablet":"","ocean_menu_typo_transform_mobile":"","ocean_menu_typo_line_height":0,"ocean_menu_typo_line_height_tablet":0,"ocean_menu_typo_line_height_mobile":0,"ocean_menu_typo_line_height_unit":"","ocean_menu_typo_spacing":0,"ocean_menu_typo_spacing_tablet":0,"ocean_menu_typo_spacing_mobile":0,"ocean_menu_typo_spacing_unit":"","ocean_menu_link_color":"","ocean_menu_link_color_hover":"","ocean_menu_link_color_active":"","ocean_menu_link_background":"","ocean_menu_link_hover_background":"","ocean_menu_link_active_background":"","ocean_menu_social_links_bg":"","ocean_menu_social_hover_links_bg":"","ocean_menu_social_links_color":"","ocean_menu_social_hover_links_color":"","ocean_disable_title":"on","ocean_disable_heading":"default","ocean_post_title":"","ocean_post_subheading":"","ocean_post_title_style":"","ocean_post_title_background_color":"","ocean_post_title_background":0,"ocean_post_title_bg_image_position":"","ocean_post_title_bg_image_attachment":"","ocean_post_title_bg_image_repeat":"","ocean_post_title_bg_image_size":"","ocean_post_title_height":0,"ocean_post_title_bg_overlay":0.5,"ocean_post_title_bg_overlay_color":"","ocean_disable_breadcrumbs":"off","ocean_breadcrumbs_color":"","ocean_breadcrumbs_separator_color":"","ocean_breadcrumbs_links_color":"","ocean_breadcrumbs_links_hover_color":"","ocean_display_footer_widgets":"default","ocean_display_footer_bottom":"default","ocean_custom_footer_template":"0","osh_disable_topbar_sticky":"default","osh_disable_header_sticky":"default","osh_sticky_header_style":"default","osh_sticky_header_effect":"","osh_custom_sticky_logo":0,"osh_custom_retina_sticky_logo":0,"osh_custom_sticky_logo_height":0,"osh_background_color":"","osh_links_color":"","osh_links_hover_color":"","osh_links_active_color":"","osh_links_bg_color":"","osh_links_hover_bg_color":"","osh_links_active_bg_color":"","osh_menu_social_links_color":"","osh_menu_social_hover_links_color":"","ocean_post_oembed":"","ocean_post_self_hosted_media":"","ocean_post_video_embed":"","ocean_link_format":"","ocean_link_format_target":"self","ocean_quote_format":"","ocean_quote_format_link":"post","ocean_gallery_link_images":"off","ocean_gallery_id":[],"footnotes":""},"categories":[7],"tags":[29,36],"class_list":["post-970","post","type-post","status-publish","format-standard","has-post-thumbnail","hentry","category-autos","tag-auto","tag-opel","entry","has-media"],"_links":{"self":[{"href":"https:\/\/www.sichere-steiermark.at\/index.php?rest_route=\/wp\/v2\/posts\/970","targetHints":{"allow":["GET"]}}],"collection":[{"href":"https:\/\/www.sichere-steiermark.at\/index.php?rest_route=\/wp\/v2\/posts"}],"about":[{"href":"https:\/\/www.sichere-steiermark.at\/index.php?rest_route=\/wp\/v2\/types\/post"}],"author":[{"embeddable":true,"href":"https:\/\/www.sichere-steiermark.at\/index.php?rest_route=\/wp\/v2\/users\/1"}],"replies":[{"embeddable":true,"href":"https:\/\/www.sichere-steiermark.at\/index.php?rest_route=%2Fwp%2Fv2%2Fcomments&post=970"}],"version-history":[{"count":4,"href":"https:\/\/www.sichere-steiermark.at\/index.php?rest_route=\/wp\/v2\/posts\/970\/revisions"}],"predecessor-version":[{"id":1032,"href":"https:\/\/www.sichere-steiermark.at\/index.php?rest_route=\/wp\/v2\/posts\/970\/revisions\/1032"}],"wp:featuredmedia":[{"embeddable":true,"href":"https:\/\/www.sichere-steiermark.at\/index.php?rest_route=\/wp\/v2\/media\/971"}],"wp:attachment":[{"href":"https:\/\/www.sichere-steiermark.at\/index.php?rest_route=%2Fwp%2Fv2%2Fmedia&parent=970"}],"wp:term":[{"taxonomy":"category","embeddable":true,"href":"https:\/\/www.sichere-steiermark.at\/index.php?rest_route=%2Fwp%2Fv2%2Fcategories&post=970"},{"taxonomy":"post_tag","embeddable":true,"href":"https:\/\/www.sichere-steiermark.at\/index.php?rest_route=%2Fwp%2Fv2%2Ftags&post=970"}],"curies":[{"name":"wp","href":"https:\/\/api.w.org\/{rel}","templated":true}]}}