{"id":998,"date":"2020-10-19T16:03:07","date_gmt":"2020-10-19T14:03:07","guid":{"rendered":"https:\/\/www.sichere-steiermark.at\/?p=998"},"modified":"2020-10-19T16:17:02","modified_gmt":"2020-10-19T14:17:02","slug":"mazda-mx-30","status":"publish","type":"post","link":"https:\/\/www.sichere-steiermark.at\/?p=998","title":{"rendered":"Mazda MX-30"},"content":{"rendered":"\t\t<div data-elementor-type=\"wp-post\" data-elementor-id=\"998\" class=\"elementor elementor-998\" data-elementor-post-type=\"post\">\n\t\t\t\t\t\t<section class=\"elementor-section elementor-top-section elementor-element elementor-element-223967d elementor-section-boxed elementor-section-height-default elementor-section-height-default\" data-id=\"223967d\" data-element_type=\"section\">\n\t\t\t\t\t\t<div class=\"elementor-container elementor-column-gap-default\">\n\t\t\t\t\t<div class=\"elementor-column elementor-col-100 elementor-top-column elementor-element elementor-element-f936d45\" data-id=\"f936d45\" data-element_type=\"column\">\n\t\t\t<div class=\"elementor-widget-wrap elementor-element-populated\">\n\t\t\t\t\t\t<div class=\"elementor-element elementor-element-d7bf261 elementor-widget elementor-widget-theme-post-featured-image elementor-widget-image\" data-id=\"d7bf261\" data-element_type=\"widget\" data-widget_type=\"theme-post-featured-image.default\">\n\t\t\t\t<div class=\"elementor-widget-container\">\n\t\t\t\t\t\t\t\t\t\t\t\t<figure class=\"wp-caption\">\n\t\t\t\t\t\t\t\t\t\t<img fetchpriority=\"high\" decoding=\"async\" width=\"1024\" height=\"683\" src=\"https:\/\/www.sichere-steiermark.at\/wp-content\/uploads\/2020\/10\/mazda_01-1024x683.jpg\" class=\"attachment-large size-large wp-image-999\" alt=\"\" srcset=\"https:\/\/www.sichere-steiermark.at\/wp-content\/uploads\/2020\/10\/mazda_01-1024x683.jpg 1024w, https:\/\/www.sichere-steiermark.at\/wp-content\/uploads\/2020\/10\/mazda_01-300x200.jpg 300w, https:\/\/www.sichere-steiermark.at\/wp-content\/uploads\/2020\/10\/mazda_01-768x512.jpg 768w, https:\/\/www.sichere-steiermark.at\/wp-content\/uploads\/2020\/10\/mazda_01.jpg 1200w\" sizes=\"(max-width: 1024px) 100vw, 1024px\" \/>\t\t\t\t\t\t\t\t\t\t\t<figcaption class=\"widget-image-caption wp-caption-text\">Fotos: Hersteller Mazda<\/figcaption>\n\t\t\t\t\t\t\t\t\t\t<\/figure>\n\t\t\t\t\t\t\t\t\t<\/div>\n\t\t\t\t<\/div>\n\t\t\t\t\t<\/div>\n\t\t<\/div>\n\t\t\t\t\t<\/div>\n\t\t<\/section>\n\t\t\t\t<section class=\"elementor-section elementor-top-section elementor-element elementor-element-db326cf elementor-section-boxed elementor-section-height-default elementor-section-height-default\" data-id=\"db326cf\" data-element_type=\"section\">\n\t\t\t\t\t\t<div class=\"elementor-container elementor-column-gap-default\">\n\t\t\t\t\t<div class=\"elementor-column elementor-col-100 elementor-top-column elementor-element elementor-element-1ae5fa8\" data-id=\"1ae5fa8\" data-element_type=\"column\">\n\t\t\t<div class=\"elementor-widget-wrap elementor-element-populated\">\n\t\t\t\t\t\t<div class=\"elementor-element elementor-element-a86c276 elementor-widget elementor-widget-theme-post-title elementor-page-title elementor-widget-heading\" data-id=\"a86c276\" data-element_type=\"widget\" data-widget_type=\"theme-post-title.default\">\n\t\t\t\t<div class=\"elementor-widget-container\">\n\t\t\t\t\t<h1 class=\"elementor-heading-title elementor-size-xxl\">Mazda MX-30<\/h1>\t\t\t\t<\/div>\n\t\t\t\t<\/div>\n\t\t\t\t\t<\/div>\n\t\t<\/div>\n\t\t\t\t\t<\/div>\n\t\t<\/section>\n\t\t\t\t<section class=\"elementor-section elementor-top-section elementor-element elementor-element-2a502e7 elementor-section-boxed elementor-section-height-default elementor-section-height-default\" data-id=\"2a502e7\" data-element_type=\"section\">\n\t\t\t\t\t\t<div class=\"elementor-container elementor-column-gap-default\">\n\t\t\t\t\t<div class=\"elementor-column elementor-col-100 elementor-top-column elementor-element elementor-element-ac1a1a3\" data-id=\"ac1a1a3\" data-element_type=\"column\">\n\t\t\t<div class=\"elementor-widget-wrap elementor-element-populated\">\n\t\t\t\t\t\t<div class=\"elementor-element elementor-element-d4a4c07 elementor-widget elementor-widget-text-editor\" data-id=\"d4a4c07\" data-element_type=\"widget\" data-widget_type=\"text-editor.default\">\n\t\t\t\t<div class=\"elementor-widget-container\">\n\t\t\t\t\t\t\t\t\t<h3>Elektro-Antrieb, au\u00dfergew\u00f6hnliches Design, nachhaltige Materialien und reichhaltige Serienausstattung zeichnen den Mazda MX-30 aus.<\/h3>\n<p>Das erfrischend neue Au\u00dfendesign des MX-30 ist schlicht und schn\u00f6rkellos. Auff\u00e4lligstes optisches Merkmal sind die gegenl\u00e4ufig \u00f6ffnenden Freestyle-T\u00fcren, die dem MX-30 die gewisse Portion Extravaganz verleihen. Trotz neuem, rein elektrischem Antriebskonzept ist der MX-30 in puncto Ausstattungsniveau und Fahrspa\u00df durch und durch ein Mazda. <br>Im Innenraum tr\u00e4gt der Einsatz von Recyclingmaterialien und nachwachsenden Rohstoffen wie Kork zum Nachhaltigkeitsgedanken des Elektro-SUVs bei. <br>Angetrieben wird das kompakte Crossover-SUV vom neu entwickelten Elektroantrieb namens e-Skyactiv. Der Elektromotor leistet 145 PS und hat ein Drehmoment von 270 Nm. Die Kapazit\u00e4t der 35,5 kWh starken Lithium-Ionen-Batterie bietet eine Reichweite von rund 200 Kilometern (nach WLTP kombiniert) bzw. 262 km (nach WLTP Stadt), die ebenso f\u00fcr Pendler wie f\u00fcr den Alltag ausreichend ist. <br>Zwei Ausstattungsvarianten stehen f\u00fcr den MX-30 zur Verf\u00fcgung, sie hei\u00dfen GTE und GTE+. Die Basisversion GTE gibt es abz\u00fcglich E-Mobilit\u00e4tsf\u00f6rderung bereits ab 29.590 Euro (Listenpreis 34.990 Euro minus 5.400 Euro F\u00f6rderung) und mit einem umfangreichen Paket an Assistenz- und Sicherheitssystemen serienm\u00e4\u00dfig. Diese beinhalten unter anderem Verkehrszeichenerkennung, Einparkhilfe, adaptiven Tempomaten, Spurwechsel-, Spurhalte- und Fernlichtassistenten, einen Notbremsassistenten mit Fu\u00dfg\u00e4ngererkennung sowie einen Abbiegeassistenten, der entgegenkommende Fahrzeuge beim Linksabbiegen erkennt. Mit der GTE+ Version wird die Ausstattung des MX-30 um zus\u00e4tzliche Komfort-Features wie Sitz- und Lenkradheizung, automatisch abblendbare Spiegel und ein schl\u00fcsselloses Zugangssystem erweitert.<\/p>\n<p>Umfassende Beratung erhalten Sie im Autohaus Peternel in Bad Radkersburg \u2013 inkl. Probefahrt.&nbsp;<\/p>\t\t\t\t\t\t\t\t<\/div>\n\t\t\t\t<\/div>\n\t\t\t\t\t<\/div>\n\t\t<\/div>\n\t\t\t\t\t<\/div>\n\t\t<\/section>\n\t\t\t\t<section class=\"elementor-section elementor-top-section elementor-element elementor-element-98fe777 elementor-section-boxed elementor-section-height-default elementor-section-height-default\" data-id=\"98fe777\" data-element_type=\"section\">\n\t\t\t\t\t\t<div class=\"elementor-container elementor-column-gap-default\">\n\t\t\t\t\t<div class=\"elementor-column elementor-col-50 elementor-top-column elementor-element elementor-element-c1e46b1\" data-id=\"c1e46b1\" data-element_type=\"column\">\n\t\t\t<div class=\"elementor-widget-wrap elementor-element-populated\">\n\t\t\t\t\t\t<div class=\"elementor-element elementor-element-e77cfeb elementor-widget elementor-widget-image\" data-id=\"e77cfeb\" data-element_type=\"widget\" data-widget_type=\"image.default\">\n\t\t\t\t<div class=\"elementor-widget-container\">\n\t\t\t\t\t\t\t\t\t\t\t\t<figure class=\"wp-caption\">\n\t\t\t\t\t\t\t\t\t\t<img decoding=\"async\" width=\"768\" height=\"512\" src=\"https:\/\/www.sichere-steiermark.at\/wp-content\/uploads\/2020\/10\/mazda_02-768x512.jpg\" class=\"attachment-medium_large size-medium_large wp-image-1000\" alt=\"\" srcset=\"https:\/\/www.sichere-steiermark.at\/wp-content\/uploads\/2020\/10\/mazda_02-768x512.jpg 768w, https:\/\/www.sichere-steiermark.at\/wp-content\/uploads\/2020\/10\/mazda_02-300x200.jpg 300w, https:\/\/www.sichere-steiermark.at\/wp-content\/uploads\/2020\/10\/mazda_02-1024x683.jpg 1024w, https:\/\/www.sichere-steiermark.at\/wp-content\/uploads\/2020\/10\/mazda_02.jpg 1200w\" sizes=\"(max-width: 768px) 100vw, 768px\" \/>\t\t\t\t\t\t\t\t\t\t\t<figcaption class=\"widget-image-caption wp-caption-text\">Foto: Hersteller Mazda<\/figcaption>\n\t\t\t\t\t\t\t\t\t\t<\/figure>\n\t\t\t\t\t\t\t\t\t<\/div>\n\t\t\t\t<\/div>\n\t\t\t\t\t<\/div>\n\t\t<\/div>\n\t\t\t\t<div class=\"elementor-column elementor-col-50 elementor-top-column elementor-element elementor-element-7a9dea4\" data-id=\"7a9dea4\" data-element_type=\"column\">\n\t\t\t<div class=\"elementor-widget-wrap elementor-element-populated\">\n\t\t\t\t\t\t<div class=\"elementor-element elementor-element-cd48b0a elementor-widget elementor-widget-image\" data-id=\"cd48b0a\" data-element_type=\"widget\" data-widget_type=\"image.default\">\n\t\t\t\t<div class=\"elementor-widget-container\">\n\t\t\t\t\t\t\t\t\t\t\t\t<figure class=\"wp-caption\">\n\t\t\t\t\t\t\t\t\t\t<img decoding=\"async\" width=\"768\" height=\"512\" src=\"https:\/\/www.sichere-steiermark.at\/wp-content\/uploads\/2020\/10\/mazda_03-768x512.jpg\" class=\"attachment-medium_large size-medium_large wp-image-1001\" alt=\"\" srcset=\"https:\/\/www.sichere-steiermark.at\/wp-content\/uploads\/2020\/10\/mazda_03-768x512.jpg 768w, https:\/\/www.sichere-steiermark.at\/wp-content\/uploads\/2020\/10\/mazda_03-300x200.jpg 300w, https:\/\/www.sichere-steiermark.at\/wp-content\/uploads\/2020\/10\/mazda_03-1024x683.jpg 1024w, https:\/\/www.sichere-steiermark.at\/wp-content\/uploads\/2020\/10\/mazda_03.jpg 1200w\" sizes=\"(max-width: 768px) 100vw, 768px\" \/>\t\t\t\t\t\t\t\t\t\t\t<figcaption class=\"widget-image-caption wp-caption-text\">Foto: Hersteller Mazda<\/figcaption>\n\t\t\t\t\t\t\t\t\t\t<\/figure>\n\t\t\t\t\t\t\t\t\t<\/div>\n\t\t\t\t<\/div>\n\t\t\t\t\t<\/div>\n\t\t<\/div>\n\t\t\t\t\t<\/div>\n\t\t<\/section>\n\t\t\t\t<section class=\"elementor-section elementor-top-section elementor-element elementor-element-9bea824 elementor-section-boxed elementor-section-height-default elementor-section-height-default\" data-id=\"9bea824\" data-element_type=\"section\">\n\t\t\t\t\t\t<div class=\"elementor-container elementor-column-gap-default\">\n\t\t\t\t\t<div class=\"elementor-column elementor-col-100 elementor-top-column elementor-element elementor-element-b1ed0c4\" data-id=\"b1ed0c4\" data-element_type=\"column\">\n\t\t\t<div class=\"elementor-widget-wrap elementor-element-populated\">\n\t\t\t\t\t\t<div class=\"elementor-element elementor-element-3e7092a elementor-widget-divider--view-line elementor-widget elementor-widget-divider\" data-id=\"3e7092a\" data-element_type=\"widget\" data-widget_type=\"divider.default\">\n\t\t\t\t<div class=\"elementor-widget-container\">\n\t\t\t\t\t\t\t<div class=\"elementor-divider\">\n\t\t\t<span class=\"elementor-divider-separator\">\n\t\t\t\t\t\t<\/span>\n\t\t<\/div>\n\t\t\t\t\t\t<\/div>\n\t\t\t\t<\/div>\n\t\t\t\t\t<\/div>\n\t\t<\/div>\n\t\t\t\t\t<\/div>\n\t\t<\/section>\n\t\t\t\t<section class=\"elementor-section elementor-top-section elementor-element elementor-element-0dfa11d elementor-section-boxed elementor-section-height-default elementor-section-height-default\" data-id=\"0dfa11d\" data-element_type=\"section\">\n\t\t\t\t\t\t<div class=\"elementor-container elementor-column-gap-default\">\n\t\t\t\t\t<div class=\"elementor-column elementor-col-100 elementor-top-column elementor-element elementor-element-8596ad6\" data-id=\"8596ad6\" data-element_type=\"column\">\n\t\t\t<div class=\"elementor-widget-wrap elementor-element-populated\">\n\t\t\t\t\t\t<div class=\"elementor-element elementor-element-36b52c0 elementor-align-center elementor-widget elementor-widget-button\" data-id=\"36b52c0\" data-element_type=\"widget\" data-widget_type=\"button.default\">\n\t\t\t\t<div class=\"elementor-widget-container\">\n\t\t\t\t\t\t\t\t\t<div class=\"elementor-button-wrapper\">\n\t\t\t\t\t<a class=\"elementor-button elementor-button-link elementor-size-xs\" href=\"http:\/\/www.peternel.mazda.at\" target=\"_blank\">\n\t\t\t\t\t\t<span class=\"elementor-button-content-wrapper\">\n\t\t\t\t\t\t\t\t\t<span class=\"elementor-button-text\">Autohaus Peternel<\/span>\n\t\t\t\t\t<\/span>\n\t\t\t\t\t<\/a>\n\t\t\t\t<\/div>\n\t\t\t\t\t\t\t\t<\/div>\n\t\t\t\t<\/div>\n\t\t\t\t\t<\/div>\n\t\t<\/div>\n\t\t\t\t\t<\/div>\n\t\t<\/section>\n\t\t\t\t<\/div>\n\t\t","protected":false},"excerpt":{"rendered":"<p>Elektro-Antrieb, au\u00dfergew\u00f6hnliches Design, nachhaltige Materialien und reichhaltige Serienausstattung zeichnen den Mazda MX-30 aus. Das erfrischend neue Au\u00dfendesign des MX-30 ist schlicht und schn\u00f6rkellos. Auff\u00e4lligstes optisches Merkmal sind die gegenl\u00e4ufig \u00f6ffnenden Freestyle-T\u00fcren, die dem MX-30 die gewisse Portion Extravaganz verleihen. Trotz neuem, rein elektrischem Antriebskonzept ist der MX-30 in puncto Ausstattungsniveau und Fahrspa\u00df durch und durch [&hellip;]<\/p>\n","protected":false},"author":1,"featured_media":999,"comment_status":"closed","ping_status":"open","sticky":false,"template":"","format":"standard","meta":{"ocean_post_layout":"","ocean_both_sidebars_style":"","ocean_both_sidebars_content_width":0,"ocean_both_sidebars_sidebars_width":0,"ocean_sidebar":"0","ocean_second_sidebar":"0","ocean_disable_margins":"enable","ocean_add_body_class":"","ocean_shortcode_before_top_bar":"","ocean_shortcode_after_top_bar":"","ocean_shortcode_before_header":"","ocean_shortcode_after_header":"","ocean_has_shortcode":"","ocean_shortcode_after_title":"","ocean_shortcode_before_footer_widgets":"","ocean_shortcode_after_footer_widgets":"","ocean_shortcode_before_footer_bottom":"","ocean_shortcode_after_footer_bottom":"","ocean_display_top_bar":"default","ocean_display_header":"default","ocean_header_style":"","ocean_center_header_left_menu":"0","ocean_custom_header_template":"0","ocean_custom_logo":0,"ocean_custom_retina_logo":0,"ocean_custom_logo_max_width":0,"ocean_custom_logo_tablet_max_width":0,"ocean_custom_logo_mobile_max_width":0,"ocean_custom_logo_max_height":0,"ocean_custom_logo_tablet_max_height":0,"ocean_custom_logo_mobile_max_height":0,"ocean_header_custom_menu":"0","ocean_menu_typo_font_family":"0","ocean_menu_typo_font_subset":"","ocean_menu_typo_font_size":0,"ocean_menu_typo_font_size_tablet":0,"ocean_menu_typo_font_size_mobile":0,"ocean_menu_typo_font_size_unit":"px","ocean_menu_typo_font_weight":"","ocean_menu_typo_font_weight_tablet":"","ocean_menu_typo_font_weight_mobile":"","ocean_menu_typo_transform":"","ocean_menu_typo_transform_tablet":"","ocean_menu_typo_transform_mobile":"","ocean_menu_typo_line_height":0,"ocean_menu_typo_line_height_tablet":0,"ocean_menu_typo_line_height_mobile":0,"ocean_menu_typo_line_height_unit":"","ocean_menu_typo_spacing":0,"ocean_menu_typo_spacing_tablet":0,"ocean_menu_typo_spacing_mobile":0,"ocean_menu_typo_spacing_unit":"","ocean_menu_link_color":"","ocean_menu_link_color_hover":"","ocean_menu_link_color_active":"","ocean_menu_link_background":"","ocean_menu_link_hover_background":"","ocean_menu_link_active_background":"","ocean_menu_social_links_bg":"","ocean_menu_social_hover_links_bg":"","ocean_menu_social_links_color":"","ocean_menu_social_hover_links_color":"","ocean_disable_title":"on","ocean_disable_heading":"default","ocean_post_title":"","ocean_post_subheading":"","ocean_post_title_style":"","ocean_post_title_background_color":"","ocean_post_title_background":0,"ocean_post_title_bg_image_position":"","ocean_post_title_bg_image_attachment":"","ocean_post_title_bg_image_repeat":"","ocean_post_title_bg_image_size":"","ocean_post_title_height":0,"ocean_post_title_bg_overlay":0.5,"ocean_post_title_bg_overlay_color":"","ocean_disable_breadcrumbs":"off","ocean_breadcrumbs_color":"","ocean_breadcrumbs_separator_color":"","ocean_breadcrumbs_links_color":"","ocean_breadcrumbs_links_hover_color":"","ocean_display_footer_widgets":"default","ocean_display_footer_bottom":"default","ocean_custom_footer_template":"0","osh_disable_topbar_sticky":"default","osh_disable_header_sticky":"default","osh_sticky_header_style":"default","osh_sticky_header_effect":"","osh_custom_sticky_logo":0,"osh_custom_retina_sticky_logo":0,"osh_custom_sticky_logo_height":0,"osh_background_color":"","osh_links_color":"","osh_links_hover_color":"","osh_links_active_color":"","osh_links_bg_color":"","osh_links_hover_bg_color":"","osh_links_active_bg_color":"","osh_menu_social_links_color":"","osh_menu_social_hover_links_color":"","ocean_post_oembed":"","ocean_post_self_hosted_media":"","ocean_post_video_embed":"","ocean_link_format":"","ocean_link_format_target":"self","ocean_quote_format":"","ocean_quote_format_link":"post","ocean_gallery_link_images":"off","ocean_gallery_id":[],"footnotes":""},"categories":[7],"tags":[29,58,30,31],"class_list":["post-998","post","type-post","status-publish","format-standard","has-post-thumbnail","hentry","category-autos","tag-auto","tag-e-auto","tag-mazda","tag-suv","entry","has-media"],"_links":{"self":[{"href":"https:\/\/www.sichere-steiermark.at\/index.php?rest_route=\/wp\/v2\/posts\/998","targetHints":{"allow":["GET"]}}],"collection":[{"href":"https:\/\/www.sichere-steiermark.at\/index.php?rest_route=\/wp\/v2\/posts"}],"about":[{"href":"https:\/\/www.sichere-steiermark.at\/index.php?rest_route=\/wp\/v2\/types\/post"}],"author":[{"embeddable":true,"href":"https:\/\/www.sichere-steiermark.at\/index.php?rest_route=\/wp\/v2\/users\/1"}],"replies":[{"embeddable":true,"href":"https:\/\/www.sichere-steiermark.at\/index.php?rest_route=%2Fwp%2Fv2%2Fcomments&post=998"}],"version-history":[{"count":2,"href":"https:\/\/www.sichere-steiermark.at\/index.php?rest_route=\/wp\/v2\/posts\/998\/revisions"}],"predecessor-version":[{"id":1004,"href":"https:\/\/www.sichere-steiermark.at\/index.php?rest_route=\/wp\/v2\/posts\/998\/revisions\/1004"}],"wp:featuredmedia":[{"embeddable":true,"href":"https:\/\/www.sichere-steiermark.at\/index.php?rest_route=\/wp\/v2\/media\/999"}],"wp:attachment":[{"href":"https:\/\/www.sichere-steiermark.at\/index.php?rest_route=%2Fwp%2Fv2%2Fmedia&parent=998"}],"wp:term":[{"taxonomy":"category","embeddable":true,"href":"https:\/\/www.sichere-steiermark.at\/index.php?rest_route=%2Fwp%2Fv2%2Fcategories&post=998"},{"taxonomy":"post_tag","embeddable":true,"href":"https:\/\/www.sichere-steiermark.at\/index.php?rest_route=%2Fwp%2Fv2%2Ftags&post=998"}],"curies":[{"name":"wp","href":"https:\/\/api.w.org\/{rel}","templated":true}]}}